{"id":84533,"date":"2024-07-01T09:02:51","date_gmt":"2024-07-01T07:02:51","guid":{"rendered":"https:\/\/www.area-press.eu\/comunicatistampa\/?p=84533"},"modified":"2024-07-01T09:02:51","modified_gmt":"2024-07-01T07:02:51","slug":"prosegue-con-successo-liniziativa-olivami-85-nuovi-ulivi-piantati-nel-primo-semestre-del-2024","status":"publish","type":"post","link":"https:\/\/www.area-press.eu\/comunicatistampa\/2024\/07\/01\/prosegue-con-successo-liniziativa-olivami-85-nuovi-ulivi-piantati-nel-primo-semestre-del-2024\/","title":{"rendered":"Prosegue con successo l&#8217;iniziativa Olivami: 85 nuovi ulivi piantati nel primo semestre del 2024"},"content":{"rendered":"<p style=\"text-align: center\"><b><i>ItalCredi S.p.A.<\/i><\/b><i><span style=\"font-weight: 400\">, appartenente al Gruppo Bancario La Cassa di Ravenna S.p.A., specializzata nella Cessione del Quinto e nel Prestito Personale per dipendenti e pensionati, condivide gli aggiornamenti relativi ai <\/span><\/i><b><i>certificati Olivami ottenuti<\/i><\/b><i><span style=\"font-weight: 400\">.<\/span><\/i><\/p>\n<p><span style=\"font-weight: 400\">A met\u00e0 anno, la Societ\u00e0 \u00e8 lieta di annunciare i significativi progressi dell&#8217;adesione all\u2019iniziativa <\/span><b>Olivami<\/b><span style=\"font-weight: 400\">, nata per affrontare l\u2019emergenza ambientale nel suggestivo scenario del Salento. Il progetto, dall&#8217;inizio del 2024, ha visto la consegna di ben <\/span><b>85 certificati<\/b><span style=\"font-weight: 400\">, corrispondenti alla piantumazione di altrettanti ulivi sul territorio salentino.<\/span><\/p>\n<p style=\"text-align: center\"><i><span style=\"font-weight: 400\">Le azioni benefiche<\/span><\/i><\/p>\n<p><span style=\"font-weight: 400\">Nel corso del 2024, l\u2019Azienda si \u00e8 impegnata attivamente nella promozione della sostenibilit\u00e0 ambientale attraverso l\u2019adozione di <\/span><b>oltre 200 alberi<\/b><span style=\"font-weight: 400\"> nella provincia di Lecce, creando l&#8217;<\/span><b>&#8220;Uliveto ItalCredi&#8221;<\/b><span style=\"font-weight: 400\">. Questa iniziativa mira a contrastare la diffusione del batterio della Xylella mediante un nuovo modello di olivicoltura sostenibile e partecipativa.<\/span><\/p>\n<p><span style=\"font-weight: 400\">Ogni donazione \u00e8 accompagnata da un <\/span><b>certificato inviato via e-mail<\/b><span style=\"font-weight: 400\">, attestante ufficialmente l\u2019adozione e garantendo un costante aggiornamento sui progressi del progetto, che proseguir\u00e0 negli anni successivi.\u00a0<\/span><\/p>\n<p style=\"text-align: center\"><i><span style=\"font-weight: 400\">85 certificati ottenuti<\/span><\/i><\/p>\n<p><span style=\"font-weight: 400\">Nel primo trimestre dell&#8217;anno sono stati consegnati 39 certificati, mentre nel secondo trimestre il numero \u00e8 salito a 46, per un totale di <\/span><b>85 certificati<\/b><span style=\"font-weight: 400\">. Ogni certificato rappresenta un impegno concreto dell\u2019Istituto Finanziario verso la tutela dell&#8217;ambiente e la sostenibilit\u00e0. Gli <\/span><b>85 ulivi piantati fino ad oggi<\/b><span style=\"font-weight: 400\"> sono la testimonianza tangibile del successo dell\u2019adesione a Olivami. <\/span><b>ItalCredi <\/b><span style=\"font-weight: 400\">continuer\u00e0 a monitorare e sostenere la crescita di questi ulivi, garantendo aggiornamenti regolari sui progressi e rafforzando ulteriormente il suo legame con il territorio e l\u2019ambiente.<\/span><\/p>\n<p><span style=\"font-weight: 400\">L&#8217;impegno verso la sostenibilit\u00e0 rimane una priorit\u00e0 assoluta e <\/span><b>Olivami <\/b><span style=\"font-weight: 400\">rappresenta una delle iniziative messe in campo per promuovere un impatto positivo sull\u2019ambiente. La Societ\u00e0 specializzata in <\/span><b>Cessione del Quinto<\/b><span style=\"font-weight: 400\"> e <\/span><b>Prestiti a Dipendenti e Pensionati<\/b><span style=\"font-weight: 400\"> continuer\u00e0 a lavorare per aumentare la consapevolezza ambientale e <\/span><b>incoraggiare ulteriori azioni sostenibili tra i suoi clienti e partner<\/b><span style=\"font-weight: 400\">.<\/span><\/p>\n<p><span style=\"font-weight: 400\">Per rimanere sempre aggiornato, segui <\/span><a href=\"http:\/\/www.italcredi.it\"><span style=\"font-weight: 400\">Italcredi Spa<\/span><\/a><span style=\"font-weight: 400\"> su <\/span><a href=\"https:\/\/www.linkedin.com\/company\/1032574\/admin\/\"><span style=\"font-weight: 400\">LinkedIn<\/span><\/a><span style=\"font-weight: 400\">, <\/span><a href=\"https:\/\/www.instagram.com\/italcredi\/\"><span style=\"font-weight: 400\">Instagram<\/span><\/a><span style=\"font-weight: 400\"> e <\/span><span style=\"font-weight: 400\">Facebook<\/span><span style=\"font-weight: 400\">.<\/span><\/p>\n","protected":false},"excerpt":{"rendered":"<p>ItalCredi S.p.A., appartenente al Gruppo Bancario La Cassa di Ravenna S.p.A., specializzata nella Cessione del Quinto e nel Prestito Personale per dipendenti e pensionati, condivide gli aggiornamenti relativi ai certificati Olivami ottenuti. A met\u00e0 anno, la Societ\u00e0 \u00e8 lieta di annunciare i significativi progressi dell&#8217;adesione all\u2019iniziativa Olivami, nata per affrontare l\u2019emergenza ambientale nel suggestivo scenario [&hellip;]<\/p>\n","protected":false},"author":5012,"featured_media":0,"comment_status":"open","ping_status":"open","sticky":false,"template":"","format":"standard","meta":{"footnotes":""},"categories":[7],"tags":[5748,33773,34988,33775],"class_list":["post-84533","post","type-post","status-publish","format-standard","hentry","category-economia-e-finanza","tag-cessione-del-quinto","tag-italcredi","tag-olivami","tag-prestito-personale"],"_links":{"self":[{"href":"https:\/\/www.area-press.eu\/comunicatistampa\/wp-json\/wp\/v2\/posts\/84533","targetHints":{"allow":["GET"]}}],"collection":[{"href":"https:\/\/www.area-press.eu\/comunicatistampa\/wp-json\/wp\/v2\/posts"}],"about":[{"href":"https:\/\/www.area-press.eu\/comunicatistampa\/wp-json\/wp\/v2\/types\/post"}],"author":[{"embeddable":true,"href":"https:\/\/www.area-press.eu\/comunicatistampa\/wp-json\/wp\/v2\/users\/5012"}],"replies":[{"embeddable":true,"href":"https:\/\/www.area-press.eu\/comunicatistampa\/wp-json\/wp\/v2\/comments?post=84533"}],"version-history":[{"count":1,"href":"https:\/\/www.area-press.eu\/comunicatistampa\/wp-json\/wp\/v2\/posts\/84533\/revisions"}],"predecessor-version":[{"id":84534,"href":"https:\/\/www.area-press.eu\/comunicatistampa\/wp-json\/wp\/v2\/posts\/84533\/revisions\/84534"}],"wp:attachment":[{"href":"https:\/\/www.area-press.eu\/comunicatistampa\/wp-json\/wp\/v2\/media?parent=84533"}],"wp:term":[{"taxonomy":"category","embeddable":true,"href":"https:\/\/www.area-press.eu\/comunicatistampa\/wp-json\/wp\/v2\/categories?post=84533"},{"taxonomy":"post_tag","embeddable":true,"href":"https:\/\/www.area-press.eu\/comunicatistampa\/wp-json\/wp\/v2\/tags?post=84533"}],"curies":[{"name":"wp","href":"https:\/\/api.w.org\/{rel}","templated":true}]}}