{"id":84510,"date":"2024-07-01T09:02:33","date_gmt":"2024-07-01T07:02:33","guid":{"rendered":"https:\/\/www.area-press.eu\/comunicatistampa\/?p=84510"},"modified":"2024-07-01T09:02:33","modified_gmt":"2024-07-01T07:02:33","slug":"le-vacanze-con-il-tuo-cane-come-viaggiare-sereni","status":"publish","type":"post","link":"https:\/\/www.area-press.eu\/comunicatistampa\/2024\/07\/01\/le-vacanze-con-il-tuo-cane-come-viaggiare-sereni\/","title":{"rendered":"Le vacanze con il tuo cane, come viaggiare sereni"},"content":{"rendered":"<p><span style=\"font-family: arial, helvetica, sans-serif\">Vai in viaggio con il cane? Complimenti, hai scelto la vacanza perfetta! Il tuo cane, infatti, \u00e8 senza dubbio il compagno di viaggio ideale: preparati quindi a vivere un&#8217;esperienza unica. Affinch\u00e9 nessun imprevisto spiacevole possa turbare la vostra serenit\u00e0, organizza per tempo ogni dettaglio, soprattutto in merito agli aspetti che riguardano il tuo cane.<\/span><\/p>\n<p><span style=\"font-family: arial, helvetica, sans-serif\">Non parliamo solo del bagaglio con tutti i prodotti, gli accessori e gli alimenti che fanno parte della quotidianit\u00e0 del tuo cane. La perfetta &#8220;vacanza a sei zampe&#8221; prevede infatti:<\/span><\/p>\n<p><strong><span style=\"font-family: arial, helvetica, sans-serif\">&#8211; spazi &#8220;a misura di cane&#8221;, sia sui mezzi di trasporto che nelle strutture ricettive;<\/span><\/strong><\/p>\n<p><strong><span style=\"font-family: arial, helvetica, sans-serif\">&#8211; un&#8217;apposita documentazione per viaggiare;<\/span><\/strong><\/p>\n<p><strong><span style=\"font-family: arial, helvetica, sans-serif\">&#8211; un controllo veterinario accurato, con particolare attenzione alle profilassi e alla prevenzione dei malesseri da viaggio.<\/span><\/strong><\/p>\n<p><span style=\"font-family: arial, helvetica, sans-serif\">In fase di prenotazione, assicurati sempre di scegliere alberghi e spiagge che accettano i cani. Se la trasferta avverr\u00e0 in auto, il tuo cane dovr\u00e0 viaggiare in un vano separato dall&#8217;abitacolo (con una rete o altro divisorio omologato) o in un trasportino. I viaggi in auto, soprattutto se la distanza da percorrere \u00e8 tanta, possono stancare anche i cani pi\u00f9 resistenti: prevedi quindi soste regolari per consentire al tuo cane di bere, fare i bisogni e sgranchirsi un po&#8217;. <\/span><\/p>\n<p><span style=\"font-family: arial, helvetica, sans-serif\">Per ovvi motivi di sicurezza, non lasciare mai il tuo cane da solo chiuso nell&#8217;auto in sosta. Se invece preferisci viaggiare con il cane in treno, aereo o nave, ricorda che ogni compagnia segue regole proprie in merito al trasporto degli animali domestici, quindi visiona attentamente le normative di tuo interesse prima di procedere alla prenotazione. <\/span><\/p>\n<p><span style=\"font-family: arial, helvetica, sans-serif\">Quanto ai documenti, in Italia il cane necessita del solo libretto delle vaccinazioni in regola con tutti i vaccini obbligatori e i relativi richiami; all&#8217;estero, invece, \u00e8 indispensabile esibire il Passaporto Europeo per animali da compagnia. <\/span><\/p>\n<p><span style=\"font-family: arial, helvetica, sans-serif\">Questo certificato deve essere richiesto alla ASL dietro presentazione di alcuni documenti: per ottenerlo, il tuo cane deve essere munito di microchip e regolarmente iscritto all&#8217;Anagrafe Nazionale Canina. <\/span><\/p>\n<p><span style=\"font-family: arial, helvetica, sans-serif\">In pi\u00f9, deve essere vaccinato contro la rabbia. Il rilascio non \u00e8 immediato, quindi \u00e8 consigliabile procedere alla richiesta con buon anticipo sulla data della partenza. Alcuni paesi del mondo potrebbero esigere altri certificati, quindi informati sempre scrupolosamente con i relativi consolati. <\/span><\/p>\n<p><span style=\"font-family: arial, helvetica, sans-serif\">Nei giorni che precedono immediatamente la partenza, fai visitare il tuo cane dal veterinario, cos\u00ec da assicurarti che stia bene e che sia nelle ottimali condizioni fisiche per affrontare il viaggio. In quell&#8217;occasione, sottoponi il tuo cane agli eventuali vaccini mancanti o ai richiami non ancora effettuati. Se il tuo cane \u00e8 un soggetto ansioso o delicato, chiedi al veterinario di indicarti un buon integratore per cani contro il mal d&#8217;auto, di treno, d&#8217;aria o di mare. <\/span><\/p>\n<h3><a href=\"https:\/\/www.ambvetaleandri.eu\/index.php\/blog\"><span style=\"font-family: arial, helvetica, sans-serif\">Per saperne di pi\u00f9 &gt;&gt;<\/span><\/a><\/h3>\n","protected":false},"excerpt":{"rendered":"<p>Vai in viaggio con il cane? Complimenti, hai scelto la vacanza perfetta! Il tuo cane, infatti, \u00e8 senza dubbio il compagno di viaggio ideale: preparati quindi a vivere un&#8217;esperienza unica.<\/p>\n","protected":false},"author":2944,"featured_media":0,"comment_status":"open","ping_status":"open","sticky":false,"template":"","format":"standard","meta":{"footnotes":""},"categories":[29],"tags":[19879],"class_list":["post-84510","post","type-post","status-publish","format-standard","hentry","category-comunicati","tag-vacanze-con-il-cane"],"_links":{"self":[{"href":"https:\/\/www.area-press.eu\/comunicatistampa\/wp-json\/wp\/v2\/posts\/84510","targetHints":{"allow":["GET"]}}],"collection":[{"href":"https:\/\/www.area-press.eu\/comunicatistampa\/wp-json\/wp\/v2\/posts"}],"about":[{"href":"https:\/\/www.area-press.eu\/comunicatistampa\/wp-json\/wp\/v2\/types\/post"}],"author":[{"embeddable":true,"href":"https:\/\/www.area-press.eu\/comunicatistampa\/wp-json\/wp\/v2\/users\/2944"}],"replies":[{"embeddable":true,"href":"https:\/\/www.area-press.eu\/comunicatistampa\/wp-json\/wp\/v2\/comments?post=84510"}],"version-history":[{"count":1,"href":"https:\/\/www.area-press.eu\/comunicatistampa\/wp-json\/wp\/v2\/posts\/84510\/revisions"}],"predecessor-version":[{"id":84511,"href":"https:\/\/www.area-press.eu\/comunicatistampa\/wp-json\/wp\/v2\/posts\/84510\/revisions\/84511"}],"wp:attachment":[{"href":"https:\/\/www.area-press.eu\/comunicatistampa\/wp-json\/wp\/v2\/media?parent=84510"}],"wp:term":[{"taxonomy":"category","embeddable":true,"href":"https:\/\/www.area-press.eu\/comunicatistampa\/wp-json\/wp\/v2\/categories?post=84510"},{"taxonomy":"post_tag","embeddable":true,"href":"https:\/\/www.area-press.eu\/comunicatistampa\/wp-json\/wp\/v2\/tags?post=84510"}],"curies":[{"name":"wp","href":"https:\/\/api.w.org\/{rel}","templated":true}]}}