{"id":84496,"date":"2024-07-01T09:02:25","date_gmt":"2024-07-01T07:02:25","guid":{"rendered":"https:\/\/www.area-press.eu\/comunicatistampa\/?p=84496"},"modified":"2024-07-01T09:02:25","modified_gmt":"2024-07-01T07:02:25","slug":"vacanze-37-milioni-di-italiani-resteranno-a-casa-per-ragioni-economiche","status":"publish","type":"post","link":"https:\/\/www.area-press.eu\/comunicatistampa\/2024\/07\/01\/vacanze-37-milioni-di-italiani-resteranno-a-casa-per-ragioni-economiche\/","title":{"rendered":"Vacanze: 3,7 milioni di italiani resteranno a casa per ragioni economiche"},"content":{"rendered":"<p>Sono <strong>6,5 milioni gli italiani che quest\u2019anno non andranno in vacanza<\/strong> e, fra loro, ben <strong>3,7 milioni<\/strong> hanno dichiarato che il motivo della rinuncia \u00e8 di <strong>natura economica<\/strong>; il dato arriva dall\u2019indagine commissionata da <strong>Facile.it<\/strong> a <em>mUp Research e Bilendi<\/em>.<\/p>\n<p>Tra chi non parte \u2013 si legge nell\u2019indagine realizzata su un campione rappresentativo della popolazione nazionale* \u2013 il <strong>56%<\/strong> ha per l\u2019appunto ammesso di\u00a0<strong>non poterselo permettere<\/strong> economicamente. Percentuale che arriva al 64% tra i rispondenti con et\u00e0 compresa tra i 25 e i 34 anni e tra gli over 65, mentre a livello territoriale arriva dirittura al 66% tra i residenti al Sud e nelle Isole.<\/p>\n<p>Se, sempre fra coloro che non partiranno per ragioni economiche, il <strong>47%<\/strong> ha dichiarato di essere in <strong>difficolt\u00e0 a causa dell\u2019aumento generale del costo della vita<\/strong>, tra gli over 65 la percentuale arriva addirittura al 71%.<\/p>\n<p>Il 33% di chi rester\u00e0 a casa per ragioni economiche, invece, ha detto che non partir\u00e0 a causa del <strong>rincaro dei prezzi legati alla vacanza stessa<\/strong>. In questo caso la fascia pi\u00f9 vulnerabile risulta quella degli under 25 (qui la percentuale arriva al <strong>52%<\/strong>).<\/p>\n<p>Fra le rinunce dovute a ragioni non di natura economica, secondo l\u2019indagine le principali sono <strong>l\u2019assenza di giorni di ferie<\/strong> (21%) o la necessit\u00e0 di <strong>accudire un familiare<\/strong> (10,5%) o un <strong>animale<\/strong> (13%). Da notare anche come siano ancora tanti gli <strong>indecisi<\/strong>; circa 7,7 milioni di italiani non sanno se partiranno o meno.<\/p>\n<p><strong>I prestiti per le vacanze<\/strong><\/p>\n<p>Per far pesare meno il costo della vacanza sul budget familiare, sono sempre di pi\u00f9 gli italiani che scelgono di rivolgersi ad una societ\u00e0 di credito tanto \u00e8 vero che, secondo l\u2019analisi di <a href=\"https:\/\/www.facile.it\/\"><strong>Facile.it<\/strong><\/a> e <strong>Prestiti.it<\/strong>, nei primi 5 mesi del 2024 il <strong>peso percentuale <em>delle domande<\/em><\/strong><em> di prestiti personali destinati alle vacanze \u00e8 <strong>aumentato del <\/strong><\/em><strong>9%<\/strong> rispetto allo stesso periodo del 2023.<\/p>\n<p>In base alle stime dei due portali di comparazione, quest\u2019anno sono <strong>stati erogati oltre 200 milioni<\/strong> di euro in prestiti personali destinati a coprire spese legate a viaggi e vacanze<\/p>\n<p>L\u2019analisi, realizzata su un campione di oltre 150.000 domande di finanziamento personale**, ha messo in luce che chi ha chiesto questo tipo di prestito ha cercato di ottenere, in media, <strong>5.416 euro<\/strong> da restituire in 50 rate, poco pi\u00f9 di 4 anni.<\/p>\n<p>Guardando da vicino il profilo di chi ha presentato domanda di prestito personale per pagare un viaggio, emerge chiaramente come questa tipologia di finanziamento sia particolarmente diffusa tra <strong>i giovani<\/strong>; fa capo ad un <strong>under 30 una domanda su tre<\/strong> e, in generale, l\u2019et\u00e0 media dei richiedenti \u00e8 pari a <strong>38 anni<\/strong> (in media, per le altre tipologie di prestiti personali, l\u2019et\u00e0 dei richiedenti \u00e8 pari a 44 anni).<\/p>\n<p><em><strong>\u00a0<\/strong><\/em><\/p>\n<p><em>* I<\/em><em>ndagine commissionata da Facile.it a mUp Research &#8211; svolta tra il 31 maggio ed il 7 giugno 2024 attraverso la somministrazione di n.1.035 interviste CAWI ad un campione di individui in et\u00e0 compresa fra 18 e 74 anni, rappresentativo della popolazione italiana residente sull\u2019intero territorio nazionale nell\u2019intervallo di et\u00e0 considerate.<\/em><\/p>\n<p><em>\u00a0<\/em><\/p>\n<p><em>** Analisi realizzata su un campione di oltre 150.000 richieste di prestiti personali raccolti online da Facile.it e Prestiti.it da gennaio a maggio 2023-2024.<\/em><\/p>\n","protected":false},"excerpt":{"rendered":"<p>Sono 6,5 milioni gli italiani che quest\u2019anno non andranno in vacanza e, fra loro, ben 3,7 milioni hanno dichiarato che il motivo della rinuncia \u00e8 di natura economica; il dato arriva dall\u2019indagine commissionata da Facile.it a mUp Research e Bilendi. Tra chi non parte \u2013 si legge nell\u2019indagine realizzata su un campione rappresentativo della popolazione [&hellip;]<\/p>\n","protected":false},"author":105,"featured_media":0,"comment_status":"open","ping_status":"open","sticky":false,"template":"","format":"standard","meta":{"footnotes":""},"categories":[7],"tags":[743,33359,740,12718,741],"class_list":["post-84496","post","type-post","status-publish","format-standard","hentry","category-economia-e-finanza","tag-facile-it","tag-prestiti-per-vacanze","tag-prestiti-personali","tag-prestiti-it","tag-vacanze"],"_links":{"self":[{"href":"https:\/\/www.area-press.eu\/comunicatistampa\/wp-json\/wp\/v2\/posts\/84496","targetHints":{"allow":["GET"]}}],"collection":[{"href":"https:\/\/www.area-press.eu\/comunicatistampa\/wp-json\/wp\/v2\/posts"}],"about":[{"href":"https:\/\/www.area-press.eu\/comunicatistampa\/wp-json\/wp\/v2\/types\/post"}],"author":[{"embeddable":true,"href":"https:\/\/www.area-press.eu\/comunicatistampa\/wp-json\/wp\/v2\/users\/105"}],"replies":[{"embeddable":true,"href":"https:\/\/www.area-press.eu\/comunicatistampa\/wp-json\/wp\/v2\/comments?post=84496"}],"version-history":[{"count":1,"href":"https:\/\/www.area-press.eu\/comunicatistampa\/wp-json\/wp\/v2\/posts\/84496\/revisions"}],"predecessor-version":[{"id":84497,"href":"https:\/\/www.area-press.eu\/comunicatistampa\/wp-json\/wp\/v2\/posts\/84496\/revisions\/84497"}],"wp:attachment":[{"href":"https:\/\/www.area-press.eu\/comunicatistampa\/wp-json\/wp\/v2\/media?parent=84496"}],"wp:term":[{"taxonomy":"category","embeddable":true,"href":"https:\/\/www.area-press.eu\/comunicatistampa\/wp-json\/wp\/v2\/categories?post=84496"},{"taxonomy":"post_tag","embeddable":true,"href":"https:\/\/www.area-press.eu\/comunicatistampa\/wp-json\/wp\/v2\/tags?post=84496"}],"curies":[{"name":"wp","href":"https:\/\/api.w.org\/{rel}","templated":true}]}}