{"id":83449,"date":"2024-04-16T14:37:42","date_gmt":"2024-04-16T12:37:42","guid":{"rendered":"https:\/\/www.area-press.eu\/comunicatistampa\/?p=83449"},"modified":"2024-04-16T14:37:42","modified_gmt":"2024-04-16T12:37:42","slug":"caschi-da-lavoro-u-power-protezione-e-comfort","status":"publish","type":"post","link":"https:\/\/www.area-press.eu\/comunicatistampa\/2024\/04\/16\/caschi-da-lavoro-u-power-protezione-e-comfort\/","title":{"rendered":"Caschi da lavoro U-Power. Protezione e comfort"},"content":{"rendered":"<p><em>Con U-Power Helmet l\u2019azienda leader nel settore di calzature e abbigliamento da lavoro implementa la sua offerta di dispositivi di protezione individuale di elevata qualit\u00e0.<\/em><\/p>\n<p><em>\u00a0<\/em>Dopo i nuovi modelli di guanti, promossi da un testimonial di eccezione come Charles Leclerc, il catalogo U-Power si arricchisce ulteriormente accogliendo un\u2019innovativa gamma di caschi da lavoro pronti a distinguersi per la loro eccellente capacit\u00e0 di protezione e per la massima comodit\u00e0.<\/p>\n<p><img loading=\"lazy\" decoding=\"async\" class=\"aligncenter wp-image-417666\" src=\"https:\/\/www.joyfreepress.com\/wp-content\/uploads\/2024\/04\/DSC09000_B-300x200.jpg\" alt=\"\" width=\"359\" height=\"239\" \/><\/p>\n<p><strong>Antares <\/strong>\u2013 questo il nome della nuova linea \u2013 permette di scegliere tra otto colori sgargianti e racchiude le migliori tecnologie per la protezione totale del capo, garantendo leggerezza e comfort nel rispetto dei severi requisiti di sicurezza necessari per questo tipo di DPI. Molteplici accorgimenti e dettagli funzionali rendono i caschi U-Power confortevoli e piacevoli da indossare. Dotati di barra multifunzione che protegge da detriti e agenti atmosferici e impatti frontali, sono accomunati da un\u2019ottima vestibilit\u00e0 grazie all\u2019<em>adaptive fit system<\/em> che dona confort e permettere la regolazione verticalmente e orizzontalmente. La visiera protettiva, ha un meccanismo di rotazione in quattro posizioni, \u00e8 innovativa e resistente in virt\u00f9 del sistema anti-svitamento perni brevettato, e agevole nelle operazioni di aggancio-sgancio rapido, senza viti e quindi senza usura e pezzi separati. Compatibili con tutti i tipi di cuffie antirumore, i caschi Antares sono dotati di sistema di regolazione anti-scalzamento, caratterizzato da posizione ritratta compatta, appoggio sotto-nuca regolabile in altezza, stabilit\u00e0 e comfort di calzata, grande superficie avvolgente, e dalla rotella antiscivolo. L\u2019imbottitura \u00e8 in nylon traspirante, lavabile ed intercambiabile, conforme alla norma EN 397, con spazio verticale interno per una maggiore ventilazione, e di facile posizionamento. La fascia frontale \u00e8 regolabile in tre posizioni, con imbottitura in nylon staccabile e lavabile.<\/p>\n<p><img loading=\"lazy\" decoding=\"async\" class=\"aligncenter wp-image-417667\" src=\"https:\/\/www.joyfreepress.com\/wp-content\/uploads\/2024\/04\/DSC09383-300x200.jpg\" alt=\"\" width=\"371\" height=\"247\" \/><\/p>\n<p>La calotta esterna, proposte in tinte fluo, \u00e8 realizzata in Policarbonato Lexan, materiale estremamente resistente agli urti e agli impatti, virtualmente infrangibile, con una resistenza meccanica tre volte superiore a ABS e cinque volte superiore al Polipropilene, mentre corona e rinforzo interno sono in EPS espanso. Fascia frontale, imbottiture e cinturini sono in nylon traspirante, il sottogola in similpelle. La composizione di ogni elemento \u00e8 studiata appositamente per ottenere le migliori prestazioni con la massima comodit\u00e0. Praticit\u00e0 assicurata, inoltre, dallo slot che permette l\u2019aggancio lampada, per l&#8217;illuminazione forte ed omogenea in tutto il campo visivo, dal sistema di cinturini incrociati posteriori e dal sistema di ricircolo aria nella calotta.<\/p>\n<p><img loading=\"lazy\" decoding=\"async\" class=\"aligncenter wp-image-417668\" src=\"https:\/\/www.joyfreepress.com\/wp-content\/uploads\/2024\/04\/DSC09582-300x225.jpg\" alt=\"\" width=\"372\" height=\"279\" \/><\/p>\n<p>Con i caschi U-Power l\u2019azienda di Paruzzaro compie un nuovo passo avanti per migliorare ancora di pi\u00f9 il benessere dei lavoratori.<\/p>\n<p><a href=\"http:\/\/www.u-power.it\">http:\/\/www.u-power.it<\/a><\/p>\n","protected":false},"excerpt":{"rendered":"<p>Con U-Power Helmet l\u2019azienda leader nel settore di calzature e abbigliamento da lavoro implementa la sua offerta di dispositivi di protezione individuale di elevata qualit\u00e0. \u00a0Dopo i nuovi modelli di guanti, promossi da un testimonial di eccezione come Charles Leclerc, il catalogo U-Power si arricchisce ulteriormente accogliendo un\u2019innovativa gamma di caschi da lavoro pronti a [&hellip;]<\/p>\n","protected":false},"author":56,"featured_media":0,"comment_status":"open","ping_status":"open","sticky":false,"template":"","format":"standard","meta":{"footnotes":""},"categories":[18,5,29],"tags":[10092,26500,34870,34025,786,25980],"class_list":["post-83449","post","type-post","status-publish","format-standard","hentry","category-altri-vari","category-aziendali","category-comunicati","tag-abbigliamento-da-lavoro","tag-antinfortunistica","tag-caschi-da-lavoro","tag-charles-leclerc","tag-sicurezza","tag-u-power"],"_links":{"self":[{"href":"https:\/\/www.area-press.eu\/comunicatistampa\/wp-json\/wp\/v2\/posts\/83449","targetHints":{"allow":["GET"]}}],"collection":[{"href":"https:\/\/www.area-press.eu\/comunicatistampa\/wp-json\/wp\/v2\/posts"}],"about":[{"href":"https:\/\/www.area-press.eu\/comunicatistampa\/wp-json\/wp\/v2\/types\/post"}],"author":[{"embeddable":true,"href":"https:\/\/www.area-press.eu\/comunicatistampa\/wp-json\/wp\/v2\/users\/56"}],"replies":[{"embeddable":true,"href":"https:\/\/www.area-press.eu\/comunicatistampa\/wp-json\/wp\/v2\/comments?post=83449"}],"version-history":[{"count":1,"href":"https:\/\/www.area-press.eu\/comunicatistampa\/wp-json\/wp\/v2\/posts\/83449\/revisions"}],"predecessor-version":[{"id":83450,"href":"https:\/\/www.area-press.eu\/comunicatistampa\/wp-json\/wp\/v2\/posts\/83449\/revisions\/83450"}],"wp:attachment":[{"href":"https:\/\/www.area-press.eu\/comunicatistampa\/wp-json\/wp\/v2\/media?parent=83449"}],"wp:term":[{"taxonomy":"category","embeddable":true,"href":"https:\/\/www.area-press.eu\/comunicatistampa\/wp-json\/wp\/v2\/categories?post=83449"},{"taxonomy":"post_tag","embeddable":true,"href":"https:\/\/www.area-press.eu\/comunicatistampa\/wp-json\/wp\/v2\/tags?post=83449"}],"curies":[{"name":"wp","href":"https:\/\/api.w.org\/{rel}","templated":true}]}}