{"id":8344,"date":"2016-04-01T15:56:07","date_gmt":"2016-04-01T13:56:07","guid":{"rendered":"http:\/\/www.area-press.eu\/comunicatistampa\/?p=8344"},"modified":"2016-04-01T15:56:07","modified_gmt":"2016-04-01T13:56:07","slug":"veltro-personale-di-pittura-di-virginia-sifoni","status":"publish","type":"post","link":"https:\/\/www.area-press.eu\/comunicatistampa\/2016\/04\/01\/veltro-personale-di-pittura-di-virginia-sifoni\/","title":{"rendered":"VELTRO Personale di Pittura di Virginia Sifoni"},"content":{"rendered":"<div id=\":lu\" class=\"ii gt m153c94231ebc2020 adP adO\">\n<div id=\":lv\" class=\"a3s\">\n<p dir=\"ltr\" style=\"text-align: center\"><strong>Virginia Sifoni<\/strong> nasce a Grosseto il 17\/03\/73.<br \/>\nIl padre, amante dell\u2019arte e pittore autodidatta, trasmette alla figlia la passione per tutto ci\u00f2 che \u00e8 creativo.<br \/>\nPer questo frequenta il liceo artistico Pietro Alsi di Grosseto e successivamente decide di trasferirsi a Roma per vivere l\u2019arte studiando all\u2019 Accademia delle Belle Arti.<br \/>\nHa vissuto tra Roma e la Toscana, partecipando a varie collettive.<br \/>\nLa sua arte girovaga senza meta fino al giorno in cui incontra i levrieri.<br \/>\nE da qui nasce una folle energia creativa fatta di amore, di linee, di occhioni. Virginia rimane fortemente colpita e affascinata da queste creature tanto da dipingerle come se non ci fosse un domani e da vivere ogni giorno con dieci levrieri.<br \/>\n\u201c Mi piace disegnarli, farli correre sul foglio, non statici, non finiti perch\u00e9 loro sono liberi\u2026loro sono\u00a0 figli del vento e non posso inquadrarli in geometrie perfette e convenzionali. Da qui nascono le tele con i &#8220;tagli&#8221; strani\u2026visti a met\u00e0, figure in un angolo e la tela libera\u2026devono muoversi la dentro\u2026 \u201c<\/p>\n<p dir=\"ltr\" style=\"text-align: center\">*******<\/p>\n<p dir=\"ltr\" style=\"text-align: center\">Virginia Sifoni nasce a Grosseto il 17.03.73, si forma in un ambiente carico di spunti artistici dati dal padre pittore e si former\u00e0 al Liceo artistico ed in seguito all\u2019 Accademia di Belle Arti a Roma. Concentra larga parte della sua produzione pittorica alla realizzazione di splendide tele raffiguranti levrieri dai quali\u00a0 \u00e8 profondamente attratta, possedendone parecchi esemplari e vivendo simbioticamente con loro.<br \/>\nIl quotidiano della Sifoni si mescola cosi ad un&#8217; immaginifico lontano, entro il quale i Veltri sono protagonisti assoluti, apparendo a loro volta mai statici , ma spaziando sulla tela come liberi, in continuo movimento grazie alla lucida intuizione dell\u2019artista di scontornare a suo piacere l\u2019immagine creando espedienti grafici di grande impatto visivo. Mescola all&#8217; olio di Lino, il gesso, la foglia oro, la tempera, l&#8217; acrilico, la lana rompendo la convenzionalit\u00e0 della pittura che nel suo mondo si fa contrasto e provocazione esaltando le caratteristiche caratteriali del Levriero con forza, grazie anche all\u2019uso di toni forti come il Carminio. La pittura della Sifoni \u00e8 un fluire di sentimenti che rimbalzano dal pennello alla tavolozza, antitetici e geniali. I veltri si osservano da vicino nella loro forma pi\u00f9 sincera e spirituale, come a spiarne con una lente l\u2019animo. Senza sbavature e senza orpelli.\u00a0 Senza null\u2019altro che verit\u00e0. Il tratto \u00e8 deciso, fiero, ma reso con morbida intimit\u00e0, la Sifoni propone una personale di sicuro interesse artistico che non mente all\u2019occhio di chi osserva, permettendo a tutti di cogliere la seduzione e\u00a0 l\u2019autentico\u00a0 magnetismo di una\u00a0 creatura cosi mitica e misteriosa.<\/p>\n<p dir=\"ltr\" style=\"text-align: center\"><em>Byron<\/em><\/p>\n<div class=\"yj6qo\" style=\"text-align: center\"><\/div>\n<\/div>\n<\/div>\n<div id=\":13w\" class=\"hq gt\" style=\"text-align: center\"><\/div>\n","protected":false},"excerpt":{"rendered":"<p>Virginia Sifoni nasce a Grosseto il 17\/03\/73. Il padre, amante dell\u2019arte e pittore autodidatta, trasmette alla figlia la passione per tutto ci\u00f2 che \u00e8 creativo. Per questo frequenta il liceo artistico Pietro Alsi di Grosseto e successivamente decide di trasferirsi a Roma per vivere l\u2019arte studiando all\u2019 Accademia delle Belle Arti. Ha vissuto tra Roma [&hellip;]<\/p>\n","protected":false},"author":2719,"featured_media":0,"comment_status":"open","ping_status":"open","sticky":false,"template":"","format":"standard","meta":{"footnotes":""},"categories":[29],"tags":[],"class_list":["post-8344","post","type-post","status-publish","format-standard","hentry","category-comunicati"],"_links":{"self":[{"href":"https:\/\/www.area-press.eu\/comunicatistampa\/wp-json\/wp\/v2\/posts\/8344","targetHints":{"allow":["GET"]}}],"collection":[{"href":"https:\/\/www.area-press.eu\/comunicatistampa\/wp-json\/wp\/v2\/posts"}],"about":[{"href":"https:\/\/www.area-press.eu\/comunicatistampa\/wp-json\/wp\/v2\/types\/post"}],"author":[{"embeddable":true,"href":"https:\/\/www.area-press.eu\/comunicatistampa\/wp-json\/wp\/v2\/users\/2719"}],"replies":[{"embeddable":true,"href":"https:\/\/www.area-press.eu\/comunicatistampa\/wp-json\/wp\/v2\/comments?post=8344"}],"version-history":[{"count":1,"href":"https:\/\/www.area-press.eu\/comunicatistampa\/wp-json\/wp\/v2\/posts\/8344\/revisions"}],"predecessor-version":[{"id":8345,"href":"https:\/\/www.area-press.eu\/comunicatistampa\/wp-json\/wp\/v2\/posts\/8344\/revisions\/8345"}],"wp:attachment":[{"href":"https:\/\/www.area-press.eu\/comunicatistampa\/wp-json\/wp\/v2\/media?parent=8344"}],"wp:term":[{"taxonomy":"category","embeddable":true,"href":"https:\/\/www.area-press.eu\/comunicatistampa\/wp-json\/wp\/v2\/categories?post=8344"},{"taxonomy":"post_tag","embeddable":true,"href":"https:\/\/www.area-press.eu\/comunicatistampa\/wp-json\/wp\/v2\/tags?post=8344"}],"curies":[{"name":"wp","href":"https:\/\/api.w.org\/{rel}","templated":true}]}}