{"id":82610,"date":"2024-03-11T15:20:36","date_gmt":"2024-03-11T14:20:36","guid":{"rendered":"https:\/\/www.area-press.eu\/comunicatistampa\/?p=82610"},"modified":"2024-03-11T15:22:40","modified_gmt":"2024-03-11T14:22:40","slug":"labanti-e-nanni-daniele-del-gallo-e-il-nuovo-direttore-vendite","status":"publish","type":"post","link":"https:\/\/www.area-press.eu\/comunicatistampa\/2024\/03\/11\/labanti-e-nanni-daniele-del-gallo-e-il-nuovo-direttore-vendite\/","title":{"rendered":"Labanti e Nanni: Daniele Del Gallo \u00e8 il nuovo Direttore Vendite"},"content":{"rendered":"<p>Anzola Emilia (Bo), 7 marzo 2024 \u2013 Labanti e Nanni Industrie Grafiche e Cartotecniche consolida la propria struttura organizzativa, affidando a Daniele Del Gallo il ruolo di Direttore Vendite.<\/p>\n<p>Del Gallo, che riporter\u00e0 ad Andrea Fanti, AD e Direttore Commerciale di Labanti e Nanni, si occuper\u00e0 di definire e attuare le strategie commerciali identificando opportunit\u00e0 di mercato e nuove aree di business ritenute rilevanti per sostenere il piano di crescita aziendale.<\/p>\n<p>Classe 1978, laureato in Marketing e Comunicazione d\u2019Impresa con un Master in Business Administration, Del Gallo ha maturato una ventennale esperienza professionale lavorando in importanti realt\u00e0 operanti sia nel mercato italiano che a livello internazionale. Dal 2018 \u00e8 stato Key Account Manager\/Project Manager di uno dei principali gruppi italiani nel settore del packaging.<\/p>\n<p>In precedenza, il manager ha perfezionato le competenze di gestione aziendale lavorando nella Direzione Commerciale di DGE S.r.l., dove era entrato nel 2012 con il ruolo di Project Manager del protocollo Green Printing. Dal 2007 al 2011 ha assunto il ruolo di Direttore Commerciale in una realt\u00e0 internazionale del settore multimediale.<\/p>\n<p>Del Gallo \u00e8 anche giornalista pubblicista. Ha infatti iniziato il proprio percorso professionale come giornalista all\u2019interno di Confindustria, Area Formazione ed Orientamento, gestendo la comunicazione e coordinando diversi progetti redazionali. Successivamente si \u00e8 occupato di media relations e servizi editoriali per l\u2019agenzia di comunicazione Del Gallo fondata a Spoleto.<em>\u00a0<\/em><\/p>\n<p><em>\u201cSono entusiasta di entrare a far parte di Labanti e Nanni, un\u2019azienda che ho sempre ammirato per la grande capacit\u00e0 di presidio strategico del mercato<\/em> \u2013 ha commentato <strong>Daniele Del Gallo<\/strong> &#8211; <em>Il<\/em> <em>mio compito \u00e8 continuare a sviluppare e implementare quanto fino ad oggi avviato, monitorando con puntualit\u00e0, insieme al mio staff, i segnali provenienti da un mercato instabile e nervoso. Oggi pi\u00f9 che mai, la reattivit\u00e0 \u00e8 la stella polare da seguire per continuare a essere il punto di riferimento nel panorama del packaging cartaceo nazionale. Voglio ringraziare la propriet\u00e0 e la direzione per la profonda fiducia che il mio incarico presuppone<\/em>\u201d.<em>\u00a0<\/em><\/p>\n<p><em>\u201cDel Gallo ha entusiasmo, passione, esperienza, leadership e una visione strategica adatta a svolgere un ruolo chiave nella nostra azienda<\/em> &#8211; ha sottolineato <strong>Andrea Fanti<\/strong>, AD e Direttore Commerciale di Labanti e Nanni &#8211;<em> Siamo certi che grazie alle sue elevate competenze, unite a uno slancio motivazionale focalizzato sui risultati, sapr\u00e0 imprimere un importante accelerazione al nostro percorso di sviluppo, centrando nuovi importanti risultati\u201d. <\/em><\/p>\n","protected":false},"excerpt":{"rendered":"<p>Anzola Emilia (Bo), 7 marzo 2024 \u2013 Labanti e Nanni Industrie Grafiche e Cartotecniche consolida la propria struttura organizzativa, affidando a Daniele Del Gallo il ruolo di Direttore Vendite. Del Gallo, che riporter\u00e0 ad Andrea Fanti, AD e Direttore Commerciale di Labanti e Nanni, si occuper\u00e0 di definire e attuare le strategie commerciali identificando opportunit\u00e0 [&hellip;]<\/p>\n","protected":false},"author":1326,"featured_media":0,"comment_status":"open","ping_status":"open","sticky":false,"template":"","format":"standard","meta":{"footnotes":""},"categories":[18,5,29],"tags":[],"class_list":["post-82610","post","type-post","status-publish","format-standard","hentry","category-altri-vari","category-aziendali","category-comunicati"],"_links":{"self":[{"href":"https:\/\/www.area-press.eu\/comunicatistampa\/wp-json\/wp\/v2\/posts\/82610","targetHints":{"allow":["GET"]}}],"collection":[{"href":"https:\/\/www.area-press.eu\/comunicatistampa\/wp-json\/wp\/v2\/posts"}],"about":[{"href":"https:\/\/www.area-press.eu\/comunicatistampa\/wp-json\/wp\/v2\/types\/post"}],"author":[{"embeddable":true,"href":"https:\/\/www.area-press.eu\/comunicatistampa\/wp-json\/wp\/v2\/users\/1326"}],"replies":[{"embeddable":true,"href":"https:\/\/www.area-press.eu\/comunicatistampa\/wp-json\/wp\/v2\/comments?post=82610"}],"version-history":[{"count":1,"href":"https:\/\/www.area-press.eu\/comunicatistampa\/wp-json\/wp\/v2\/posts\/82610\/revisions"}],"predecessor-version":[{"id":82611,"href":"https:\/\/www.area-press.eu\/comunicatistampa\/wp-json\/wp\/v2\/posts\/82610\/revisions\/82611"}],"wp:attachment":[{"href":"https:\/\/www.area-press.eu\/comunicatistampa\/wp-json\/wp\/v2\/media?parent=82610"}],"wp:term":[{"taxonomy":"category","embeddable":true,"href":"https:\/\/www.area-press.eu\/comunicatistampa\/wp-json\/wp\/v2\/categories?post=82610"},{"taxonomy":"post_tag","embeddable":true,"href":"https:\/\/www.area-press.eu\/comunicatistampa\/wp-json\/wp\/v2\/tags?post=82610"}],"curies":[{"name":"wp","href":"https:\/\/api.w.org\/{rel}","templated":true}]}}