{"id":80264,"date":"2023-10-20T23:12:48","date_gmt":"2023-10-20T21:12:48","guid":{"rendered":"https:\/\/www.area-press.eu\/comunicatistampa\/?p=80264"},"modified":"2023-10-20T23:28:21","modified_gmt":"2023-10-20T21:28:21","slug":"comunicato-stampa-de-lab-spada-media-group-lutech-e-tesla-insieme-alla-milano-digital-week-2023","status":"publish","type":"post","link":"https:\/\/www.area-press.eu\/comunicatistampa\/2023\/10\/20\/comunicato-stampa-de-lab-spada-media-group-lutech-e-tesla-insieme-alla-milano-digital-week-2023\/","title":{"rendered":"COMUNICATO STAMPA &#8211; De-LAB, Spada Media Group, Lutech e Tesla insieme alla Milano Digital Week 2023"},"content":{"rendered":"<p><span style=\"font-weight: 400\">Milano, 17 ottobre 2023 &#8211; De-LAB, Spada Media Group e Tesla hanno partecipato alla <\/span><b>Milano Digital Week 2023<\/b><span style=\"font-weight: 400\">, kermesse dedicata all&#8217;innovazione tecnologica, all&#8217;economia sostenibile e alle politiche partecipative, promuovendo uno speciale evento sulla comunicazione sostenibile al quale ha partecipato, portando la propria esperienza diretta, <\/span><b>Lutech Spa<\/b><span style=\"font-weight: 400\">.<\/span><\/p>\n<p><span style=\"font-weight: 400\">La sesta edizione di Milano Digital Week ha fatto un salto di maturit\u00e0, di pubblico e di contributi da parte di quasi 200 relatori, con oltre 400 eventi tenutisi all\u2019interno della manifestazione raggiungendo un <\/span><b>pubblico di oltre 13 mila persone<\/b><span style=\"font-weight: 400\">.<\/span><\/p>\n<p><span style=\"font-weight: 400\">In linea con il tema \u201cSviluppo dei limiti\u201d e partendo dalla crescente consapevolezza globale dei limiti ambientali, sociali ed economici che stanno ridefinendo il nostro mondo <\/span><b>De<\/b><b>-LAB, Spada Media Group e Tesla<\/b><span style=\"font-weight: 400\"> hanno deciso di presentare per l\u2019occasione <\/span><span style=\"font-weight: 400\">un evento dedicato dal titolo <\/span><i><span style=\"font-weight: 400\">&#8220;<\/span><\/i><b>L\u2019importanza del dato digitale nei percorsi di sostenibilit\u00e0. Strategie e processi di raccolta e condivisione delle performance<\/b><i><span style=\"font-weight: 400\">&#8220;. <\/span><\/i><span style=\"font-weight: 400\">Tra le tre aziende protagoniste che hanno portato la propria esperienza concreta sul tema: <\/span><b>Lutech<\/b><span style=\"font-weight: 400\">, <\/span><b>Delcon e Hotels Fly.<\/b><\/p>\n<p><span style=\"font-weight: 400\">Il talk ha affrontato il tema della <\/span><b>costruzione di un processo di raccolta dati ESG efficace ed efficiente <\/b><span style=\"font-weight: 400\">all&#8217;interno di organizzazioni complesse come le aziende. I dati ESG sono informazioni sulle performance ambientali, sociali e di governance di un&#8217;azienda o entit\u00e0 finanziaria, utili per valutare l&#8217;impatto e l&#8217;etica delle imprese. In particolare, si sono discussi i passaggi fondamentali della raccolta dati rivolta alla stesura dei Report di Sostenibilit\u00e0, approfondendo il ruolo del digitale e del rapporto con le attivit\u00e0 di engagement del personale e degli stakeholder esterni. Sono stati illustrati alcuni casi concreti e storie vincenti di condivisione dei dati ESG e di ideazione di processi efficienti di monitoraggio della raccolta, attuati da aziende che si sono affidate a De-LAB nel corso degli anni. Fra gli ospiti intervenuti durante la conferenza: <\/span><b>Elena Cortese<\/b><span style=\"font-weight: 400\">, Compliance Officer di Lutech Spa; <\/span><b>Vito Ria<\/b><span style=\"font-weight: 400\">, Direttore Generale di <\/span><b>Hotels Fly<\/b><span style=\"font-weight: 400\">; <\/span><b>Federico Piccinini<\/b><span style=\"font-weight: 400\">, Head of Design &amp; Innovation Pipeline Project Manager, <\/span><b>Delcon srl.<\/b><\/p>\n<p><span style=\"font-weight: 400\">A moderare il dibattito, <\/span><b>Lucia Dal Negro<\/b><span style=\"font-weight: 400\">, fondatrice di <\/span><b>De-LAB<\/b><span style=\"font-weight: 400\">:<\/span><i><span style=\"font-weight: 400\"> \u201cPer questa edizione della Milano Digital Week abbiamo progettato un incontro che esplora il legame tra strumenti digitali e processi di raccolta dati ESG. Questa sfida non \u00e8 da sottovalutare, perch\u00e9 non sempre risulta semplice come bilanciare la modellizzazione con le pratiche concrete. Negli anni, abbiamo sviluppato prassi e metodi per le imprese che devono dare valore ai dati digitali all\u2019interno di scenari ESG. Infatti, aziende come Lutech, Hotels Fly e Delcon non dipendono esclusivamente dai dati, ma li utilizzano in modo strategico: questo comporta una notevole differenza in termini di sostenibilit\u00e0 perch\u00e9 impone una riflessione in termini di limiti, efficientamento delle informazioni e cooperazione tra uffici diversi. A nome anche di Spada Media Group e Tesla desideriamo ringraziarle per aver accettato la nostra sfida e il nostro invito.\u201d<\/span><\/i><i><span style=\"font-weight: 400\">\u00a0<\/span><\/i><\/p>\n<p><b>Lucia Dal Negro <\/b><span style=\"font-weight: 400\">dirige il team di<\/span><b> De-LAB<\/b><span style=\"font-weight: 400\">, Societ\u00e0 Benefit e B-CORP\u2122 certificata, fondata nel 2014. <\/span><b>De-LAB<\/b><span style=\"font-weight: 400\"> progetta e realizza iniziative, ricerche e consulenze nei settori della Sostenibilit\u00e0, Responsabilit\u00e0 Sociale d\u2019Impresa e Cooperazione allo Sviluppo, rivolgendosi ad attori profit disposti ad investire in modelli di business innovativi e responsabili. Gli obiettivi di De-LAB sono l\u2019innovazione sociale, la co-progettazione con attori vulnerabili e la generazione di ecosistemi per lo sviluppo sostenibile, in linea con i valori della Purpose Economy e, in particolare, il Sustainable Development Goal 17.<\/span><\/p>\n<p><i><span style=\"font-weight: 400\">\u201c\u00c8 importante trovare un equilibrio tra l&#8217;utilizzo dei dati digitali e i processi manuali perch\u00e9 le aziende cambiano continuamente e ci\u00f2 comporta la necessit\u00e0 di adattare i perimetri aziendali alle novit\u00e0.<\/span><\/i><span style=\"font-weight: 400\"> &#8211; ha dichiarato <\/span><b>Elena Cortese, <\/b><span style=\"font-weight: 400\">Compliance Officer di <\/span><b>Lutech Spa<\/b><span style=\"font-weight: 400\"> &#8211;\u00a0 <\/span><i><span style=\"font-weight: 400\">Mentre \u00e8 possibile automatizzare la gestione dei dati nell&#8217;area ambientale, l&#8217;area sociale spesso richiede dati pi\u00f9 qualitativi che possono essere difficili da digitalizzare con metriche quantitative. Ogni settore e ogni azienda hanno le proprie specificit\u00e0, legate al contesto in cui operano, che richiedono una personalizzazione dei dati, ma questa personalizzazione non potr\u00e0 essere infinita. Inoltre, i cambiamenti delle normative propri di questi anni ci richiedono flessibilit\u00e0 nella raccolta dei dati e relazioni umane tra chi li gestisce e chi li colleziona, per una migliore comprensione degli stessi.\u201d<\/span><\/i><\/p>\n<p><span style=\"font-weight: 400\">Il <\/span><b>Gruppo Lutech<\/b><span style=\"font-weight: 400\"> \u00e8 tra i top player in Italia nel settore della consulenza e dell&#8217;integrazione di soluzioni tecnologiche, con l&#8217;obiettivo di guidare la trasformazione digitale e promuovere l&#8217;innovazione e la crescita nelle imprese. Grazie ad una vasta gamma di servizi e soluzioni personalizzate, Lutech supporta le aziende nella loro transizione verso modelli di business pi\u00f9 agili tramite soluzioni tecnologiche all&#8217;avanguardia che consentono alle imprese di ridurre l&#8217;impatto ambientale, ottimizzare le risorse e promuovere la sostenibilit\u00e0 globale.<\/span><\/p>\n<p><i><span style=\"font-weight: 400\">\u201cQuesto evento \u00e8 stata un&#8217;opportunit\u00e0 straordinaria per incontrarsi e discutere dei temi della comunicazione digitale e sociale, condividendo le migliori pratiche e consigli derivanti dall\u2019esperienza con le varie aziende. &#8211; <\/span><\/i><span style=\"font-weight: 400\">commenta<\/span> <b>Lara Ricciotti,<\/b><span style=\"font-weight: 400\"> COO &amp; Founder di <\/span><b>Spada Media Group<\/b><span style=\"font-weight: 400\"> &#8211; <\/span><i><span style=\"font-weight: 400\">Abbiamo voluto dedicarci alla riflessione sulle sfide della sostenibilit\u00e0 in modo serio e concreto. Desideriamo ringraziare <\/span><\/i><b><i>De-LAB <\/i><\/b><i><span style=\"font-weight: 400\">per la collaborazione nella realizzazione di questo importante evento; <\/span><\/i><b><i>Lutech Spa <\/i><\/b><i><span style=\"font-weight: 400\">e le altre aziende che si sono messe in gioco con noi, e ovviamente <\/span><\/i><b><i>Tesla<\/i><\/b><i><span style=\"font-weight: 400\">, per la partnership strategica di questi anni&#8221;.<\/span><\/i><\/p>\n<p><b>Spada Media Group<\/b><span style=\"font-weight: 400\">, agenzia di comunicazione, marketing &amp; advertising opera sia come centro media sia come societ\u00e0 di consulenza e digital agency. Dal 2023 ha avviato un\u2019importante collaborazione con il team di specialisti di De-LAB, diventando cos\u00ec ancora pi\u00f9 strutturata e verticale nell\u2019ambito della comunicazione sociale, approfondendo nuovi strumenti e maggiori competenze nello sviluppo di campagne efficaci con soluzioni innovative e sostenibili.<\/span><span style=\"font-weight: 400\">\u00a0<\/span><\/p>\n<p><span style=\"font-weight: 400\">L\u2019evento si \u00e8 tenuto nella cornice futurista dello showroom Tesla di Piazza Gae Aulenti:<\/span><i><span style=\"font-weight: 400\"> &#8220;Tesla non poteva certo mancare alla Milano Digital Week per condividere quella che \u00e8 l&#8217;esperienza del nostro brand nel campo della sostenibilit\u00e0 e dell&#8217;innovazione tecnologica.\u00a0 <\/span><\/i><span style=\"font-weight: 400\">&#8211; ha commentato <\/span><b>Antonio Nicita<\/b><span style=\"font-weight: 400\">, Account Manager Milano Store di <\/span><b>Tesla<\/b><span style=\"font-weight: 400\"> &#8211; <\/span><i><span style=\"font-weight: 400\">Essendo fra i maggiori promotori della mobilit\u00e0 elettrica nel mondo, crediamo che i dati ESG siano fondamentali per valutare l&#8217;impatto delle nostre azioni. Spero che questo talk abbia contribuito a promuovere la consapevolezza e l&#8217;adozione di pratiche sostenibili all&#8217;interno delle aziende e ancora di pi\u00f9 nel campo della mobilit\u00e0.&#8221;<\/span><\/i><\/p>\n<p><b>Tesla<\/b><span style=\"font-weight: 400\">, azienda leader nel settore automobilistico fondata nel 2003, ha tra i propri obiettivi quello di accelerare la transizione verso l&#8217;energia pulita, riducendo l&#8217;impatto ambientale e promuovendo la sostenibilit\u00e0 globale. Nota per la produzione di veicoli elettrici ad alte prestazioni, che combinano design innovativo, tecnologia avanzata e zero emissioni, l\u2019azienda \u00e8 da sempre in prima linea per promuovere il cambiamento verso un futuro pi\u00f9 sostenibile.<\/span><\/p>\n<p><span style=\"font-weight: 400\">\u00a0<\/span><\/p>\n<p><span style=\"font-weight: 400\">Per scaricare le <\/span><b>foto dell\u2019evento<\/b><span style=\"font-weight: 400\">,<\/span><a href=\"https:\/\/drive.google.com\/drive\/folders\/1atpKtdKJue7Qjp-Rqb43r7fBA41M7_AD?usp=sharing\"> <span style=\"font-weight: 400\">clicca qui<\/span><\/a><span style=\"font-weight: 400\">.<\/span><\/p>\n<p><b>\u00a0<\/b><\/p>\n","protected":false},"excerpt":{"rendered":"<p>Milano, 17 ottobre 2023 &#8211; De-LAB, Spada Media Group e Tesla hanno partecipato alla Milano Digital Week 2023, kermesse dedicata all&#8217;innovazione tecnologica, all&#8217;economia sostenibile e alle politiche partecipative, promuovendo uno speciale evento sulla comunicazione sostenibile al quale ha partecipato, portando la propria esperienza diretta, Lutech Spa. La sesta edizione di Milano Digital Week ha fatto [&hellip;]<\/p>\n","protected":false},"author":5423,"featured_media":0,"comment_status":"open","ping_status":"open","sticky":false,"template":"","format":"standard","meta":{"footnotes":""},"categories":[8],"tags":[34454],"class_list":["post-80264","post","type-post","status-publish","format-standard","hentry","category-eventi","tag-milano-digital-week-2023"],"_links":{"self":[{"href":"https:\/\/www.area-press.eu\/comunicatistampa\/wp-json\/wp\/v2\/posts\/80264","targetHints":{"allow":["GET"]}}],"collection":[{"href":"https:\/\/www.area-press.eu\/comunicatistampa\/wp-json\/wp\/v2\/posts"}],"about":[{"href":"https:\/\/www.area-press.eu\/comunicatistampa\/wp-json\/wp\/v2\/types\/post"}],"author":[{"embeddable":true,"href":"https:\/\/www.area-press.eu\/comunicatistampa\/wp-json\/wp\/v2\/users\/5423"}],"replies":[{"embeddable":true,"href":"https:\/\/www.area-press.eu\/comunicatistampa\/wp-json\/wp\/v2\/comments?post=80264"}],"version-history":[{"count":1,"href":"https:\/\/www.area-press.eu\/comunicatistampa\/wp-json\/wp\/v2\/posts\/80264\/revisions"}],"predecessor-version":[{"id":80265,"href":"https:\/\/www.area-press.eu\/comunicatistampa\/wp-json\/wp\/v2\/posts\/80264\/revisions\/80265"}],"wp:attachment":[{"href":"https:\/\/www.area-press.eu\/comunicatistampa\/wp-json\/wp\/v2\/media?parent=80264"}],"wp:term":[{"taxonomy":"category","embeddable":true,"href":"https:\/\/www.area-press.eu\/comunicatistampa\/wp-json\/wp\/v2\/categories?post=80264"},{"taxonomy":"post_tag","embeddable":true,"href":"https:\/\/www.area-press.eu\/comunicatistampa\/wp-json\/wp\/v2\/tags?post=80264"}],"curies":[{"name":"wp","href":"https:\/\/api.w.org\/{rel}","templated":true}]}}