{"id":7996,"date":"2016-03-23T14:07:29","date_gmt":"2016-03-23T13:07:29","guid":{"rendered":"http:\/\/www.area-press.eu\/comunicatistampa\/?p=7996"},"modified":"2016-03-23T14:07:29","modified_gmt":"2016-03-23T13:07:29","slug":"giro-lago-di-resia-in-val-venosta-il-pacco-gara-porta-il-tuo-nome","status":"publish","type":"post","link":"https:\/\/www.area-press.eu\/comunicatistampa\/2016\/03\/23\/giro-lago-di-resia-in-val-venosta-il-pacco-gara-porta-il-tuo-nome\/","title":{"rendered":"GIRO LAGO DI RESIA IN VAL VENOSTA: IL PACCO GARA PORTA IL TUO NOME"},"content":{"rendered":"<p>Il 16 luglio andr\u00e0 il scena il Giro Lago di Resia<\/p>\n<p>Partenza ed arrivo a Curon (BZ) lungo 15.3 km di corsa<\/p>\n<p>Anche bambini, atleti disabili e \u2018nordic walkers\u2019 avranno una loro gara<\/p>\n<p>Gerald Burger guarda gi\u00e0 all\u2019edizione del ventennale<\/p>\n<p>&nbsp;<\/p>\n<p>&nbsp;<\/p>\n<p>Il Giro Lago di Resia \u00e8 una manifestazione podistica dal fascino particolare e, in occasione della diciassettesima edizione del 16 luglio, il comitato organizzatore dell\u2019Asv Rennerclub Vinschgau Raiffeisen sfoderer\u00e0 un pacco gara all\u2019insegna della personalizzazione, contenente, per chi s\u2019iscriver\u00e0 entro il 10 luglio, un pettorale stampato con il nome personale dell\u2019atleta, una maglia tecnica, appetitosi prodotti locali quali mele delle pi\u00f9 pregiate variet\u00e0, yogurt Mila, biscotti Loacker e Dr. Sch\u00e4r, oltre a benefit relativi alla gara come un massaggio gratuito, accesso a spogliatoi e docce, ristori durante e dopo lo svolgimento della contesa, diploma di partecipazione, parcheggio e servizio di cronometraggio attraverso un chip inserito nel pettorale.<\/p>\n<p>Le iscrizioni per essere fra i prossimi concorrenti della manifestazione altoatesina sono gi\u00e0 a disposizione e al costo di 32 euro ci si potr\u00e0 assicurare questo fornito pacco gara ed un posizionamento a piacimento in griglia.<\/p>\n<p>La sfida principale percorrer\u00e0 tutto il perimetro del Lago di Resia, lungo 15.3 km che offriranno una vista impagabile, quella della cima del vecchio campanile di Curon che emerge dalle acque, una struttura risalente al 1357. Gli appassionati potranno inoltre scorgere l\u2019Ortles, l\u2019imponente ghiacciaio altoatesino che si erge a 3.905 metri. La localit\u00e0 di Curon costituir\u00e0 inoltre la partenza e l\u2019arrivo della competizione.<\/p>\n<p>Una gara dalla \u2018libera scelta\u2019, poich\u00e9 i partecipanti potranno decidere liberamente in quale blocco posizionarsi a seconda del proprio livello di preparazione. I blocchi saranno cinque, e partiranno ad una distanza di sei minuti l\u2019uno dall\u2019altro, dalle ore 17 per il primo gruppo, sino alle 17.24 per i concorrenti della Just for Fun, la manifestazione \u2018senza esigenze di classifica\u2019. Non sar\u00e0 l\u2019unica \u2018gara di contorno\u2019, poich\u00e9 tra le altre iniziative sono previste una corsa per atleti disabili, la \u201cCorsa delle mele\u201d per i bambini ed una camminata per \u201cNordic Walkers\u201d (o \u201ccamminata nordica\u201d), una disciplina che sta acquistando sempre maggiori proseliti, che richiede l\u2019uso di bastoni simili a quelli dello sci di fondo ma leggermente pi\u00f9 corti, con gambe e braccia ad alternarsi ritmicamente.<\/p>\n<p>Come sottolineano le parole del presidente del comitato organizzatore Gerald Burger, nonch\u00e9 presidente di un\u2019altra perla sportiva altoatesina, la Ortler Bike Marathon giunta alla seconda edizione, il futuro del Giro Lago di Resia \u00e8 sempre pi\u00f9 roseo: \u201cSiamo al diciassettesimo anno della gara ma siamo gi\u00e0 proiettati con lo sguardo al ventennale, quando riproporremo la competizione in notturna, come gi\u00e0 accaduto per i dieci anni. Avevamo posizionato quasi 3000 fiaccole. Sar\u00e0 un\u2019edizione da fuochi d\u2019artificio, con una grande festa che coinvolger\u00e0 circa 10.000 persone\u201d.<\/p>\n<p>Info: <a href=\"http:\/\/www.girolagodiresia.it\/\">www.girolagodiresia.it<\/a><\/p>\n","protected":false},"excerpt":{"rendered":"<p>Il 16 luglio andr\u00e0 il scena il Giro Lago di Resia Partenza ed arrivo a Curon (BZ) lungo 15.3 km di corsa Anche bambini, atleti disabili e \u2018nordic walkers\u2019 avranno una loro gara Gerald Burger guarda gi\u00e0 all\u2019edizione del ventennale &nbsp; &nbsp; Il Giro Lago di Resia \u00e8 una manifestazione podistica dal fascino particolare e, [&hellip;]<\/p>\n","protected":false},"author":15,"featured_media":0,"comment_status":"open","ping_status":"open","sticky":false,"template":"","format":"standard","meta":{"footnotes":""},"categories":[15],"tags":[],"class_list":["post-7996","post","type-post","status-publish","format-standard","hentry","category-sport"],"_links":{"self":[{"href":"https:\/\/www.area-press.eu\/comunicatistampa\/wp-json\/wp\/v2\/posts\/7996","targetHints":{"allow":["GET"]}}],"collection":[{"href":"https:\/\/www.area-press.eu\/comunicatistampa\/wp-json\/wp\/v2\/posts"}],"about":[{"href":"https:\/\/www.area-press.eu\/comunicatistampa\/wp-json\/wp\/v2\/types\/post"}],"author":[{"embeddable":true,"href":"https:\/\/www.area-press.eu\/comunicatistampa\/wp-json\/wp\/v2\/users\/15"}],"replies":[{"embeddable":true,"href":"https:\/\/www.area-press.eu\/comunicatistampa\/wp-json\/wp\/v2\/comments?post=7996"}],"version-history":[{"count":1,"href":"https:\/\/www.area-press.eu\/comunicatistampa\/wp-json\/wp\/v2\/posts\/7996\/revisions"}],"predecessor-version":[{"id":7997,"href":"https:\/\/www.area-press.eu\/comunicatistampa\/wp-json\/wp\/v2\/posts\/7996\/revisions\/7997"}],"wp:attachment":[{"href":"https:\/\/www.area-press.eu\/comunicatistampa\/wp-json\/wp\/v2\/media?parent=7996"}],"wp:term":[{"taxonomy":"category","embeddable":true,"href":"https:\/\/www.area-press.eu\/comunicatistampa\/wp-json\/wp\/v2\/categories?post=7996"},{"taxonomy":"post_tag","embeddable":true,"href":"https:\/\/www.area-press.eu\/comunicatistampa\/wp-json\/wp\/v2\/tags?post=7996"}],"curies":[{"name":"wp","href":"https:\/\/api.w.org\/{rel}","templated":true}]}}