{"id":7874,"date":"2016-03-22T02:10:12","date_gmt":"2016-03-22T01:10:12","guid":{"rendered":"http:\/\/www.area-press.eu\/comunicatistampa\/?p=7874"},"modified":"2016-03-22T02:10:12","modified_gmt":"2016-03-22T01:10:12","slug":"granfondo-liotto-il-10-aprile-ai-nastri-di-partenza-la-classica-di-primavera-in-mostra-a-vicenza","status":"publish","type":"post","link":"https:\/\/www.area-press.eu\/comunicatistampa\/2016\/03\/22\/granfondo-liotto-il-10-aprile-ai-nastri-di-partenza-la-classica-di-primavera-in-mostra-a-vicenza\/","title":{"rendered":"GRANFONDO LIOTTO IL 10 APRILE AI NASTRI DI PARTENZA, LA CLASSICA DI PRIMAVERA \u201cIN MOSTRA\u201d A VICENZA"},"content":{"rendered":"<p>Oggi conferenza stampa di presentazione della Granfondo Liotto del 10 aprile, giunta alla XVIII edizione<\/p>\n<p>Sono intervenuti l\u2019assessore Dalla Pozza, Claudio Pasqualin, Doretta, Luigina e Pierangelo Liotto<\/p>\n<p>Percorso \u2018mediofondo\u2019 di 95 km e 1400 metri di dislivello e \u2018granfondo\u2019 di 130 km e 2300 metri di dislivello<\/p>\n<p>Gara del Campionato Nazionale ACSI, Zero Wind Show ed Al\u00e9 Challenge<\/p>\n<p>&nbsp;<\/p>\n<p>&nbsp;<\/p>\n<p>Oggi, nella maestosa sala consigliare del Palazzo Trissino a Vicenza, \u00e8 stata presentata la Granfondo Liotto, una classica primaverile che attende l\u2019arrivo di oltre 2000 cicloamatori nella citt\u00e0 palladiana. \u201cSport, natura e cultura\u201d \u00e8 lo slogan della diciottesima edizione del 10 aprile, un \u2018motto\u2019 che coinvolger\u00e0 in tutto e per tutto la citt\u00e0 di Vicenza, candidata a gran voce ad essere la \u201cCitt\u00e0 Europea dello Sport 2017\u201d.<\/p>\n<p>Lo scorso anno a salire sul gradino pi\u00f9 alto del podio \u00e8 stato Alessandro Bertuola, anche grazie alla performance della propria bicicletta firmata Liotto: \u201cNon ero al 100% fisicamente, ma sono riuscito ad arrivare mentalmente pronto con la testa, ed ho vinto. La nuova Granfondo Liotto \u00e8 molto bella, suggestiva la sfilata iniziale, per poi partire alla volta di strade poco trafficate, all\u2019insegna della sicurezza. Un percorso fattibile sia per i pi\u00f9 allenati che per i meno pronti. Quest\u2019anno sar\u00e0 molto dura, ci saranno pi\u00f9 partecipanti e quindi pi\u00f9 rivalit\u00e0. Non nascondo la mia voglia di rivincerla\u201d. L\u2019allestimento della competizione \u00e8 andato di pari passo con le istituzioni, come ha sottolineato l\u2019Assessore alla Progettazione e sostenibilit\u00e0 urbana Antonio Marco Dalla Pozza: \u201cLa Granfondo Liotto e la citt\u00e0 di Vicenza sono un connubio vincente, ne siamo orgogliosi\u201d. La palla \u00e8 passata (\u00e8 proprio il caso di dirlo) ad una figura storica della citt\u00e0 di Vicenza, del mondo del calcio e del ciclismo, l\u2019avvocato e procuratore sportivo Claudio Pasqualin, da sempre fra i partecipanti della manifestazione assieme a Matteo Marzotto. Il discorso \u00e8 stato aperto dalla consueta poesia:<\/p>\n<p>&nbsp;<\/p>\n<p>\u201cL\u2019ora \u00e8 giunta finalmente,<\/p>\n<p>della bici rilucente,<\/p>\n<p>di agonistico furore,<\/p>\n<p>per dar sfogo a gambe e cuore.<\/p>\n<p>Da Vicenza tutta in festa,<\/p>\n<p>c\u2019\u00e8 la Liotto che si appresta,<\/p>\n<p>a dar corso alla stagione,<\/p>\n<p>su un percorso sopraffino,<\/p>\n<p>nel ricordo del buon Gino\u2026\u201d<\/p>\n<p>&nbsp;<\/p>\n<p>Arricchita da un sogno: \u201c\u2026quello di portare nel 2020 a Vicenza il Campionato del Mondo di ciclismo, abbiamo gi\u00e0 in mente i percorsi che potrebbero partire da Venezia, in Piazza San Marco, con l\u2019arrivo nella stessa location finale della Granfondo Liotto, in Viale Roma, con Monte Berico punto clou dell\u2019evento. La Liotto anche in prospettiva mondiale ha un significato, poich\u00e9 \u00e8 uno dei momenti in cui la citt\u00e0 esprime la propria anima ciclistica, mi piacerebbe riuscire a dire che il Campionato del Mondo di Ciclismo si far\u00e0 cinque mesi circa dopo la Granfondo Liotto\u201d.<\/p>\n<p>Da un sogno sperato ad uno realizzato, quello di Pierangelo Liotto: \u201cAvevamo un sogno nel cassetto, dare vita ad un\u2019iniziativa che potesse coinvolgere anche i giovanissimi. E ci siamo riusciti. Sabato pomeriggio organizzeremo questa gara all\u2019interno di Campo Marzo per far divertire anche i pi\u00f9 piccoli. Percorso ed atmosfera saranno le stesse delle gare dei professionisti, avendo inoltre un evento in concomitanza con il ritiro dei pacchi gara, per godersi tutti assieme questo appuntamento dedicato ai pi\u00f9 piccoli. Per quanto riguarda il percorso della Granfondo Liotto, abbiamo portato qualche leggera modifica a causa di alcuni lavori in corso. Si sono aggiunte, inoltre, una salita ed un ristoro in pi\u00f9. Sul \u2018mediofondo\u2019 ci saranno cinque salite mentre sul \u2018granfondo\u2019 sei. Chi non conosce i Colli Berici potr\u00e0 visitare il nostro sito <a href=\"http:\/\/www.granfondoliotto.it\/\">www.granfondoliotto.it<\/a> scoprendo nel dettaglio tutti i percorsi, anche se non abbiamo dei passi dolomitici consigliamo ai cicloamatori di avere comunque molti chilometri nelle gambe\u201d. Dell\u2019aspetto sicurezza ne ha parlato il responsabile, Stefano Tronca: \u201cDopo la felice esperienza del 2015 ci siamo subito messi al lavoro. Attraversiamo dodici comuni con circa 160 volontari dislocati. Abbiamo limitato al minimo il rischio d\u2019incidenti svolgendo il percorso lungo parecchi tratti a senso unico\u201d, ci saranno inoltre quattro ambulanze e due medici, con una postazione fissa situata a Campo Marzo, come ha sottolineato il delegato della Croce Rossa citt\u00e0 di Vicenza, Andrea Turchetti.<\/p>\n<p>La Granfondo Liotto sar\u00e0 anche prova unica \u201c50&amp;Pi\u00f9\u201d, come ha ribadito il presidente Fiorenzo Marcato: \u201cLa nostra \u00e8 un\u2019associazione di over 50, che ha come scopo quello di valorizzare le passioni e gli interessi dei nostri associati\u201d.<\/p>\n<p>Le sorelle Luigina e Doretta Liotto hanno poi chiuso la serie d\u2019interventi della conferenza stampa, con la prima a \u2018raccontare\u2019 il pacco gara: \u201cCome sempre, abbiamo voluto premiare i prodotti e le aziende del territorio vicentino, con dell\u2019ottimo miele, un cavatappi della cantina San Valentino di Brendola, una crema protettiva \u00e9lite studiata appositamente per i ciclisti, oltre ad un coupon per l\u2019acquisto di un prodotto presso \u201cSorelle Ramonda\u201d, un detergente per capi sportivi \u201cBiolen Sport\u201d ed una borraccia da 500 ml realizzata artigianalmente con la firma del nostro marchio\u201d. Doretta Liotto ha confermato il riso party che tanto piacque lo scorso anno: \u201cIl riso party finale verr\u00e0 preparato dal \u2018Comitato festa del riso di Grumolo delle Abbadesse\u2019, nuovamente all\u2019insegna dell\u2019utilizzo di prodotti vicentini e dell\u2019eccezionalit\u00e0 del nostro territorio\u201d.<\/p>\n<p>La Granfondo Liotto del prossimo 10 aprile \u00e8 valevole per il Campionato Nazionale ACSI, per lo Zero Wind Show &#8211; il circuito che premia la passione e per l\u2019Al\u00e9 Challenge.<\/p>\n<p>Info: <a href=\"http:\/\/www.granfondoliotto.it\/\">www.granfondoliotto.it<\/a><\/p>\n","protected":false},"excerpt":{"rendered":"<p>Oggi conferenza stampa di presentazione della Granfondo Liotto del 10 aprile, giunta alla XVIII edizione Sono intervenuti l\u2019assessore Dalla Pozza, Claudio Pasqualin, Doretta, Luigina e Pierangelo Liotto Percorso \u2018mediofondo\u2019 di 95 km e 1400 metri di dislivello e \u2018granfondo\u2019 di 130 km e 2300 metri di dislivello Gara del Campionato Nazionale ACSI, Zero Wind Show [&hellip;]<\/p>\n","protected":false},"author":15,"featured_media":0,"comment_status":"open","ping_status":"open","sticky":false,"template":"","format":"standard","meta":{"footnotes":""},"categories":[15],"tags":[],"class_list":["post-7874","post","type-post","status-publish","format-standard","hentry","category-sport"],"_links":{"self":[{"href":"https:\/\/www.area-press.eu\/comunicatistampa\/wp-json\/wp\/v2\/posts\/7874","targetHints":{"allow":["GET"]}}],"collection":[{"href":"https:\/\/www.area-press.eu\/comunicatistampa\/wp-json\/wp\/v2\/posts"}],"about":[{"href":"https:\/\/www.area-press.eu\/comunicatistampa\/wp-json\/wp\/v2\/types\/post"}],"author":[{"embeddable":true,"href":"https:\/\/www.area-press.eu\/comunicatistampa\/wp-json\/wp\/v2\/users\/15"}],"replies":[{"embeddable":true,"href":"https:\/\/www.area-press.eu\/comunicatistampa\/wp-json\/wp\/v2\/comments?post=7874"}],"version-history":[{"count":1,"href":"https:\/\/www.area-press.eu\/comunicatistampa\/wp-json\/wp\/v2\/posts\/7874\/revisions"}],"predecessor-version":[{"id":7875,"href":"https:\/\/www.area-press.eu\/comunicatistampa\/wp-json\/wp\/v2\/posts\/7874\/revisions\/7875"}],"wp:attachment":[{"href":"https:\/\/www.area-press.eu\/comunicatistampa\/wp-json\/wp\/v2\/media?parent=7874"}],"wp:term":[{"taxonomy":"category","embeddable":true,"href":"https:\/\/www.area-press.eu\/comunicatistampa\/wp-json\/wp\/v2\/categories?post=7874"},{"taxonomy":"post_tag","embeddable":true,"href":"https:\/\/www.area-press.eu\/comunicatistampa\/wp-json\/wp\/v2\/tags?post=7874"}],"curies":[{"name":"wp","href":"https:\/\/api.w.org\/{rel}","templated":true}]}}