{"id":78671,"date":"2023-08-08T16:58:53","date_gmt":"2023-08-08T14:58:53","guid":{"rendered":"https:\/\/www.area-press.eu\/comunicatistampa\/?p=78671"},"modified":"2023-08-08T16:58:53","modified_gmt":"2023-08-08T14:58:53","slug":"daniel-mannini-racconta-il-suo-rapporto-con-la-poesia-e-la-visione-aulica-traslata-in-pittura","status":"publish","type":"post","link":"https:\/\/www.area-press.eu\/comunicatistampa\/2023\/08\/08\/daniel-mannini-racconta-il-suo-rapporto-con-la-poesia-e-la-visione-aulica-traslata-in-pittura\/","title":{"rendered":"Daniel Mannini racconta il suo rapporto con la poesia e la visione aulica traslata in pittura"},"content":{"rendered":"<p>Arte e poesia formano da sempre un connubio molto stretto e profondo, che si snoda all&#8217;interno della grande storia dell&#8217;arte e incontra la grande poesia fondendosi in armoniosa coesione sinergica. Si tratta di un legame quasi indissolubile per molti artisti del passato cos\u00ec come contemporanei, che si declina in maniera pi\u00f9 o meno evidente e manifesta e talvolta risiede quasi celatamente dentro le pieghe della narrazione scenica e viene svelato attraverso una lettura interpretativa attenta e scrupolosa, dove interviene la componente sensibile e sensoriale, che si allinea con la dimensione formale ed estetica immediatamente visibile e percepibile. Certamente, \u00e8 molto interessante analizzare questa forma di unione speciale all&#8217;interno della poetica pittorica di Daniel Mannini, che senza dubbio ha nella sua indole espressiva una base di fondamento sostanziale e concettuale di notevole intensit\u00e0 e portata. Da qui scaturisce questa nuova intervista con tre domande mirate canalizzate a cogliere e approfondire questo tratto distintivo della sua parafrasi pittorica, entrando nel merito di argomentazioni di un certo spessore e offrendo al lettore-spettatore l&#8217;opportunit\u00e0 di trovare nuove stimolanti chiavi di accesso interpretativo per andare oltre e avere un approccio sempre pi\u00f9 entusiasmante e sorprendente. La corposa e variegata produzione di Daniel gi\u00e0 si presta a un&#8217;eterogenea dinamica di interrelazione, poich\u00e9 possiede una propria peculiare ricerca di sperimentazione a monte e si alimenta tramite continue e costanti sollecitazioni di pensiero, idee, sentimenti, emozioni, esperienze, curiosit\u00e0. Questo ulteriore tassello di riferimento \u00e8 dunque anche un nuovo spunto da cui poter sviluppare, rigenerare, rinnovare. I riferimenti di contatto di Daniel sono sempre molto aggiornati e racchiudono step by step i suoi passaggi sperimentali avvincenti. In particolare il sito web personale <a href=\"https:\/\/www.danielmanniniart.it\">www.danielmanniniart.it<\/a> merita una particolare considerazione di elogio.<\/p>\n<p><strong>D: Arte pittorica e poesia: quali sono i punti di congiunzione e di collegamento che individui come attinenti e pertinenti alla tua ispirazione creativa?<\/strong><br \/>\nR: Quello che collega entrambe \u00e8 sicuramente il sentimento che una persona creativa possiede di fronte a tali forme artistiche. La ricerca della poetica \u00e8 un elemento fondamentale anche nella mia produzione artistica: come nella poesia con il gioco di parole, rime e figure onomatopeiche, nella pittura \u00e8 possibile ritrovarla nella composizione cromatica del dipinto. Ogni parola e ogni colore sono l&#8217;espressione emotiva che il poeta o il pittore mettono in atto nella costruzione dell&#8217;opera stessa, raccontare uno specifico momento immortalandolo nel tempo. Questo sentimento di ricerca \u00e8 l&#8217;anello che congiunge queste forme artistiche.<\/p>\n<p><strong>D: Dovendo indicare un poeta (o una poetessa) particolarmente rappresentativa per definire l&#8217;essenza aulica della tua cifra stilistica chi sceglieresti e perch\u00e9?<\/strong><br \/>\nR: Per un gusto personale la poetessa che si avvicina alla mia cifra stilistica \u00e8 la mitica Alda Merini, figura che \u00e8 la rappresentazione del mio concepire nel fare arte dove la passione e l&#8217;emotivit\u00e0 ne fanno da padrona. Nonostante avesse un problema di disturbo bipolare, la sua forza e la sua poetica sono importanti nel far capire che ci sono dei momenti in cui tutti proviamo il solito sentimento. Leggere le sue poesie \u00e8 come sentirsi compresi. Altro elemento sta nell&#8217;apprezzare la diversit\u00e0 delle persone, perch\u00e9 l&#8217;atto di conoscere situazioni diverse da noi e scoprire nuove realt\u00e0 pu\u00f2 considerarsi come una crescita personale. A questo collego un altro motivo per cui posso ritrovare una similitudine nella persona di Alda Merini: ci invita alla sperimentazione di cose nuove e ci incita ad avere anche la curiosit\u00e0 nel farlo, come lei aveva la passione nel suonare e disegnare. L&#8217;amore rimane il fulcro della sua poetica, in cui la dolcezza e le carezze non sono banalit\u00e0 ma gesti importanti, come la devozione nel mio concepimento e il sentimento che metto in atto nella pittura.<\/p>\n<p><strong>D: L&#8217;anima artistica e creativa \u00e8 al contempo giocoforza anche un&#8217;anima poetica oppure non \u00e8 necessariamente cos\u00ec in generale?<\/strong><br \/>\nR: Non penso che sia sempre cos\u00ec, perch\u00e9 se guardiamo ad oggi ci sono artisti che si possono spacciare per tale ma il lavoro, la commissione dell&#8217;opera, viene eseguito da altri. Ci\u00f2 pu\u00f2 essere anche giusto nel momento in cui una persona conosce gi\u00e0 dei passaggi per arrivare a un risultato, ma per alcuni quello che conta \u00e8 spacciarsi per artisti, dovendo spiegare l&#8217;opera per essere compresi, dove l&#8217;immagine conta pi\u00f9 del contenuto che vogliano esprimere. Per quanto mi riguarda, l&#8217;anima poetica \u00e8 una mia piacevolezza verso un&#8217;espressione artistica che gioca, oltre che negli incastri delle parole, anche nella creazione di un immaginario che pu\u00f2 raccontare meglio ci\u00f2 che un poeta vuole trasmettere. Un po&#8217; come nella pittura dove i colori, e talvolta la rappresentazione del soggetto, sono il mezzo di comunicazione con il pubblico per esprimere il proprio pensiero, che pu\u00f2 essere condiviso o meno, ma quello che conta \u00e8 la condivisione, anche di punti di vista diversi. L&#8217;importante \u00e8 mostrare sempre rispetto.<\/p>\n","protected":false},"excerpt":{"rendered":"<p>Arte e poesia formano da sempre un connubio molto stretto e profondo, che si snoda all&#8217;interno della grande storia dell&#8217;arte e incontra la grande poesia fondendosi in armoniosa coesione sinergica. Si tratta di un legame quasi indissolubile per molti artisti del passato cos\u00ec come contemporanei, che si declina in maniera pi\u00f9 o meno evidente e [&hellip;]<\/p>\n","protected":false},"author":5066,"featured_media":0,"comment_status":"open","ping_status":"open","sticky":false,"template":"","format":"standard","meta":{"footnotes":""},"categories":[3],"tags":[6969,25,2549,5956,8514,7576,19001,30043,565,19002,28546,721,4720,15052,2808,26,3016,20768,908,32853],"class_list":["post-78671","post","type-post","status-publish","format-standard","hentry","category-arte-e-cultura","tag-art","tag-arte","tag-artista","tag-blog","tag-blogger","tag-daniel","tag-elena","tag-fiorentino","tag-firenze","tag-gollini","tag-mannini","tag-musica","tag-opere","tag-pittore","tag-pittura","tag-poesia","tag-quadri","tag-quadro","tag-toscana","tag-toscano"],"_links":{"self":[{"href":"https:\/\/www.area-press.eu\/comunicatistampa\/wp-json\/wp\/v2\/posts\/78671","targetHints":{"allow":["GET"]}}],"collection":[{"href":"https:\/\/www.area-press.eu\/comunicatistampa\/wp-json\/wp\/v2\/posts"}],"about":[{"href":"https:\/\/www.area-press.eu\/comunicatistampa\/wp-json\/wp\/v2\/types\/post"}],"author":[{"embeddable":true,"href":"https:\/\/www.area-press.eu\/comunicatistampa\/wp-json\/wp\/v2\/users\/5066"}],"replies":[{"embeddable":true,"href":"https:\/\/www.area-press.eu\/comunicatistampa\/wp-json\/wp\/v2\/comments?post=78671"}],"version-history":[{"count":1,"href":"https:\/\/www.area-press.eu\/comunicatistampa\/wp-json\/wp\/v2\/posts\/78671\/revisions"}],"predecessor-version":[{"id":78672,"href":"https:\/\/www.area-press.eu\/comunicatistampa\/wp-json\/wp\/v2\/posts\/78671\/revisions\/78672"}],"wp:attachment":[{"href":"https:\/\/www.area-press.eu\/comunicatistampa\/wp-json\/wp\/v2\/media?parent=78671"}],"wp:term":[{"taxonomy":"category","embeddable":true,"href":"https:\/\/www.area-press.eu\/comunicatistampa\/wp-json\/wp\/v2\/categories?post=78671"},{"taxonomy":"post_tag","embeddable":true,"href":"https:\/\/www.area-press.eu\/comunicatistampa\/wp-json\/wp\/v2\/tags?post=78671"}],"curies":[{"name":"wp","href":"https:\/\/api.w.org\/{rel}","templated":true}]}}