{"id":7823,"date":"2016-03-21T13:27:28","date_gmt":"2016-03-21T12:27:28","guid":{"rendered":"http:\/\/www.area-press.eu\/comunicatistampa\/?p=7823"},"modified":"2016-03-21T13:27:28","modified_gmt":"2016-03-21T12:27:28","slug":"gli-oli-pontini-si-affermano-al-premio-nazionale-ercole-olivario-2","status":"publish","type":"post","link":"https:\/\/www.area-press.eu\/comunicatistampa\/2016\/03\/21\/gli-oli-pontini-si-affermano-al-premio-nazionale-ercole-olivario-2\/","title":{"rendered":"Gli oli pontini si affermano al Premio Nazionale \u2018Ercole Olivario\u2019"},"content":{"rendered":"<p>L\u2019olio pontino lascia il segno anche al <strong>Premio Nazionale \u2018Ercole Olivario\u2019<\/strong>. Dopo i riconoscimenti ottenuti nelle scorse settimane al Sol D\u2019Oro di Verona, al Concorso provinciale \u2018L\u2019Olio delle Colline\u2019, al Concorso Internazionale \u2018Orciolo d\u2019Oro\u2019 e al Concorso Regionale \u2018Orii del Lazio\u2019, gli olivicoltori della provincia di Latina si sono affermati anche alla XXIV edizione\u00a0dell\u2019autorevole concorso dedicato alle eccellenze olivicole italiane.<\/p>\n<p>La manifestazione, organizzata dall\u2019Unione Italiana delle Camere di Commercio, Industria, Artigianato e Agricoltura, in collaborazione con la\u00a0Camera di Commercio di Perugia\u00a0e il sostegno del Sistema Camerale Nazionale, delle\u00a0associazioni dei produttori olivicoli, degli\u00a0enti\u00a0e delle\u00a0istituzioni impegnate nella valorizzazione dell\u2019olio di qualit\u00e0 italiano, si \u00e8 conclusa <strong>oggi, sabato 19 Marzo, a Perugia<\/strong> con <strong>la premiazione dei vincitori<\/strong>.<\/p>\n<p>L\u2019<strong>Azienda Agricola Biologica Orsini <\/strong>di Priverno ha ottenuto il 1\u00b0 posto nella sezione Oli Extravergine DOP \u2013 categoria Fruttato Medio, ricevendo anche la Menzione Speciale \u2018Olio Biologico\u2019; l\u2019<strong>Azienda Agricola Alfredo Cetrone <\/strong>di Sonnino \u00e8 arrivata 2^ nella sezione Oli Extravergine DOP \u2013 categoria Fruttato Intenso; l\u2019<strong>Azienda Agricola Adria Misiti <\/strong>di Sabaudia \u00e8 giunta 2^ nella sezione Oli Extravergine di Oliva \u2013 categoria Fruttato Intenso.<\/p>\n<p><strong>Quest\u2019anno partecipavano in tutto 249 etichette in rappresentanza di 17 regioni<\/strong>, con Lazio (47), Umbria (40) e Sardegna (26) in cima alla lista di adesioni. Gli altri iscritti provenivano da Puglia e Sicilia (24), Calabria e Abruzzo (19), Toscana (17), Campania (10), Liguria (6), Marche (4), Molise e Lombardia (3), Veneto, Basilicata ed Emilia-Romagna (2), Trentino (1). <strong>100 i finalisti.<\/strong><\/p>\n<p><em>\u201c<strong>La campagna olearia 2015\/2016 si conferma di ottima qualit\u00e0<\/strong> <\/em>\u2013 commenta il Presidente del Capol Latina Luigi Centauri \u2013 <em>questo risultato \u00e8 ancor pi\u00f9 rilevante perch\u00e9 conquistato in una vetrina prestigiosissima e importante <\/em><em>momento di confronto per tutti gli attori del comparto olivicolo. Le nostre aziende hanno dimostrato ancora una volta di essere tre le eccellenze del panorama nazionale, capaci di valorizzare l\u2019intero territorio caratterizzato dalla cultivar autoctona Itrana.\u201d <\/em><\/p>\n","protected":false},"excerpt":{"rendered":"<p>L\u2019olio pontino lascia il segno anche al Premio Nazionale \u2018Ercole Olivario\u2019. Dopo i riconoscimenti ottenuti nelle scorse settimane al Sol D\u2019Oro di Verona, al Concorso provinciale \u2018L\u2019Olio delle Colline\u2019, al Concorso Internazionale \u2018Orciolo d\u2019Oro\u2019 e al Concorso Regionale \u2018Orii del Lazio\u2019, gli olivicoltori della provincia di Latina si sono affermati anche alla XXIV edizione\u00a0dell\u2019autorevole concorso [&hellip;]<\/p>\n","protected":false},"author":659,"featured_media":0,"comment_status":"open","ping_status":"open","sticky":false,"template":"","format":"standard","meta":{"footnotes":""},"categories":[4],"tags":[],"class_list":["post-7823","post","type-post","status-publish","format-standard","hentry","category-attualita-e-societa"],"_links":{"self":[{"href":"https:\/\/www.area-press.eu\/comunicatistampa\/wp-json\/wp\/v2\/posts\/7823","targetHints":{"allow":["GET"]}}],"collection":[{"href":"https:\/\/www.area-press.eu\/comunicatistampa\/wp-json\/wp\/v2\/posts"}],"about":[{"href":"https:\/\/www.area-press.eu\/comunicatistampa\/wp-json\/wp\/v2\/types\/post"}],"author":[{"embeddable":true,"href":"https:\/\/www.area-press.eu\/comunicatistampa\/wp-json\/wp\/v2\/users\/659"}],"replies":[{"embeddable":true,"href":"https:\/\/www.area-press.eu\/comunicatistampa\/wp-json\/wp\/v2\/comments?post=7823"}],"version-history":[{"count":1,"href":"https:\/\/www.area-press.eu\/comunicatistampa\/wp-json\/wp\/v2\/posts\/7823\/revisions"}],"predecessor-version":[{"id":7824,"href":"https:\/\/www.area-press.eu\/comunicatistampa\/wp-json\/wp\/v2\/posts\/7823\/revisions\/7824"}],"wp:attachment":[{"href":"https:\/\/www.area-press.eu\/comunicatistampa\/wp-json\/wp\/v2\/media?parent=7823"}],"wp:term":[{"taxonomy":"category","embeddable":true,"href":"https:\/\/www.area-press.eu\/comunicatistampa\/wp-json\/wp\/v2\/categories?post=7823"},{"taxonomy":"post_tag","embeddable":true,"href":"https:\/\/www.area-press.eu\/comunicatistampa\/wp-json\/wp\/v2\/tags?post=7823"}],"curies":[{"name":"wp","href":"https:\/\/api.w.org\/{rel}","templated":true}]}}