{"id":7821,"date":"2016-03-21T13:27:28","date_gmt":"2016-03-21T12:27:28","guid":{"rendered":"http:\/\/www.area-press.eu\/comunicatistampa\/?p=7821"},"modified":"2016-03-21T13:27:28","modified_gmt":"2016-03-21T12:27:28","slug":"cori-presentate-le-due-antiche-tele-sacre-restaurate-grazie-ai-fondi-raccolti-da-corarte-e-al-contributo-dellicn-naici-2","status":"publish","type":"post","link":"https:\/\/www.area-press.eu\/comunicatistampa\/2016\/03\/21\/cori-presentate-le-due-antiche-tele-sacre-restaurate-grazie-ai-fondi-raccolti-da-corarte-e-al-contributo-dellicn-naici-2\/","title":{"rendered":"Cori: presentate le due antiche tele sacre restaurate grazie ai fondi raccolti da CORARTE e al contributo dell\u2019ICN-NAICI"},"content":{"rendered":"<p>In tanti hanno partecipato sabato pomeriggio, nella Chiesa di Santa Maria della Piet\u00e0, alla presentazione delle due antiche tele restaurare su impulso dell\u2019Associazione <strong>CORARTE<\/strong> e grazie ai fondi da essa raccolti tramite varie iniziative e al contributo offerto dall\u2019<strong>ICN-NAICI <\/strong>del Presidente Piero Morucci, presente all\u2019evento e calorosamente ringraziato dai presenti.<\/p>\n<p>Le due opere sono state riconsegnate alla collettivit\u00e0 e verranno riposizionate nei loro luoghi originari. La secentesca <strong><em>\u2018Madonna del Soccorso con San Francesco e Sant\u2019Agostino\u2019<\/em><\/strong> torner\u00e0 nella chiesa di San Salvatore; il settecentesco <strong><em>\u2018Sposalizio della Vergine\u2019<\/em><\/strong> invece al suo posto nella Chiesa di Santa Maria della Piet\u00e0.<\/p>\n<p>Dopo il saluto di <strong>Don Angelo Buonaiuto<\/strong>, la storica dell\u2019arte <strong>Antonina Ducci<\/strong> ha inquadrato i due dipinti nel panorama generale dell\u2019arte di quei periodi. L\u2019animatore di CORARTE, <strong>Piero Manciocchi<\/strong>, ha illustrato i risultati del restauro, confrontando il prima e il dopo l\u2019intervento effettuato dalle restauratrici <strong>Sandra Martin<\/strong> e <strong>Luana Milita<\/strong>.<\/p>\n<p>Il restauro \u00e8 durato in tutto quattro mesi, due per ciascuna tela. Il <strong>cantiere, aperto al pubblico<\/strong>, era stato allestito nei locali della Parrocchia di Santa Maria della Piet\u00e0. Una classe terza della primaria di Cori ne ha fatto oggetto di un <strong>laboratorio di educazione all\u2019immagine<\/strong> con l\u2019insegnante <strong>Antonella Corbi<\/strong>, incentrato sulla lettura iconografica e reinterpretazione delle immagini.<\/p>\n<p><em>\u201cIl <strong>coinvolgimento della scuola<\/strong> \u00e8 un aspetto fondamentale dell\u2019intero progetto \u2013 <\/em>ha sottolineato Piero Manciocchi <em>&#8211; il restauro delle opere d\u2019arte antiche deve essere l\u2019occasione per riscoprirle da parte delle Comunit\u00e0 locale e tutti gli attori che sul territorio fanno cultura possono prendere spunto dal restauro per creare momenti di approfondimento.\u201d<\/em><\/p>\n<p>La manifestazione si \u00e8 conclusa con una bella notizia. Un nuovo benefattore finanzier\u00e0 il restauro della prossima tela, <strong><em>\u2018Pentecoste\u2019<\/em><\/strong>, un\u2019opera seicentesca custodita nella Chiesa di Santa Maria della Piet\u00e0 e di grande rilevanza perch\u00e9 attribuita al noto pittore toscano Anastasio Fontebuoni, che lavor\u00f2 a lungo a Roma per Papi e Cardinali.<\/p>\n<p>Molti hanno contribuito acquistando il volume \u2018<em>Tutela e valorizzazione del tempio d\u2019Ercole a Cori tra Ottocento e Novecento\u2019<\/em> di Pier Luigi De Rossi. 100 copie sono state donate a CORARTE da Centro Stampa \u201cla Piaia\u201d di Sezze. <strong>CORARTE intende restaurare altre 15 tele tra Cori e Giulianello<\/strong>. Gli interessati a sposare la causa possono scrivere a <a href=\"mailto:piero.manciocchi@alice.it\">piero.manciocchi@alice.it<\/a>. <strong>L\u2019auspicio \u00e8 che questa idea possa diventare virale<\/strong>, cominciando ad estendersi in altri comuni limitrofi, in modo che ulteriori gruppi di persone diano vita a simili progettualit\u00e0 (SERMONETARTE, NORMARTE, PRIVERNARTE \u2026) (foto di Vincenzo Pacifici).<\/p>\n","protected":false},"excerpt":{"rendered":"<p>In tanti hanno partecipato sabato pomeriggio, nella Chiesa di Santa Maria della Piet\u00e0, alla presentazione delle due antiche tele restaurare su impulso dell\u2019Associazione CORARTE e grazie ai fondi da essa raccolti tramite varie iniziative e al contributo offerto dall\u2019ICN-NAICI del Presidente Piero Morucci, presente all\u2019evento e calorosamente ringraziato dai presenti. Le due opere sono state [&hellip;]<\/p>\n","protected":false},"author":659,"featured_media":0,"comment_status":"open","ping_status":"open","sticky":false,"template":"","format":"standard","meta":{"footnotes":""},"categories":[3],"tags":[],"class_list":["post-7821","post","type-post","status-publish","format-standard","hentry","category-arte-e-cultura"],"_links":{"self":[{"href":"https:\/\/www.area-press.eu\/comunicatistampa\/wp-json\/wp\/v2\/posts\/7821","targetHints":{"allow":["GET"]}}],"collection":[{"href":"https:\/\/www.area-press.eu\/comunicatistampa\/wp-json\/wp\/v2\/posts"}],"about":[{"href":"https:\/\/www.area-press.eu\/comunicatistampa\/wp-json\/wp\/v2\/types\/post"}],"author":[{"embeddable":true,"href":"https:\/\/www.area-press.eu\/comunicatistampa\/wp-json\/wp\/v2\/users\/659"}],"replies":[{"embeddable":true,"href":"https:\/\/www.area-press.eu\/comunicatistampa\/wp-json\/wp\/v2\/comments?post=7821"}],"version-history":[{"count":1,"href":"https:\/\/www.area-press.eu\/comunicatistampa\/wp-json\/wp\/v2\/posts\/7821\/revisions"}],"predecessor-version":[{"id":7822,"href":"https:\/\/www.area-press.eu\/comunicatistampa\/wp-json\/wp\/v2\/posts\/7821\/revisions\/7822"}],"wp:attachment":[{"href":"https:\/\/www.area-press.eu\/comunicatistampa\/wp-json\/wp\/v2\/media?parent=7821"}],"wp:term":[{"taxonomy":"category","embeddable":true,"href":"https:\/\/www.area-press.eu\/comunicatistampa\/wp-json\/wp\/v2\/categories?post=7821"},{"taxonomy":"post_tag","embeddable":true,"href":"https:\/\/www.area-press.eu\/comunicatistampa\/wp-json\/wp\/v2\/tags?post=7821"}],"curies":[{"name":"wp","href":"https:\/\/api.w.org\/{rel}","templated":true}]}}