{"id":7819,"date":"2016-03-21T13:27:28","date_gmt":"2016-03-21T12:27:28","guid":{"rendered":"http:\/\/www.area-press.eu\/comunicatistampa\/?p=7819"},"modified":"2016-03-21T13:27:28","modified_gmt":"2016-03-21T12:27:28","slug":"cori-giornata-mondiale-della-poesia-in-ricordo-di-cesare-chiominto-ed-elio-filippo-accrocca-2","status":"publish","type":"post","link":"https:\/\/www.area-press.eu\/comunicatistampa\/2016\/03\/21\/cori-giornata-mondiale-della-poesia-in-ricordo-di-cesare-chiominto-ed-elio-filippo-accrocca-2\/","title":{"rendered":"Cori: Giornata Mondiale della Poesia in ricordo di Cesare Chiominto ed Elio Filippo Accrocca"},"content":{"rendered":"<p>Ricorre domani, luned\u00ec 21 Marzo, primo giorno di primavera, la <strong>Giornata Mondiale della Poesia<\/strong> istituita dall\u2019UNESCO nel 1999 per riconoscere all\u2019espressione poetica un ruolo privilegiato nella\u00a0<strong>promozione del dialogo<\/strong>\u00a0e della comprensione interculturali, della\u00a0<strong>diversit\u00e0 linguistica<\/strong>\u00a0e culturale, della comunicazione e della pace.\u00a0La citt\u00e0 di Cori, culla di rimatori di elevata qualit\u00e0 espressiva, ricorda due dei suoi illustri poeti, coloro che pi\u00f9 di tutti, ognuno con i suoi tratti distintivi, hanno contribuito coi loro versi a rendere lustro ad un\u2019intera comunit\u00e0, oltre che a dare un significativo contributo all\u2019evoluzione della poesia italiana.<\/p>\n<p><strong>\u00a0\u00a0\u00a0\u00a0\u00a0\u00a0\u00a0\u00a0 Cesare Chiominto<\/strong> (Cori 1920 \u2013 2003), personalit\u00e0 artistica di alto livello, non solo locale, cur\u00f2 un inestimabile lavoro sul dialetto corese, condensando in tre opere, \u00ab<em>Lo parl\u00e0 forte della pora ggente\u00bb<\/em>, \u00ab<em>C\u00f2ri m\u00e9 bb\u00e9glio\u00bb, \u00abIl dizionario corese italiano\u00bb,<\/em> una cultura millenaria, espressa nelle piccole cose di ogni giorno. Ha tratto ispirazione dalla quotidianit\u00e0 del lavoro dei campi, dei vetturali, dei pastori; dalle osterie ingoiate dalla civilt\u00e0 del fast food; dalla continua frequentazione della povera gente, protagonista delle sue poesie. Districandosi tra il comico ed il drammatico, ha reso onore e dignit\u00e0 all\u2019espressivo linguaggio dei contadini, arrivando a tradurre Marziale in corese.<\/p>\n<p><strong>\u00a0\u00a0\u00a0\u00a0\u00a0\u00a0\u00a0\u00a0 Elio Filippo Accrocca<\/strong> (Cori 1923 \u2013 Roma 1996, riposa a Cori) fu allievo ed amico di Giuseppe Ungaretti, decisivo per la sua formazione poetica. Annoverato tra i grandi poeti postbellici italiani, fu il capostipite del Gruppo di Portonaccio. La sua vita intensa e solcata da vari lutti familiari fu l\u2019ispiratrice di versi dolorosi. Ma nelle sue opere ha cantato anche la citt\u00e0 di origine, luogo dell\u2019infanzia e della memoria del mondo antico, consapevole della sua fondazione leggendaria e della sua storia pre-romana, dove nacque da padre ferroviere, di umili origini popolane. Un artista e un intellettuale a tutto tondo, che seppe vivere intensamente il suo tempo, forte della sua fede nella poesia da lui definita \u201c<em>un remo per approdare nel nuovo millennio\u201d<\/em>.<\/p>\n","protected":false},"excerpt":{"rendered":"<p>Ricorre domani, luned\u00ec 21 Marzo, primo giorno di primavera, la Giornata Mondiale della Poesia istituita dall\u2019UNESCO nel 1999 per riconoscere all\u2019espressione poetica un ruolo privilegiato nella\u00a0promozione del dialogo\u00a0e della comprensione interculturali, della\u00a0diversit\u00e0 linguistica\u00a0e culturale, della comunicazione e della pace.\u00a0La citt\u00e0 di Cori, culla di rimatori di elevata qualit\u00e0 espressiva, ricorda due dei suoi illustri poeti, [&hellip;]<\/p>\n","protected":false},"author":659,"featured_media":0,"comment_status":"open","ping_status":"open","sticky":false,"template":"","format":"standard","meta":{"footnotes":""},"categories":[3],"tags":[],"class_list":["post-7819","post","type-post","status-publish","format-standard","hentry","category-arte-e-cultura"],"_links":{"self":[{"href":"https:\/\/www.area-press.eu\/comunicatistampa\/wp-json\/wp\/v2\/posts\/7819","targetHints":{"allow":["GET"]}}],"collection":[{"href":"https:\/\/www.area-press.eu\/comunicatistampa\/wp-json\/wp\/v2\/posts"}],"about":[{"href":"https:\/\/www.area-press.eu\/comunicatistampa\/wp-json\/wp\/v2\/types\/post"}],"author":[{"embeddable":true,"href":"https:\/\/www.area-press.eu\/comunicatistampa\/wp-json\/wp\/v2\/users\/659"}],"replies":[{"embeddable":true,"href":"https:\/\/www.area-press.eu\/comunicatistampa\/wp-json\/wp\/v2\/comments?post=7819"}],"version-history":[{"count":1,"href":"https:\/\/www.area-press.eu\/comunicatistampa\/wp-json\/wp\/v2\/posts\/7819\/revisions"}],"predecessor-version":[{"id":7820,"href":"https:\/\/www.area-press.eu\/comunicatistampa\/wp-json\/wp\/v2\/posts\/7819\/revisions\/7820"}],"wp:attachment":[{"href":"https:\/\/www.area-press.eu\/comunicatistampa\/wp-json\/wp\/v2\/media?parent=7819"}],"wp:term":[{"taxonomy":"category","embeddable":true,"href":"https:\/\/www.area-press.eu\/comunicatistampa\/wp-json\/wp\/v2\/categories?post=7819"},{"taxonomy":"post_tag","embeddable":true,"href":"https:\/\/www.area-press.eu\/comunicatistampa\/wp-json\/wp\/v2\/tags?post=7819"}],"curies":[{"name":"wp","href":"https:\/\/api.w.org\/{rel}","templated":true}]}}