{"id":77505,"date":"2023-06-27T20:26:04","date_gmt":"2023-06-27T18:26:04","guid":{"rendered":"https:\/\/www.area-press.eu\/comunicatistampa\/?p=77505"},"modified":"2023-06-27T20:26:04","modified_gmt":"2023-06-27T18:26:04","slug":"a-limena-arriva-lholi-il-festival-dei-colori-piu-famoso-ditalia","status":"publish","type":"post","link":"https:\/\/www.area-press.eu\/comunicatistampa\/2023\/06\/27\/a-limena-arriva-lholi-il-festival-dei-colori-piu-famoso-ditalia\/","title":{"rendered":"A LIMENA ARRIVA L\u2019HOLI, IL FESTIVAL DEI COLORI PIU\u2019 FAMOSO D\u2019ITALIA"},"content":{"rendered":"<p><i><span style=\"font-weight: 400\">Sabato 1 Luglio al Parco della Barchessa di Limena grande attesa per il format arcobalenico pi\u00f9 popolare d\u2019Italia. Gli organizzatori: \u201cIn occasione di Color Fest 23, l&#8217;evento per i ragazzi che celebra la fine della scuola e degli esami, siamo felici di portare tutto il nostro carico di gioia, musica e colori per festeggiare insieme l\u2019estate\u201d. Ingresso gratuito<\/span><\/i><\/p>\n<p>&nbsp;<\/p>\n<p><span style=\"font-weight: 400\">L&#8217;Holi on Tour, il festival dei colori, simbolo di gioia, amore e divertimento genuino, ha iniziato il suo Summer Tour 2023 targato &#8220;Welcome to the land of colors&#8221;. Questo festival, che ha conquistato oltre mezzo milione di amanti dell&#8217;Holi in tutta Italia nel corso degli otto anni di vita, si \u00e8 distinto per la sua capacit\u00e0 di creare una magica atmosfera di festa in ogni tappa,\u00a0 dalle spiagge ai parchi alle citt\u00e0. Il format \u00e8 unico nel suo genere, tanto che \u00e8 stato protagonista nel film &#8220;Forever Young&#8221; del regista Fausto Brizzi, diventando l&#8217;unico festival Holi ad approdare nelle sale cinematografiche. Questo testimonia l&#8217;importanza e l&#8217;impatto che l&#8217;Holi on Tour ha avuto e tuttora continua ad avere sull\u2019entertainment del nostro Bel Paese.<\/span><\/p>\n<p><span style=\"font-weight: 400\">E ora, dopo un\u2019altra tappa di successo allo Sherwood Festival con oltre 10 mila partecipanti, il team dell\u2019Holi torna nel Padovano, precisamente a <\/span><b>Limena <\/b><span style=\"font-weight: 400\">il <\/span><b>primo luglio<\/b><span style=\"font-weight: 400\">, ancora pi\u00f9 carico di musica, divertimento e colori. In occasione di Color Fest 23, l&#8217;evento per i ragazzi che celebra la fine della scuola e degli esami, dalle 21.30 fino le 23.30 il Parco della Barchessa sar\u00e0 dipinto da mille arcobaleni ritmati dai famosi countdown dei dj. Prima, alle 20.30, imperdibile l\u2019esibizione di ballerine con le &#8220;Brasile Samba show&#8221; di Leia de Mata. Ma la festa continua dopo l\u2019Holi, perch\u00e9 a seguire ci sar\u00e0 lo spettacolo mozzafiato di fuochi piromusicali. Lungo la Peschiera saranno presenti inoltre truck food e banchetti di creazioni artigianali. L&#8217;ingresso alla festa, dalle 20:30 a mezzanotte sar\u00e0 completamente gratuito. L&#8217;evento \u00e8 organizzato dall&#8217;Amministrazione comunale di Limena &#8211; Assessorato al Commercio e ai servizi Sociali, con la collaborazione della Pro Loco.<\/span><\/p>\n<p><span style=\"font-weight: 400\">Anche quest\u2019anno si riconferma Radio Piterpan come media partner dell\u2019evento. E via! L\u2019Holi si rimette in viaggio: l\u20198 luglio l\u2019Holi arriva per la prima volta a Mossa, in provincia di Gorizia, in occasione di \u201cMossa by night\u201d, mentre domenica 13 agosto appuntamento a Jesolo sulla spiaggia di Piazza Brescia. Tutte le info e gli aggiornamenti sulle prossime tappe su <\/span><a href=\"http:\/\/www.holitour.it\"><span style=\"font-weight: 400\">www.holitour.it<\/span><\/a><span style=\"font-weight: 400\">.\u00a0<\/span><\/p>\n<p><span style=\"font-weight: 400\">La fama del festival \u00e8 ormai nota a tutti, ma pochi sanno da dove derivi questo format che ha ispirato i due event manager, il trevigiano Fabio Lazzari e il vicentino Marco Bari.<\/span> <span style=\"font-weight: 400\">Durante la festa indiana denominata \u201cHoli\u201d interi popoli dei villaggi dell\u2019India, Bangladesh, Nepal e Pakistan si lanciano sacchi di polverine colorate e gavettoni per celebrare la rinascita e l\u2019amore e la definitiva sconfitta del male in favore del bene. La ricorrenza cade in primavera ed \u00e8 portatrice di messaggi positivi universali, di amicizia, fratellanza e amore.<\/span><\/p>\n<p><span style=\"font-weight: 400\">Lazzari e Bari: \u201cIl festival che abbiamo ideato \u00e8 un veicolo per trasmettere i valori genuini di questa antica ricorrenza e soprattutto per manifestare l\u2019anima solidale che sta alla base di tutto e per la quale abbiamo ideato il festival\u201d. Infatti, ci\u00f2 che distingue l\u2019Holi il Festival dei colori dagli altri format che lo imitano sull\u2019onda della viralit\u00e0 del fenomeno, \u00e8 lo scopo solidale. <\/span><b>Fin dall\u2019esordio del festival, Lazzari e Bari raccolgono fondi per la Fondazione Fratelli Dimenticati che aiuta i bambini audiolesi di un villaggio in India<\/b><span style=\"font-weight: 400\">. La Fondazione Fratelli Dimenticati \u00e8 una onlus di Cittadella, nel Padovano, che finanzia un progetto a Nandanagar, un villaggio nel Nord-Est dell\u2019India dove nel 2006 \u00e8 stata istituita la Ferrando School, un istituto che accoglie bambini audiolesi con l\u2019obiettivo di intervenire precocemente nella diagnosi e nella cura della sordit\u00e0 attraverso percorsi terapeutici.<\/span><\/p>\n<p>&nbsp;<\/p>\n<p><b>COS\u2019E\u2019 L\u2019HOLI \u2013 <\/b><span style=\"font-weight: 400\">Holi \u00e8 tra le pi\u00f9 antiche celebrazioni ind\u00f9 della stagione primaverile e coinvolge migliaia di persone dall\u2019India, Bangladesh, Nepal e Pakistan. Conosciuta come la festa dei colori, della gioia, dell\u2019amore e del divertimento, durante i festeggiamenti\u00a0che durano due giorni, interi villaggi cantano e ballano, lanciandosi polvere colorata e acqua. La festa simboleggia la vittoria del bene sul male, l\u2019arrivo della primavera e l\u2019addio all\u2019inverno. Ma \u00e8 anche un momento di incontro e di puro divertimento. E\u2019 la giornata in cui si dimenticano i dolori e si perdona. In questa occasione vengono meno anche le rigide strutture sociali: ricchi e poveri, vecchi e giovani, uomini e donne festeggiano e scherzano insieme.<\/span><\/p>\n<p><b>CHE COSA SI FA \u2013 <\/b><span style=\"font-weight: 400\">Il format consiste nel lanciare in aria polverine colorate e profumate alla fine dei countdown che i vocalist o i dj ritmano dal palco, di solito sono cadenzati uno ogni ora. E si balla e ci si \u201ccolora\u201d tutti insieme. Si consiglia di indossare capi di cotone bianchi, le polverine sono naturali e atossiche, sono composte da talco e amido di mais, non contengono nessun metallo pesante, sono 100% eco friendly e si acquistano all\u2019interno dell\u2019area del festival, negli stand ufficiali \u201cHoli\u201d, garanzia della genuinit\u00e0 del prodotto.\u00a0<\/span><\/p>\n<p><b>PER CHI E\u2019 \u2013 <\/b><span style=\"font-weight: 400\">Per tutti.<\/span> <span style=\"font-weight: 400\">Non ci sono limiti di et\u00e0 per partecipare all\u2019Holi il festival dei colori, \u00e8 aperto a tutti, grandi e piccini. Unica \u201cregola\u201d: aver voglia di divertirsi tutti insieme pacificamente come vuole lo spirito della festa indiana.\u00a0<\/span><\/p>\n<p><b>LA STORIA<\/b><span style=\"font-weight: 400\">\u00a0Holi \u2013 Il Festival dei colori nasce alcuni anni fa dalle menti di due event manager veneti, Fabio Lazzari e Marco Bari, i primi a portare in Italia il format. L\u2019Holi on tour si ispira alla tradizionale festa indiana e lo mixa con dj set dall\u2019elettronica al rap. Degli esordi di Padova e Vicenza se n\u2019\u00e8 parlato molto sul web, con le foto del bacio diventate virali su Facebook e su Instagram.\u00a0 Poi il format \u00e8 diventato nazionale. Da Macerata a Bologna, passando per Firenze e Roma fino a Venezia e Trieste, ha toccato tutta Italia, dalle spiagge alle citt\u00e0. Il Festival \u00e8 stato anche protagonista delle riprese del film \u201cForever Young\u201d del regista Fausto Brizzi ed il fenomeno del selfie colorato \u00e8 stato oggetto di studio sociologico. Una vera e propria moda che ha spopolato ovunque e che tappa dopo tappa ha registrato numeri da capogiro: in otto edizioni ha totalizzato oltre 650 mila partecipanti di tutte le et\u00e0 e culture.\u00a0<\/span><b>www.holitour.it<\/b><\/p>\n","protected":false},"excerpt":{"rendered":"<p>Sabato 1 Luglio al Parco della Barchessa di Limena grande attesa per il format arcobalenico pi\u00f9 popolare d\u2019Italia. Gli organizzatori: \u201cIn occasione di Color Fest 23, l&#8217;evento per i ragazzi che celebra la fine della scuola e degli esami, siamo felici di portare tutto il nostro carico di gioia, musica e colori per festeggiare insieme [&hellip;]<\/p>\n","protected":false},"author":7369,"featured_media":0,"comment_status":"open","ping_status":"open","sticky":false,"template":"","format":"standard","meta":{"footnotes":""},"categories":[8],"tags":[],"class_list":["post-77505","post","type-post","status-publish","format-standard","hentry","category-eventi"],"_links":{"self":[{"href":"https:\/\/www.area-press.eu\/comunicatistampa\/wp-json\/wp\/v2\/posts\/77505","targetHints":{"allow":["GET"]}}],"collection":[{"href":"https:\/\/www.area-press.eu\/comunicatistampa\/wp-json\/wp\/v2\/posts"}],"about":[{"href":"https:\/\/www.area-press.eu\/comunicatistampa\/wp-json\/wp\/v2\/types\/post"}],"author":[{"embeddable":true,"href":"https:\/\/www.area-press.eu\/comunicatistampa\/wp-json\/wp\/v2\/users\/7369"}],"replies":[{"embeddable":true,"href":"https:\/\/www.area-press.eu\/comunicatistampa\/wp-json\/wp\/v2\/comments?post=77505"}],"version-history":[{"count":1,"href":"https:\/\/www.area-press.eu\/comunicatistampa\/wp-json\/wp\/v2\/posts\/77505\/revisions"}],"predecessor-version":[{"id":77507,"href":"https:\/\/www.area-press.eu\/comunicatistampa\/wp-json\/wp\/v2\/posts\/77505\/revisions\/77507"}],"wp:attachment":[{"href":"https:\/\/www.area-press.eu\/comunicatistampa\/wp-json\/wp\/v2\/media?parent=77505"}],"wp:term":[{"taxonomy":"category","embeddable":true,"href":"https:\/\/www.area-press.eu\/comunicatistampa\/wp-json\/wp\/v2\/categories?post=77505"},{"taxonomy":"post_tag","embeddable":true,"href":"https:\/\/www.area-press.eu\/comunicatistampa\/wp-json\/wp\/v2\/tags?post=77505"}],"curies":[{"name":"wp","href":"https:\/\/api.w.org\/{rel}","templated":true}]}}