{"id":77436,"date":"2023-06-27T20:25:58","date_gmt":"2023-06-27T18:25:58","guid":{"rendered":"https:\/\/www.area-press.eu\/comunicatistampa\/?p=77436"},"modified":"2023-06-27T20:25:58","modified_gmt":"2023-06-27T18:25:58","slug":"arte-sfilate-storiche-e-una-miriade-di-fiore-bruxelles-si-prepara-a-vivere-unestate-ricca-di-appuntamenti","status":"publish","type":"post","link":"https:\/\/www.area-press.eu\/comunicatistampa\/2023\/06\/27\/arte-sfilate-storiche-e-una-miriade-di-fiore-bruxelles-si-prepara-a-vivere-unestate-ricca-di-appuntamenti\/","title":{"rendered":"Arte, sfilate storiche e una miriade di fiore: Bruxelles si prepara a vivere un\u2019estate ricca di appuntamenti"},"content":{"rendered":"<p>Si preannuncia una calda estate a Bruxelles sul fronte di un palinsesto di eventi che punta a mettere in risalto il carattere versatile ed eclettico della Capitale delle Capitali.<\/p>\n<h2><strong>OMMEGANG DI BRUXELLES<\/strong><\/h2>\n<p>Si parte dal tradizionale appuntamento con l\u2019<strong>Ommegang<\/strong>, spettacolare manifestazione riconosciuta come Patrimonio dell\u2019Unesco in programma <strong>dal 28 giugno al 1\u00b0 luglio<\/strong>: 1.400 artisti, tra trampolieri, giocolieri, musicisti, cantanti, ballerini e sbandieratori, saranno impegnati a ricreare l\u2019atmosfera rinascimentale e a rievocare la processione organizzata nel 1549 in occasione dell\u2019ingresso in citt\u00e0 dell\u2019Imperatore <strong>Carlo V<\/strong> insieme al figlio Filippo II, futuro Re di Spagna.<\/p>\n<p>Il momento clou delle celebrazioni \u00e8 rappresentato dalla <strong>sfilata<\/strong>, a cui \u00e8 possibile assistere gratuitamente, in calendario nelle serate di mercoled\u00ec <strong>28 giugno<\/strong> e venerd\u00ec <strong>30 giugno<\/strong>: la carrozza di Carlo V partir\u00e0 intorno alle 20:15 dal Palazzo Reale per fare il suo ingresso, una decina di minuti pi\u00f9 tardi, alla Chiesa di Nostra Signora delle Vittoria del quartiere Sablon in cui avverr\u00e0 la rievocazione storica vera e propria attraverso performance e coreografie mozzafiato. Il programma prevede diverse iniziative, come l\u2019avvincente sfida tra due corporazioni di balestrieri che avr\u00e0 luogo sempre nei dintorni della Chiesa di Sablon, dove sar\u00e0 allestito anche un <strong>villaggio rinascimentale<\/strong> con entusiasmanti spettacoli pronti a lasciare a bocca aperta grandi e piccini.<\/p>\n<h2><strong>FLOWERTIME AL MUNICIPIO DI BRUXELLES<\/strong><\/h2>\n<p>Ogni due anni, in alternanza con il Tapis de Fleurs che ricopre la Grand Place con un tappeto di fiori, <strong>Flowertime<\/strong>, appuntamento imperdibile per gli amanti dell&#8217;architettura e dei petali di tutto il mondo, permette di (ri)scoprire lo splendido municipio di Bruxelles sotto una luce completamente diversa: <strong>dall&#8217;11 al 15 agosto 2023<\/strong>, infatti, una miriade di fioristi locali e internazionali decoreranno le sale pi\u00f9 prestigiose dell\u2019edificio, considerato un capolavoro dello stile gotico brabantino. Costruito tra il 1402 e il 1455, il palazzo sorge nella parte sud della Grand Place ed \u00e8 dotato di una delle torri pi\u00f9 affascinanti del mondo, alta ben 96 metri.<\/p>\n<p>Per cinque giorni, l&#8217;atrio, i corridoi e le sale di ricevimento saranno adornati da decine di <strong>composizioni floreali<\/strong> originali e sorprendenti, che avranno come tema portante quello del <strong>surrealismo<\/strong> e che trasformeranno la struttura in una sorta di passeggiata idilliaca attraverso un universo incantato, ricco di profumi inebrianti e colori cangianti.<\/p>\n<h2><strong>APERTURA CASA HANNON A BRUXELLES<\/strong><\/h2>\n<p>Per gli appassionati di arte, sulla scia delle celebrazioni per <strong>l\u2019anno dedicato all\u2019Art Nouveau,<\/strong> da segnalare la riapertura al pubblico, dopo un restauro di oltre nove anni, della <strong>Casa Hannon<\/strong>, vero e proprio gioiello del movimento. Costruita nel 1902 da Jules Brunfaut come abitazione per l\u2019esteta e collezionista <strong>Edouard Hannon,<\/strong> la \u201cmaison\u201d \u00e8 caratterizzata da uno stile eccezionale, che abbraccia tanto l\u2019architettura esterna, quanto mobili e decorazioni. Gli interni, in particolare, sono molto ispirati alla corrente francese dell\u2019art nouveau, e sono stati parzialmente ricostruiti in collaborazione con diverse istituzioni nazionali e internazionali, tra cui il Museo delle Arti Decorative di Parigi e il Mus\u00e9e de l\u2019Ecole di Nancy.<\/p>\n","protected":false},"excerpt":{"rendered":"<p>Si preannuncia una calda estate a Bruxelles sul fronte di un palinsesto di eventi che punta a mettere in risalto il carattere versatile ed eclettico della Capitale delle Capitali. OMMEGANG DI BRUXELLES Si parte dal tradizionale appuntamento con l\u2019Ommegang, spettacolare manifestazione riconosciuta come Patrimonio dell\u2019Unesco in programma dal 28 giugno al 1\u00b0 luglio: 1.400 artisti, [&hellip;]<\/p>\n","protected":false},"author":49,"featured_media":0,"comment_status":"open","ping_status":"open","sticky":false,"template":"","format":"standard","meta":{"footnotes":""},"categories":[17],"tags":[3834,34092,34091],"class_list":["post-77436","post","type-post","status-publish","format-standard","hentry","category-turismo","tag-bruxelles","tag-flowertime","tag-ommegang"],"_links":{"self":[{"href":"https:\/\/www.area-press.eu\/comunicatistampa\/wp-json\/wp\/v2\/posts\/77436","targetHints":{"allow":["GET"]}}],"collection":[{"href":"https:\/\/www.area-press.eu\/comunicatistampa\/wp-json\/wp\/v2\/posts"}],"about":[{"href":"https:\/\/www.area-press.eu\/comunicatistampa\/wp-json\/wp\/v2\/types\/post"}],"author":[{"embeddable":true,"href":"https:\/\/www.area-press.eu\/comunicatistampa\/wp-json\/wp\/v2\/users\/49"}],"replies":[{"embeddable":true,"href":"https:\/\/www.area-press.eu\/comunicatistampa\/wp-json\/wp\/v2\/comments?post=77436"}],"version-history":[{"count":1,"href":"https:\/\/www.area-press.eu\/comunicatistampa\/wp-json\/wp\/v2\/posts\/77436\/revisions"}],"predecessor-version":[{"id":77437,"href":"https:\/\/www.area-press.eu\/comunicatistampa\/wp-json\/wp\/v2\/posts\/77436\/revisions\/77437"}],"wp:attachment":[{"href":"https:\/\/www.area-press.eu\/comunicatistampa\/wp-json\/wp\/v2\/media?parent=77436"}],"wp:term":[{"taxonomy":"category","embeddable":true,"href":"https:\/\/www.area-press.eu\/comunicatistampa\/wp-json\/wp\/v2\/categories?post=77436"},{"taxonomy":"post_tag","embeddable":true,"href":"https:\/\/www.area-press.eu\/comunicatistampa\/wp-json\/wp\/v2\/tags?post=77436"}],"curies":[{"name":"wp","href":"https:\/\/api.w.org\/{rel}","templated":true}]}}