{"id":77365,"date":"2023-06-27T20:25:54","date_gmt":"2023-06-27T18:25:54","guid":{"rendered":"https:\/\/www.area-press.eu\/comunicatistampa\/?p=77365"},"modified":"2023-06-27T20:25:54","modified_gmt":"2023-06-27T18:25:54","slug":"i-guardiani-del-futuro-un-progetto-educativo-coinvolgente-e-stimolante-che-promuove-la-creativita-e-limpegno-sociale","status":"publish","type":"post","link":"https:\/\/www.area-press.eu\/comunicatistampa\/2023\/06\/27\/i-guardiani-del-futuro-un-progetto-educativo-coinvolgente-e-stimolante-che-promuove-la-creativita-e-limpegno-sociale\/","title":{"rendered":"I \u201cGuardiani del Futuro\u201d: Un progetto educativo coinvolgente e stimolante che promuove la creativit\u00e0 e l\u2019impegno sociale"},"content":{"rendered":"<p>Yaw Communication, con Gran Shopping Mongolfiera Molfetta e Mongolfiera Lecce, \u00e8 lieta di annunciare il grande successo delle fasi finali del progetto educativo &#8220;Guardiani del Futuro&#8221;. Questo innovativo programma, ideato da Yaw Communication, promosso da Gran Shopping Mongolfiera e Mongolfiera Lecce e realizzato in collaborazione con Giffoni Innovation Hub, si \u00e8 concluso con eventi entusiasmanti presso entrambi i centri commerciali.<\/p>\n<p>I giovanissimi partecipanti, attraverso la formazione da parte del team di Giffoni Innovation Hub, hanno elaborato i temi dell\u2019<em>inclusione<\/em> e della <em>sostenibilit\u00e0<\/em> attraverso la <em>narrazione<\/em> e la <em>scrittura<\/em> di storie.<\/p>\n<p>Le giornate del 28 maggio presso il centro commerciale Mongolfiera di Molfetta e del 9 giugno presso il centro commerciale Mongolfiera Lecce sono state caratterizzate da un&#8217;atmosfera festosa e da un&#8217;energia contagiosa, grazie all&#8217;euforia dei ragazzi coinvolti nel progetto. Durante gli eventi, gli stessi studenti hanno avuto l&#8217;opportunit\u00e0 di leggere i loro migliori racconti, frutto del loro impegno durante le ore di lezione con i docenti di Giffoni Innovation Hub.<\/p>\n<p>La scrittura creativa ha affascinato tutti i partecipanti, studenti e insegnanti, grazie all&#8217;interessante e divertente modo con cui sono stati affrontati i temi dell&#8217;inclusione e della sostenibilit\u00e0. Il coinvolgimento dei giovani talenti \u00e8 stato fondamentale per creare un ambiente stimolante e collaborativo, in cui sono emerse idee innovative e prospettive originali.<\/p>\n<p>I &#8220;Guardiani del Futuro&#8221; hanno coinvolto quasi 500 bambini provenienti da diverse scuole, che hanno partecipato attivamente attraverso circa 50 produzioni, tra racconti e disegni. L&#8217;entusiasmo e l&#8217;impegno dimostrati dai giovani partecipanti testimoniano l&#8217;importanza di offrire opportunit\u00e0 creative che li stimolino ad esprimere le loro idee e a riflettere sui temi sociali che li circondano.<\/p>\n<p>Nelle tappe svoltesi a Lecce, abbiamo avuto l&#8217;onore di ospitare lo scrittore e giornalista Massimo Lucidi, che ha arricchito ulteriormente l&#8217;esperienza dei partecipanti con la sua esperienza e il suo talento. La presenza di un autore di successo ha ispirato i giovani scrittori, fornendo loro uno stimolo per perseguire le proprie passioni e sviluppare le loro abilit\u00e0 creative.<\/p>\n<p>L&#8217;entusiasmo e il coinvolgimento suscitati dai &#8220;Guardiani del Futuro&#8221; hanno confermato l&#8217;importanza di progetti educativi che valorizzano la creativit\u00e0 e promuovono il senso di responsabilit\u00e0 sociale. Yaw Communication \u00e8 orgogliosa di aver promosso questa iniziativa, che ha fornito agli studenti una piattaforma e un modo innovativo per esprimere le proprie voci, incoraggiando l&#8217;inclusione e la sostenibilit\u00e0 come valori fondamentali.<\/p>\n<p>Nonostante la conclusione delle tappe a Molfetta e Lecce, il progetto &#8220;Guardiani del Futuro&#8221; continuer\u00e0 nella seconda parte dell&#8217;anno, a partire dal centro commerciale Le Befane e toccher\u00e0 tutta l\u2019Italia. Invitiamo, pertanto, tutti a seguire con interesse le prossime tappe, in cui nuovi giovani talenti avranno l&#8217;opportunit\u00e0 di mettersi in gioco e di diventare a loro volta &#8220;Guardiani del Futuro&#8221;.<\/p>\n<p><a href=\"https:\/\/www.massimolucidi.it\/site\/i-guardiani-del-futuro-un-progetto-educativo-coinvolgente-e-stimolante-che-promuove-la-creativita-e-limpegno-sociale\/\">ARTICOLO DI RIFERIMENTO<\/a><\/p>\n","protected":false},"excerpt":{"rendered":"<p>Yaw Communication, con Gran Shopping Mongolfiera Molfetta e Mongolfiera Lecce, \u00e8 lieta di annunciare il grande successo delle fasi finali del progetto educativo &#8220;Guardiani del Futuro&#8221;. Questo innovativo programma, ideato da Yaw Communication, promosso da Gran Shopping Mongolfiera e Mongolfiera Lecce e realizzato in collaborazione con Giffoni Innovation Hub, si \u00e8 concluso con eventi entusiasmanti [&hellip;]<\/p>\n","protected":false},"author":4753,"featured_media":0,"comment_status":"open","ping_status":"open","sticky":false,"template":"","format":"standard","meta":{"footnotes":""},"categories":[29],"tags":[],"class_list":["post-77365","post","type-post","status-publish","format-standard","hentry","category-comunicati"],"_links":{"self":[{"href":"https:\/\/www.area-press.eu\/comunicatistampa\/wp-json\/wp\/v2\/posts\/77365","targetHints":{"allow":["GET"]}}],"collection":[{"href":"https:\/\/www.area-press.eu\/comunicatistampa\/wp-json\/wp\/v2\/posts"}],"about":[{"href":"https:\/\/www.area-press.eu\/comunicatistampa\/wp-json\/wp\/v2\/types\/post"}],"author":[{"embeddable":true,"href":"https:\/\/www.area-press.eu\/comunicatistampa\/wp-json\/wp\/v2\/users\/4753"}],"replies":[{"embeddable":true,"href":"https:\/\/www.area-press.eu\/comunicatistampa\/wp-json\/wp\/v2\/comments?post=77365"}],"version-history":[{"count":1,"href":"https:\/\/www.area-press.eu\/comunicatistampa\/wp-json\/wp\/v2\/posts\/77365\/revisions"}],"predecessor-version":[{"id":77366,"href":"https:\/\/www.area-press.eu\/comunicatistampa\/wp-json\/wp\/v2\/posts\/77365\/revisions\/77366"}],"wp:attachment":[{"href":"https:\/\/www.area-press.eu\/comunicatistampa\/wp-json\/wp\/v2\/media?parent=77365"}],"wp:term":[{"taxonomy":"category","embeddable":true,"href":"https:\/\/www.area-press.eu\/comunicatistampa\/wp-json\/wp\/v2\/categories?post=77365"},{"taxonomy":"post_tag","embeddable":true,"href":"https:\/\/www.area-press.eu\/comunicatistampa\/wp-json\/wp\/v2\/tags?post=77365"}],"curies":[{"name":"wp","href":"https:\/\/api.w.org\/{rel}","templated":true}]}}