{"id":77363,"date":"2023-06-27T20:25:54","date_gmt":"2023-06-27T18:25:54","guid":{"rendered":"https:\/\/www.area-press.eu\/comunicatistampa\/?p=77363"},"modified":"2023-06-27T20:25:54","modified_gmt":"2023-06-27T18:25:54","slug":"energie-e-s-s-e-r-e-italia-per-offrire-bellezza","status":"publish","type":"post","link":"https:\/\/www.area-press.eu\/comunicatistampa\/2023\/06\/27\/energie-e-s-s-e-r-e-italia-per-offrire-bellezza\/","title":{"rendered":"ENERGIE: E.S.S.E.R.E. ITALIA PER OFFRIRE BELLEZZA"},"content":{"rendered":"<p><strong>ENERGIA, SOSTENIBILIT<\/strong><strong>\u00c0<\/strong><strong>, SCIENZA, ESTETICA, RICERCA, EMPATIA<\/strong><\/p>\n<p>Al <strong>\u201cCircolo della Ginnastica\u201d <\/strong>al Muro Torto in Roma a un passo dall&#8217;ingresso su Via Veneto,<strong> mercoled\u00ec 14 giugno alle 18.30 <\/strong>si \u00e8 svolto l&#8217;evento <strong>\u201cE.S.S.E.R.E.\u201d promosso dalla Fondazione E-Novation<\/strong> in occasione dell&#8217;arrivo della Mille Miglia nella Capitale.<\/p>\n<p><strong><em>Energia, Sostenibilit\u00e0, Scienza, Estetica, Ricerca, Empatia un gioco di parole per lanciare i temi dell&#8217;incontro<\/em><\/strong> che giunge alla quinta edizione per parlare soprattutto di energia e sostenibilit\u00e0 ma pure di ambiente e societ\u00e0 al tempo della complessit\u00e0 e della digitalizzazione.<\/p>\n<p>Un salotto all&#8217;aperto (e una cena nella club house), <strong><em>condotto da Massimo Lucidi,<\/em><\/strong> presidente della Fondazione E-Novation con interventi di <strong>Guglielmo Giovannelli Marconi<\/strong> Universit\u00e0 Unimeier, <strong>Livio Livi<\/strong> Direttore BMS Q8, <strong>Ezio Bonanni<\/strong> Presidente ONA Osservatorio Nazionale Ambiente Amianto, <strong>Alessandra Schettino<\/strong> Founder di Rome Education Hub, <strong>Vincenzo Naso<\/strong> Direttore Generale CIRPS, <strong>Edmund Agbo Ugwu<\/strong> Presidente e Rettore IBI in Nigeria, <strong>Alberto Patruno<\/strong> Segretario Generale ASSO.IMPRE.DI.A. Confindustria Cisambiente.<\/p>\n<p>Dopo il convegno, aperitivo aspettando l&#8217;arrivo delle auto storiche della corsa pi\u00f9 bella al mondo e quindi a cena per festeggiare &#8220;<strong><em>la Bellezza e la Vita<\/em><\/strong><em> quale equilibrio di cui tutti dobbiamo esserne partecipi e alla ricerca, modello italiano fatto di sostenibilit\u00e0 ed eccellenza che fa del Bel Paese il principale influencer culturale al mondo&#8221;<\/em> <strong>dichiara Massimo Lucidi.<\/strong><\/p>\n<p><strong><em>La Fondazione e-novation promuove attivit\u00e0 e progetti che esprimono la Cultura della Vita e della Pace:<\/em><\/strong> tra questi, Premio Eccellenza Italiana (da 10 anni), Bellessere (da 20 anni), Giornate Internazionali della Libert\u00e0, Stati Generali della Sostenibilit\u00e0, Quaderni Social, Salotto dell&#8217;eleganza.<\/p>\n<p><a href=\"https:\/\/www.massimolucidi.it\/site\/energie-e-s-s-e-r-e-italia-per-offrire-bellezza\/\">ARTICOLO DI RIFERIMENTO<\/a><\/p>\n","protected":false},"excerpt":{"rendered":"<p>ENERGIA, SOSTENIBILIT\u00c0, SCIENZA, ESTETICA, RICERCA, EMPATIA Al \u201cCircolo della Ginnastica\u201d al Muro Torto in Roma a un passo dall&#8217;ingresso su Via Veneto, mercoled\u00ec 14 giugno alle 18.30 si \u00e8 svolto l&#8217;evento \u201cE.S.S.E.R.E.\u201d promosso dalla Fondazione E-Novation in occasione dell&#8217;arrivo della Mille Miglia nella Capitale. Energia, Sostenibilit\u00e0, Scienza, Estetica, Ricerca, Empatia un gioco di parole per [&hellip;]<\/p>\n","protected":false},"author":4753,"featured_media":0,"comment_status":"open","ping_status":"open","sticky":false,"template":"","format":"standard","meta":{"footnotes":""},"categories":[4],"tags":[],"class_list":["post-77363","post","type-post","status-publish","format-standard","hentry","category-attualita-e-societa"],"_links":{"self":[{"href":"https:\/\/www.area-press.eu\/comunicatistampa\/wp-json\/wp\/v2\/posts\/77363","targetHints":{"allow":["GET"]}}],"collection":[{"href":"https:\/\/www.area-press.eu\/comunicatistampa\/wp-json\/wp\/v2\/posts"}],"about":[{"href":"https:\/\/www.area-press.eu\/comunicatistampa\/wp-json\/wp\/v2\/types\/post"}],"author":[{"embeddable":true,"href":"https:\/\/www.area-press.eu\/comunicatistampa\/wp-json\/wp\/v2\/users\/4753"}],"replies":[{"embeddable":true,"href":"https:\/\/www.area-press.eu\/comunicatistampa\/wp-json\/wp\/v2\/comments?post=77363"}],"version-history":[{"count":1,"href":"https:\/\/www.area-press.eu\/comunicatistampa\/wp-json\/wp\/v2\/posts\/77363\/revisions"}],"predecessor-version":[{"id":77364,"href":"https:\/\/www.area-press.eu\/comunicatistampa\/wp-json\/wp\/v2\/posts\/77363\/revisions\/77364"}],"wp:attachment":[{"href":"https:\/\/www.area-press.eu\/comunicatistampa\/wp-json\/wp\/v2\/media?parent=77363"}],"wp:term":[{"taxonomy":"category","embeddable":true,"href":"https:\/\/www.area-press.eu\/comunicatistampa\/wp-json\/wp\/v2\/categories?post=77363"},{"taxonomy":"post_tag","embeddable":true,"href":"https:\/\/www.area-press.eu\/comunicatistampa\/wp-json\/wp\/v2\/tags?post=77363"}],"curies":[{"name":"wp","href":"https:\/\/api.w.org\/{rel}","templated":true}]}}