{"id":76225,"date":"2023-05-19T18:47:41","date_gmt":"2023-05-19T16:47:41","guid":{"rendered":"https:\/\/www.area-press.eu\/comunicatistampa\/?p=76225"},"modified":"2023-05-19T18:47:41","modified_gmt":"2023-05-19T16:47:41","slug":"dal-mondo-delle-api-riceviamo-e-volentieri-diffondiamo-il-nostro-vademecum-per-proteggere-tutti-noi","status":"publish","type":"post","link":"https:\/\/www.area-press.eu\/comunicatistampa\/2023\/05\/19\/dal-mondo-delle-api-riceviamo-e-volentieri-diffondiamo-il-nostro-vademecum-per-proteggere-tutti-noi\/","title":{"rendered":"Dal mondo delle api riceviamo e volentieri diffondiamo: Il nostro vademecum per proteggere \u2026tutti noi"},"content":{"rendered":"<p>Caro umano,<\/p>\n<p>il 20 maggio \u00e8 la giornata mondiale delle api. Non facciamo, come accade spesso, che si tratti solo di un\u2019occasione per simpatici post sui social media e che, dal giorno successivo, tutto torni alla situazione attuale che, come forse sai, \u00e8 pessima per noi.\u00a0 Siamo sempre meno e le cause sono, in gran parte, responsabilit\u00e0 tua.<\/p>\n<p>Forse vale la pena ricordarti che senza di noi, anche tu rischi qualcosa. Si stima, infatti che l\u201987,5% delle piante spontanee a livello globale (circa 308.000 specie) e circa il 40% della produzione agricola mondiale dipenda, almeno in parte, dall\u2019impollinazione. A dirlo non siamo noi, che siamo le dirette interessate, ma l\u2019autorevole <a href=\"https:\/\/www.ipbes.net\/assessment-reports\/pollinators\">Assessment Report on Pollinators, Pollination and Food Production<\/a>.<\/p>\n<p>A questo punto vogliamo darti una mano. Per questo ci siamo riunite e abbiamo preparato un breve vademecum per indicarti come darti da fare per aiutarci e, allo stesso tempo, aiutare voi umani.<\/p>\n<p>Eccolo:<\/p>\n<ol>\n<li>Considerando che uno dei motivi principali per il quale stiamo sparendo \u00e8 la perdita del nostro habitat naturale \u00e8 forse il caso che mettiate pi\u00f9 impegno nelle azioni di tutela delle aree boschive, dei prati e delle zone dove nidifichiamo e ci nutriamo. Fa bene a noi e ai tuoi polmoni;<\/li>\n<li>Diamoci un taglio con l\u2019uso di questi pesticidi e, in generale, con l\u2019utilizzo massiccio della chimica in agricoltura. Se non lo sai, ti informiamo che sono sostanze che ci uccidono;<\/li>\n<li>\u00c8 vero che il cambiamento climatico \u00e8 un tema enorme che deve essere affrontato a livello globale, ma qualsiasi piccolo contributo che concorre a invertire la rotta \u00e8 ben accetto. Purtroppo, se non affrontiamo seriamente questo problema noi, e voi, avremo meno disponibilit\u00e0 di cibo poich\u00e9 viene squilibrata la stagionalit\u00e0 dei fiori che impolliniamo;<\/li>\n<li>Come te, anche noi siamo esseri fragili. Malattie e parassiti possono diffondersi rapidamente all\u2019interno delle nostre colonie e provocare danni devastanti. Un po\u2019 pi\u00f9 di amore e attenzione nella cura delle nostre comunit\u00e0 \u00e8 fondamentale per prevenire questi problemi;<\/li>\n<li>La tua attivit\u00e0 \u00e8 spesso poco rispettosa nei nostri confronti. L&#8217;inquinamento che produci, l&#8217;urbanizzazione spesso selvaggia, l&#8217;introduzione di nuove specie invasive sono tutte azioni entropiche che ci danneggiano e mettono a rischio la nostra sopravvivenza.<\/li>\n<\/ol>\n<p>&nbsp;<\/p>\n<p>Vademecum impegnativo, ce ne rendiamo conto. Ma la posta in gioco \u00e8 alta. Per tutti.<\/p>\n<p>Diamoci una mano, con immutata fiducia,<\/p>\n<p>Le Api<\/p>\n<p>&nbsp;<\/p>\n<p>P.S. Ringraziamo Apicoltura Piana per la diffusione del messaggio e perch\u00e9 si prende cura di noi da 120 anni.<\/p>\n","protected":false},"excerpt":{"rendered":"<p>Dal mondo delle api riceviamo e volentieri diffondiamo: Il nostro vademecum per proteggere \u2026tutti noi<\/p>\n","protected":false},"author":1326,"featured_media":0,"comment_status":"open","ping_status":"open","sticky":false,"template":"","format":"standard","meta":{"footnotes":""},"categories":[4,29,8],"tags":[20879,33972,27552],"class_list":["post-76225","post","type-post","status-publish","format-standard","hentry","category-attualita-e-societa","category-comunicati","category-eventi","tag-api","tag-apicoltura-piana","tag-giornata-mondiale"],"_links":{"self":[{"href":"https:\/\/www.area-press.eu\/comunicatistampa\/wp-json\/wp\/v2\/posts\/76225","targetHints":{"allow":["GET"]}}],"collection":[{"href":"https:\/\/www.area-press.eu\/comunicatistampa\/wp-json\/wp\/v2\/posts"}],"about":[{"href":"https:\/\/www.area-press.eu\/comunicatistampa\/wp-json\/wp\/v2\/types\/post"}],"author":[{"embeddable":true,"href":"https:\/\/www.area-press.eu\/comunicatistampa\/wp-json\/wp\/v2\/users\/1326"}],"replies":[{"embeddable":true,"href":"https:\/\/www.area-press.eu\/comunicatistampa\/wp-json\/wp\/v2\/comments?post=76225"}],"version-history":[{"count":1,"href":"https:\/\/www.area-press.eu\/comunicatistampa\/wp-json\/wp\/v2\/posts\/76225\/revisions"}],"predecessor-version":[{"id":76226,"href":"https:\/\/www.area-press.eu\/comunicatistampa\/wp-json\/wp\/v2\/posts\/76225\/revisions\/76226"}],"wp:attachment":[{"href":"https:\/\/www.area-press.eu\/comunicatistampa\/wp-json\/wp\/v2\/media?parent=76225"}],"wp:term":[{"taxonomy":"category","embeddable":true,"href":"https:\/\/www.area-press.eu\/comunicatistampa\/wp-json\/wp\/v2\/categories?post=76225"},{"taxonomy":"post_tag","embeddable":true,"href":"https:\/\/www.area-press.eu\/comunicatistampa\/wp-json\/wp\/v2\/tags?post=76225"}],"curies":[{"name":"wp","href":"https:\/\/api.w.org\/{rel}","templated":true}]}}