{"id":75827,"date":"2023-05-04T02:07:24","date_gmt":"2023-05-04T00:07:24","guid":{"rendered":"https:\/\/www.area-press.eu\/comunicatistampa\/?p=75827"},"modified":"2023-05-04T02:07:24","modified_gmt":"2023-05-04T00:07:24","slug":"presentazione-alla-camera-della-xvi-edizione-giornate-dellemigrazione","status":"publish","type":"post","link":"https:\/\/www.area-press.eu\/comunicatistampa\/2023\/05\/04\/presentazione-alla-camera-della-xvi-edizione-giornate-dellemigrazione\/","title":{"rendered":"Presentazione alla Camera della XVI edizione Giornate dell\u2019Emigrazione"},"content":{"rendered":"<p>Mercoled\u00ec\u00a03 maggio alle ore 14 alla Camera dei Deputati presso Aula dei Gruppi Parlamentari in Via di Campo Marzio 78 Roma, davanti a Ministri e Parlamentari avr\u00e0 luogo la presentazione della\u00a0<strong>XVI edizione della Rassegna \u201cGiornate dell\u2019Emigrazione\u201d<\/strong>.<\/p>\n<p class=\"has-medium-font-size\">Questo grande evento \u00e8 promosso\u00a0dall\u2019associazione Asmef presieduta\u00a0da\u00a0<strong>Salvo Iavarone<\/strong>, affiancato da\u00a0<strong>Angelo Sollazzo<\/strong>, presidente di CIM Confederazione Italiani nel Mondo e da\u00a0<strong>Massimo Lucidi<\/strong>\u00a0ideatore del Premio Eccellenza Italiana giunto alla decima edizione a Washington DC senza alcuna interruzione causa Covid.<\/p>\n<p class=\"has-medium-font-size\"><strong>Le Giornate dell\u2019Emigrazione<\/strong>\u00a0che godono del patrocinio del\u00a0<strong>Ministero degli Esteri<\/strong>\u00a0a cui si affianca da quest\u2019anno quello della\u00a0<strong>Cultura<\/strong>, da 16 anni offrono un racconto degli\u00a0<strong>Italians, gli Italici, gli Italiani nel mondo<\/strong>, non nostalgico ma nel segno del networking internazionale di una comunit\u00e0 a cui il mondo riconosce la leadership di influencer culturale. Gli iscritti\u00a0all\u2019<strong>AIRE<\/strong>,<strong>\u00a0Associazione Italiana Residenti Esteri<\/strong>, sono 6 milioni ma se si valuta la seconda e terza generazione si arriva presto a calcolare\u00a0<strong>70 milioni<\/strong>\u00a0di cognomi italiani, quindi una popolazione superiore a quella nei confini del Bel Paese. Si parler\u00e0 quindi di italianit\u00e0 nel mondo ma anche di nuove povert\u00e0: un secolo fa la valigia di cartone era il simbolo dei poveri che emigravano; oggi i poveri esistono ancora ma come si emigra? Pure in modalit\u00e0 digitale?<\/p>\n<p class=\"has-medium-font-size\">Non mancano i temi dell\u2019impresa ma pure di cultura e presenti pure le istituzioni. Tra gli ospiti confermati (nel programma allegato) il Ministro degli Esteri\u00a0<strong>Antonio Tajani<\/strong>,\u00a0<strong>Maurizio Gasparri<\/strong>\u00a0Vice Presidente del Senato, tra i\u00a0 parlamentari\u00a0<strong>Cristian Di Sanzo\u00a0<\/strong>e<strong>\u00a0Fabio Porta<\/strong>,<strong>\u00a0Luca Bianchi<\/strong>\u00a0DG Svimez, l\u2019imprenditrice\u00a0<strong>Veronica Pitea<\/strong>\u00a0Presidente Aceper,\u00a0<strong>Paolo Masini<\/strong>\u00a0presidente Fondazione Museo dell\u2019emigrazione Italiana,\u00a0<strong>Elena Bonelli<\/strong>\u00a0ambasciatrice della canzone romana nel mondo e numerosi collegamenti da New York tra cui\u00a0<strong>Fabrizio\u00a0Di Michele<\/strong>, Console Generale d\u2019Italia e\u00a0<strong>Anthony Tamburri<\/strong>\u00a0CEO del John Calandra Institute.<\/p>\n<p class=\"has-medium-font-size\">ufficio stampa:\u00a0nadiapedicino@libero.it<\/p>\n<p class=\"has-medium-font-size\">3387220484<\/p>\n","protected":false},"excerpt":{"rendered":"<p>Mercoled\u00ec\u00a03 maggio alle ore 14 alla Camera dei Deputati presso Aula dei Gruppi Parlamentari in Via di Campo Marzio 78 Roma, davanti a Ministri e Parlamentari avr\u00e0 luogo la presentazione della\u00a0XVI edizione della Rassegna \u201cGiornate dell\u2019Emigrazione\u201d. Questo grande evento \u00e8 promosso\u00a0dall\u2019associazione Asmef presieduta\u00a0da\u00a0Salvo Iavarone, affiancato da\u00a0Angelo Sollazzo, presidente di CIM Confederazione Italiani nel Mondo e [&hellip;]<\/p>\n","protected":false},"author":4753,"featured_media":0,"comment_status":"open","ping_status":"open","sticky":false,"template":"","format":"standard","meta":{"footnotes":""},"categories":[4,8],"tags":[],"class_list":["post-75827","post","type-post","status-publish","format-standard","hentry","category-attualita-e-societa","category-eventi"],"_links":{"self":[{"href":"https:\/\/www.area-press.eu\/comunicatistampa\/wp-json\/wp\/v2\/posts\/75827","targetHints":{"allow":["GET"]}}],"collection":[{"href":"https:\/\/www.area-press.eu\/comunicatistampa\/wp-json\/wp\/v2\/posts"}],"about":[{"href":"https:\/\/www.area-press.eu\/comunicatistampa\/wp-json\/wp\/v2\/types\/post"}],"author":[{"embeddable":true,"href":"https:\/\/www.area-press.eu\/comunicatistampa\/wp-json\/wp\/v2\/users\/4753"}],"replies":[{"embeddable":true,"href":"https:\/\/www.area-press.eu\/comunicatistampa\/wp-json\/wp\/v2\/comments?post=75827"}],"version-history":[{"count":1,"href":"https:\/\/www.area-press.eu\/comunicatistampa\/wp-json\/wp\/v2\/posts\/75827\/revisions"}],"predecessor-version":[{"id":75828,"href":"https:\/\/www.area-press.eu\/comunicatistampa\/wp-json\/wp\/v2\/posts\/75827\/revisions\/75828"}],"wp:attachment":[{"href":"https:\/\/www.area-press.eu\/comunicatistampa\/wp-json\/wp\/v2\/media?parent=75827"}],"wp:term":[{"taxonomy":"category","embeddable":true,"href":"https:\/\/www.area-press.eu\/comunicatistampa\/wp-json\/wp\/v2\/categories?post=75827"},{"taxonomy":"post_tag","embeddable":true,"href":"https:\/\/www.area-press.eu\/comunicatistampa\/wp-json\/wp\/v2\/tags?post=75827"}],"curies":[{"name":"wp","href":"https:\/\/api.w.org\/{rel}","templated":true}]}}