{"id":75783,"date":"2023-04-29T21:50:54","date_gmt":"2023-04-29T19:50:54","guid":{"rendered":"https:\/\/www.area-press.eu\/comunicatistampa\/?p=75783"},"modified":"2023-04-29T21:50:54","modified_gmt":"2023-04-29T19:50:54","slug":"quin-alle-dieci-colli-di-bologna","status":"publish","type":"post","link":"https:\/\/www.area-press.eu\/comunicatistampa\/2023\/04\/29\/quin-alle-dieci-colli-di-bologna\/","title":{"rendered":"QUIN\u00ae alle Dieci Colli di Bologna"},"content":{"rendered":"<p align=\"justify\"><strong><sub><span style=\"font-family: Verdana\"><span style=\"font-size: large\"><i>Il brand sar\u00e0 tra i principali sponsor della competizione ciclistica amatoriale confermandosi un punto di riferimento per chi vuole condurre uno stile di vita sano e sportivo<\/i><\/span><\/span><\/sub><\/strong><\/p>\n<p align=\"justify\"><span style=\"color: #000000\"><span style=\"font-family: Verdana\"><span style=\"font-size: medium\"><b>QUIN<\/b><\/span><\/span><\/span><span style=\"color: #000000\"><sup><span style=\"font-family: Verdana\"><span style=\"font-size: medium\"><b>\u00ae<\/b><\/span><\/span><\/sup><\/span> <span style=\"font-family: Verdana\"><span style=\"font-size: medium\">monta in sella e diventa compagno di gara di tutti i ciclisti e sportivi che amano e cercano le grandi sfide. Il 30 aprile, il brand dell\u2019Az. Agr. Tundo Sebastiano, specializzato nella coltivazione e trasformazione della quinoa,<\/span><\/span><span style=\"font-family: Verdana\"><span style=\"font-size: medium\"><b> sar\u00e0 sponsor della Dieci Colli Gran Fondo Ciclismo<\/b><\/span><\/span><span style=\"font-family: Verdana\"><span style=\"font-size: medium\">. Una partecipazione importante per quella che \u00e8 considerata, per longevit\u00e0, la seconda manifestazione ciclistica del panorama nazionale.<\/span><\/span><\/p>\n<p align=\"justify\"><span style=\"font-family: Verdana\"><span style=\"font-size: medium\">L\u2019edizione 2023, che vedr\u00e0 la presenza di <\/span><\/span><span style=\"font-family: Verdana\"><span style=\"font-size: medium\"><b>1200 iscritti<\/b><\/span><\/span><span style=\"font-family: Verdana\"><span style=\"font-size: medium\"> tra atleti italiani e stranieri, vuole rimarcare con importanti novit\u00e0 il ruolo della Dieci Colli di Bologna come grande classica del cicloturismo amatoriale. <\/span><\/span><span style=\"font-family: Verdana\"><span style=\"font-size: medium\"><b>La zona di partenza ed arrivo <\/b><\/span><\/span><span style=\"font-family: Verdana\"><span style=\"font-size: medium\">della manifestazione sar\u00e0 nella zona adiacente<\/span><\/span><span style=\"font-family: Verdana\"><span style=\"font-size: medium\"><b> al Centro Commerciale Via Larga (BO) <\/b><\/span><\/span><span style=\"font-family: Verdana\"><span style=\"font-size: medium\">dove sar\u00e0 posizionato il Villaggio. Un\u2019altra delle principali innovazioni riguarda <\/span><\/span><span style=\"font-family: Verdana\"><span style=\"font-size: medium\"><b>la rivisitazione dei tracciati che come da tradizione saranno due<\/b><\/span><\/span><span style=\"font-family: Verdana\"><span style=\"font-size: medium\">: <\/span><\/span><span style=\"font-family: Verdana\"><span style=\"font-size: medium\"><b>uno medio<\/b><\/span><\/span><span style=\"font-family: Verdana\"><span style=\"font-size: medium\"><b> di 104 km con un dislivello di circa 1300 mt ed uno lungo di 145 km con un dislivello di circa 2300 mt<\/b><\/span><\/span><span style=\"font-family: Verdana\"><span style=\"font-size: medium\">. <\/span><\/span><span style=\"font-family: Verdana\"><span style=\"font-size: medium\">I due percorsi sono stati tracciati con una logica che li rende divertenti e giustamente impegnativi, mai banali, unendo tratti in pianura a falsipiani, e diversi mangia e bevi a salite con pendenze oltre il 12%.\u00a0Ci\u00f2 che entusiasmer\u00e0 particolarmente gli iscritti sar\u00e0 lo sconfinamento in Toscana che li vedra\u0300 raggiungere al culmine del percorso il Passo della Raticosa. <\/span><\/span><\/p>\n<p align=\"justify\"><span style=\"font-family: Verdana\"><span style=\"font-size: medium\">Per affrontare la gara gli atleti potranno contare sulla propria preparazione, determinazione e infine sulle straordinarie propriet\u00e0 della quinoa, lo pseudo cereale che i nutrizionisti considerano un alimento perfetto per gli sportivi grazie alle sue straordinarie propriet\u00e0.<\/span><\/span><span style=\"font-family: Verdana\"><span style=\"font-size: medium\"><b> Nei pacchi gara<\/b><\/span><\/span><span style=\"font-family: Verdana\"><span style=\"font-size: medium\"> che verranno consegnati a tutti gli iscritti <\/span><\/span><span style=\"font-family: Verdana\"><span style=\"font-size: medium\"><b>ci saranno gli SNEQQUIN 100% QUINOA gr 30<\/b><\/span><\/span><span style=\"font-family: Verdana\"><span style=\"font-size: medium\">, prodotto di eccellenza dell\u2019azienda realizzato grazie all\u2019impegno, al know how e alla passione di tutti i protagonisti della filiera italiana della quinoa situata nelle fertili Valli del Mezzano. Ma il contributo di Quin<\/span><\/span><sup><span style=\"font-family: Verdana\"><span style=\"font-size: medium\">\u00ae<\/span><\/span><\/sup><span style=\"font-family: Verdana\"><span style=\"font-size: medium\"> non si ferma qui. <\/span><\/span><span style=\"font-family: Verdana\"><span style=\"font-size: medium\"><b>Per le premiazioni saranno fornite alle societ\u00e0 60 bottiglie di quinoa birrificata<\/b><\/span><\/span><span style=\"font-family: Verdana\"><span style=\"font-size: medium\"> e al termine della gara i ciclisti insieme ai loro familiari potranno recuperare le energie nel migliore dei modi <\/span><\/span><span style=\"font-family: Verdana\"><span style=\"font-size: medium\"><b>rifocillandosi presso l\u2019Agrilocanda Val Campotto (FE)<\/b><\/span><\/span><span style=\"font-family: Verdana\"><span style=\"font-size: medium\">, una delle strutture convenzionate per la manifestazione. Situata nelle Valli di Argenta del Parco del Delta, \u00e8 il luogo giusto per vivere un\u2019esperienza rigenerante per il corpo e la mente e scoprire la filosofia di <\/span><\/span><span style=\"color: #000000\"><span style=\"font-family: Verdana\"><span style=\"font-size: medium\">QUIN<\/span><\/span><\/span><span style=\"color: #000000\"><sup><span style=\"font-family: Verdana\"><span style=\"font-size: medium\">\u00ae<\/span><\/span><\/sup><\/span><span style=\"font-family: Verdana\"><span style=\"font-size: medium\"> attraverso una cucina casalinga che esalta le materie prime della terra. <\/span><\/span><\/p>\n<p align=\"justify\">\u201c<span style=\"font-family: Verdana\"><span style=\"font-size: medium\"><i>Siamo orgogliosi di partecipare e contribuire alla realizzazione di questo evento<\/i><\/span><\/span><span style=\"font-family: Verdana\"><span style=\"font-size: medium\"> \u2013 <\/span><\/span><span style=\"font-family: Verdana\"><span style=\"font-size: medium\"><b>commenta Sebastiano Tundo<\/b><\/span><\/span><span style=\"font-family: Verdana\"><span style=\"font-size: medium\">, titolare dell\u2019omonima azienda agricola e creatore di <\/span><\/span><span style=\"color: #000000\"><span style=\"font-family: Verdana\"><span style=\"font-size: medium\">QUIN<\/span><\/span><\/span><span style=\"color: #000000\"><sup><span style=\"font-family: Verdana\"><span style=\"font-size: medium\">\u00ae<\/span><\/span><\/sup><\/span><span style=\"font-family: Verdana\"><span style=\"font-size: medium\"> \u2013 <\/span><\/span><span style=\"font-family: Verdana\"><span style=\"font-size: medium\"><i>la Dieci Colli \u00e8 una manifestazione storica, una vera istituzione dello splendido territorio emiliano di cui abbracciamo e condividiamo i valor<\/i><\/span><\/span><span style=\"font-family: Verdana\"><span style=\"font-size: medium\">i. <\/span><\/span><span style=\"font-family: Verdana\"><span style=\"font-size: medium\"><i>Lo sport \u00e8 una risorsa importante che permette alle persone di incontrarsi, competere e crescere inseguendo una passione comune e anche noi con il nostro modo di lavorare e i nostri prodotti vogliamo continuare ad esserne promotori<\/i><\/span><\/span><span style=\"font-family: Verdana\"><span style=\"font-size: medium\">\u201d.<\/span><\/span><\/p>\n<p align=\"justify\"><span style=\"color: #000000\"><span style=\"font-family: Verdana\"><span style=\"font-size: xx-small\"><b>QUIN<\/b><\/span><\/span><\/span><span style=\"color: #000000\"><sup><span style=\"font-family: Verdana\"><span style=\"font-size: xx-small\"><b>\u00ae<\/b><\/span><\/span><\/sup><\/span><span style=\"color: #000000\"><span style=\"font-family: Verdana\"><span style=\"font-size: xx-small\"> \u00e8 un brand di propriet\u00e0 dell\u2019Az. Agr. Tundo Sebastiano, azienda agricola con sede a San Biagio di Argenta<\/span><\/span><\/span><span style=\"color: #000000\"><span style=\"font-family: Verdana\"><span style=\"font-size: xx-small\"><b>.<\/b><\/span><\/span><\/span><span style=\"color: #000000\"><span style=\"font-family: Verdana\"><span style=\"font-size: xx-small\"> Guardando con massima attenzione alla sostenibilit\u00e0 alimentare, QUIN<\/span><\/span><\/span><span style=\"color: #000000\"><sup><span style=\"font-family: Verdana\"><span style=\"font-size: xx-small\">R<\/span><\/span><\/sup><\/span><span style=\"color: #000000\"><span style=\"font-family: Verdana\"><span style=\"font-size: xx-small\"> ha creato la prima filiera italiana della quinoa. Dalla coltivazione al raccolto, fino alla trasformazione della materia prima, l&#8217;azienda di si impegna a consegnare al mercato un prodotto orgogliosamente italiano, affidabile e di altissima qualit\u00e0. W<\/span><\/span><\/span><a href=\"http:\/\/www.quinitalia.com\/\"><span style=\"color: #000000\"><span style=\"font-family: Verdana\"><span style=\"font-size: xx-small\">ww.quinitalia.com<\/span><\/span><\/span><\/a><span style=\"color: #000000\"><span style=\"font-family: Verdana\"><span style=\"font-size: xx-small\"> \u00e8 l&#8217;e-commerce dedicato alla vendita dei prodotti a marchio QUIN<\/span><\/span><\/span><span style=\"color: #000000\"><sup><span style=\"font-family: Verdana\"><span style=\"font-size: xx-small\">\u00ae<\/span><\/span><\/sup><\/span><span style=\"color: #000000\"><span style=\"font-family: Verdana\"><span style=\"font-size: xx-small\">. <\/span><\/span><\/span><\/p>\n<p align=\"justify\"><span style=\"color: #000000\"><span style=\"font-family: Verdana\"><span style=\"font-size: xx-small\">https:\/\/quinitalia.com\/<\/span><\/span><\/span><\/p>\n","protected":false},"excerpt":{"rendered":"<p>Il brand sar\u00e0 tra i principali sponsor della competizione ciclistica amatoriale confermandosi un punto di riferimento per chi vuole condurre uno stile di vita sano e sportivo QUIN\u00ae monta in sella e diventa compagno di gara di tutti i ciclisti e sportivi che amano e cercano le grandi sfide. Il 30 aprile, il brand dell\u2019Az. [&hellip;]<\/p>\n","protected":false},"author":3854,"featured_media":0,"comment_status":"open","ping_status":"open","sticky":false,"template":"","format":"standard","meta":{"footnotes":""},"categories":[29],"tags":[33874,33872,33873,33875],"class_list":["post-75783","post","type-post","status-publish","format-standard","hentry","category-comunicati","tag-quin-alimentazione-sana","tag-quin-dieci-colli-bologna","tag-quin-quinoa","tag-quinoa-e-sport"],"_links":{"self":[{"href":"https:\/\/www.area-press.eu\/comunicatistampa\/wp-json\/wp\/v2\/posts\/75783","targetHints":{"allow":["GET"]}}],"collection":[{"href":"https:\/\/www.area-press.eu\/comunicatistampa\/wp-json\/wp\/v2\/posts"}],"about":[{"href":"https:\/\/www.area-press.eu\/comunicatistampa\/wp-json\/wp\/v2\/types\/post"}],"author":[{"embeddable":true,"href":"https:\/\/www.area-press.eu\/comunicatistampa\/wp-json\/wp\/v2\/users\/3854"}],"replies":[{"embeddable":true,"href":"https:\/\/www.area-press.eu\/comunicatistampa\/wp-json\/wp\/v2\/comments?post=75783"}],"version-history":[{"count":1,"href":"https:\/\/www.area-press.eu\/comunicatistampa\/wp-json\/wp\/v2\/posts\/75783\/revisions"}],"predecessor-version":[{"id":75784,"href":"https:\/\/www.area-press.eu\/comunicatistampa\/wp-json\/wp\/v2\/posts\/75783\/revisions\/75784"}],"wp:attachment":[{"href":"https:\/\/www.area-press.eu\/comunicatistampa\/wp-json\/wp\/v2\/media?parent=75783"}],"wp:term":[{"taxonomy":"category","embeddable":true,"href":"https:\/\/www.area-press.eu\/comunicatistampa\/wp-json\/wp\/v2\/categories?post=75783"},{"taxonomy":"post_tag","embeddable":true,"href":"https:\/\/www.area-press.eu\/comunicatistampa\/wp-json\/wp\/v2\/tags?post=75783"}],"curies":[{"name":"wp","href":"https:\/\/api.w.org\/{rel}","templated":true}]}}