{"id":75474,"date":"2023-04-23T15:08:42","date_gmt":"2023-04-23T13:08:42","guid":{"rendered":"https:\/\/www.area-press.eu\/comunicatistampa\/?p=75474"},"modified":"2023-04-23T15:10:27","modified_gmt":"2023-04-23T13:10:27","slug":"parchi-permanenti-incontro-con-daniela-santanche-per-definire-il-piano-strategico-del-settore-nei-prossimi-anni","status":"publish","type":"post","link":"https:\/\/www.area-press.eu\/comunicatistampa\/2023\/04\/23\/parchi-permanenti-incontro-con-daniela-santanche-per-definire-il-piano-strategico-del-settore-nei-prossimi-anni\/","title":{"rendered":"Parchi Permanenti: incontro con Daniela Santanch\u00e8 per definire il piano strategico del settore nei prossimi anni"},"content":{"rendered":"<p>Primo incontro ufficiale tra il <strong>Ministro del Turismo Daniela Santanch\u00e8<\/strong> e l\u2019<strong>Associazione Parchi Permanenti Italiani \u2013 Confindustria<\/strong>, per delineare il piano strategico di sviluppo del comparto parchi divertimento, diventato ormai una componente imprescindibile dell\u2019offerta turistica italiana, soprattutto agli occhi degli stranieri.<\/p>\n<h2>L\u2019incontro<\/h2>\n<p>Il colloquio si \u00e8 svolto su iniziativa dello stesso Ministro Santanch\u00e8, che aveva gi\u00e0 dimostrato attenzione nei confronti del settore, inserendolo nel Piano Strategico del Turismo 2023\/2027 pubblicato lo scorso dicembre.<\/p>\n<p>In Italia si contano circa <strong>230 imprese<\/strong> tra parchi a tema, acquatici, faunistici e avventura, che ogni anno sostengono importanti investimenti: sulla stagione 2023, ad esempio, sono stati gi\u00e0 investiti <strong>oltre 120 milioni di euro<\/strong> tra nuove attrazioni e aree tematiche, ed entro l\u2019estate saranno assunti <strong>20.000 dipendenti stagionali<\/strong>. Tra le richieste inoltrate al Ministro, la semplificazione delle procedure autorizzative per i nuovi progetti, una maggiore flessibilit\u00e0 sul mercato del lavoro e agevolazioni per l\u2019accesso al credito.<\/p>\n<h2>Le parole di Luciano Pareschi, Presidente Associazione Parchi Permanenti Italiani<\/h2>\n<p><strong>Luciano Pareschi, Presidente dell\u2019Associazione Parchi Permanenti Italiani<\/strong>, ha commentato: \u201cPer restare al passo con la competizione internazionale le imprese del settore, specie quelle di dimensioni minori, hanno la necessit\u00e0 di poter contare su un supporto istituzionale concreto e continuativo, che fino ad oggi, nonostante le nostre numerose campagne di sensibilizzazione, \u00e8 sostanzialmente mancato. Siamo molto soddisfatti dell\u2019accoglienza ricevuta e contiamo sul pragmatismo del Ministro Santanch\u00e8 affinch\u00e9 si possa finalmente instaurare una fattiva collaborazione\u201d.<\/p>\n<h2>I prossimi investimenti<\/h2>\n<p>All\u2019ordine del giorno anche la programmazione dei <strong>prossimi investimenti strutturali, per un totale di 450 milioni di euro nel triennio 2024\/2026<\/strong>, e la promozione di <strong>nuove sinergie con i territori<\/strong>, basate su una maggiore integrazione tra l\u2019offerta di intrattenimento e le infrastrutture turistiche, sul modello dei grandi poli del divertimento internazionali. Di fondamentale importanza, infine, il <strong>tema della sostenibilit\u00e0<\/strong>, riferito all\u2019approvvigionamento energetico da fonti rinnovabili e all\u2019adozione di nuove tecnologie per il trattamento dell\u2019acqua. Tecnologie che in un futuro non lontano potrebbero permettere di attingere la risorsa idrica dai pozzi e dal mare.<\/p>\n<h2>Le dichiarazioni di Maurizio Crisanti, Segretario Nazionale Associazione Parchi Permanenti Italiani<\/h2>\n<p>\u201cDurante l\u2019incontro \u2013 ha aggiunto <strong>Maurizio Crisanti, Segretario Nazionale dell\u2019Associazione Parchi Permanenti Italiani<\/strong> \u2013 sono stati trattati i temi della considerazione dei parchi di divertimento tra le imprese turistiche e della carenza idrica in rapporto ai parchi acquatici. Il Ministro ha manifestato il pieno interesse nei confronti del settore, pur evidenziando alcuni aspetti tecnici da modificare, e garantito attenzione riguardo ai temi prospettati\u201d.<\/p>\n<p>Con oltre <strong>20 milioni di visitatori<\/strong> i parchi di divertimento italiani si confermano grandi attrattori turistici, oltre che portatori di una forma importante di divertimento all\u2019aria aperta e di socializzazione. Tra biglietteria e indotto, generano un giro di affari del valore di 2 miliardi di euro, per un totale di oltre 60.000 addetti.<\/p>\n","protected":false},"excerpt":{"rendered":"<p>Primo incontro ufficiale tra il Ministro del Turismo Daniela Santanch\u00e8 e l\u2019Associazione Parchi Permanenti Italiani \u2013 Confindustria, per delineare il piano strategico di sviluppo del comparto parchi divertimento, diventato ormai una componente imprescindibile dell\u2019offerta turistica italiana, soprattutto agli occhi degli stranieri. L\u2019incontro Il colloquio si \u00e8 svolto su iniziativa dello stesso Ministro Santanch\u00e8, che aveva [&hellip;]<\/p>\n","protected":false},"author":49,"featured_media":0,"comment_status":"open","ping_status":"open","sticky":false,"template":"","format":"standard","meta":{"footnotes":""},"categories":[17],"tags":[229,32387,28715],"class_list":["post-75474","post","type-post","status-publish","format-standard","hentry","category-turismo","tag-daniela-santanche","tag-luciano-pareschi","tag-parchi-permanenti"],"_links":{"self":[{"href":"https:\/\/www.area-press.eu\/comunicatistampa\/wp-json\/wp\/v2\/posts\/75474","targetHints":{"allow":["GET"]}}],"collection":[{"href":"https:\/\/www.area-press.eu\/comunicatistampa\/wp-json\/wp\/v2\/posts"}],"about":[{"href":"https:\/\/www.area-press.eu\/comunicatistampa\/wp-json\/wp\/v2\/types\/post"}],"author":[{"embeddable":true,"href":"https:\/\/www.area-press.eu\/comunicatistampa\/wp-json\/wp\/v2\/users\/49"}],"replies":[{"embeddable":true,"href":"https:\/\/www.area-press.eu\/comunicatistampa\/wp-json\/wp\/v2\/comments?post=75474"}],"version-history":[{"count":1,"href":"https:\/\/www.area-press.eu\/comunicatistampa\/wp-json\/wp\/v2\/posts\/75474\/revisions"}],"predecessor-version":[{"id":75475,"href":"https:\/\/www.area-press.eu\/comunicatistampa\/wp-json\/wp\/v2\/posts\/75474\/revisions\/75475"}],"wp:attachment":[{"href":"https:\/\/www.area-press.eu\/comunicatistampa\/wp-json\/wp\/v2\/media?parent=75474"}],"wp:term":[{"taxonomy":"category","embeddable":true,"href":"https:\/\/www.area-press.eu\/comunicatistampa\/wp-json\/wp\/v2\/categories?post=75474"},{"taxonomy":"post_tag","embeddable":true,"href":"https:\/\/www.area-press.eu\/comunicatistampa\/wp-json\/wp\/v2\/tags?post=75474"}],"curies":[{"name":"wp","href":"https:\/\/api.w.org\/{rel}","templated":true}]}}