{"id":754,"date":"2015-07-29T14:56:11","date_gmt":"2015-07-29T12:56:11","guid":{"rendered":"http:\/\/www.area-press.eu\/comunicatistampa\/?p=754"},"modified":"2015-07-29T14:56:11","modified_gmt":"2015-07-29T12:56:11","slug":"gessica-defrancesco-incoronata-soreghina-nuova-ambasciatrice-per-la-marcialonga","status":"publish","type":"post","link":"https:\/\/www.area-press.eu\/comunicatistampa\/2015\/07\/29\/gessica-defrancesco-incoronata-soreghina-nuova-ambasciatrice-per-la-marcialonga\/","title":{"rendered":"GESSICA DEFRANCESCO INCORONATA SOREGHINA, NUOVA AMBASCIATRICE PER LA MARCIALONGA"},"content":{"rendered":"<p>Ieri a Soraga (TN) \u00e8 stata eletta la nuova ambasciatrice della Marcialonga<\/p>\n<p>Gessica Defrancesco conquista la giuria ed \u00e8 la nuova Soreghina<\/p>\n<p>Serata nel segno della tradizione con musica folk e le Schuhplattlerinnen<\/p>\n<p>Prima uscita ufficiale domenica 6 settembre alla Marcialonga Running Coop<\/p>\n<p>&nbsp;<\/p>\n<p>&nbsp;<\/p>\n<p>La Soreghina incarna lo spirito delle Valli di Fiemme e Fassa e della Marcialonga, in tutte le sue sfaccettature. Gessica Defrancesco, 18 anni di Soraga, \u00e8 la nuova Soreghina e ieri sera ha conquistato la giuria grazie alla simpatia, alla passione per lo sport e per la cultura ladina, ma anche all\u2019impegno nel volontariato e alle numerose esperienze di studio all\u2019estero. La serata di elezione si \u00e8 svolta alla Gran Ciasa di Soraga (TN), gremita di persone per l\u2019occasione, e la scelta per i giurati non \u00e8 stata certo facile visto che le quattro candidate in lizza avevano tutte ottimi profili per rappresentare al meglio la Marcialonga.<\/p>\n<p>A comporre la giuria, assieme al presidente di Marcialonga Angelo Corradini, c\u2019erano Devi Brunel, sindaco di Soraga, Giacomo Boninsegna, Scario della Magnifica Comunit\u00e0 di Fiemme, Elena Testor, procuradora del Comun General de Fascia, la giornalista Monica Gabrielli, Renato Dellagiacoma, presidente dell\u2019APT Val di Fiemme, Angelo Iellici dell\u2019APT Val di Fassa, Daniele Tonet di ITAS Assicurazioni e lo snowboarder fassano Mirko Felicetti.<\/p>\n<p>Il primo ad intervenire \u00e8 stato Corradini che ha portato il saluto della grande \u201cfamiglia\u201d Marcialonga sottolineando che la decisione nel designare la Soreghina non \u00e8 un fatto di bellezza fisica, ma va a ricercare nelle candidate le esperienze vissute nel volontariato, le capacit\u00e0 di esprimersi in pi\u00f9 lingue, la dedizione allo sport e ovviamente la predisposizione ai rapporti interpersonali. Sono poi intervenuti il sindaco di Soraga Brunel e la Soreghina uscente, Giulia Pastore.<\/p>\n<p>I giurati hanno ascoltato le quattro candidate, rigorosamente abbigliate con i vestiti tradizionali fiemmesi o fassani, che si sono messe in gioco di fronte al pubblico in una serata animata dalla musica dei fisarmonicisti e del gruppo folk di Soraga e dai balli, applauditissimi, delle Schuhplattlerinnen Val di Fassa.<\/p>\n<p>Le quattro aspiranti Soreghine, tutte giovani ragazze provenienti dalle due valli trentine, erano Angelica Bonelli, Martina Isma, Anna Crosignani e Gessica Defrancesco e a spuntarla \u00e8 stata proprio quest\u2019ultima. La Defrancesco, con pap\u00e0 fiemmese di Panchi\u00e0 e mamma fassana di Soraga, unisce nella sua figura entrambe le vallate, motivo per cui la giuria, dopo lunghe consultazioni, ha fatto ricadere la propria scelta sulla diciottenne di Soraga. Da sempre impegnata nell\u2019albergo di famiglia, Gessica Defrancesco \u00e8 molto legata alla propria terra, fa parte del gruppo folk di Soraga e suona l\u2019organo nella chiesa parrocchiale, ma ha anche un animo cosmopolita e un interesse verso lingue e culture lontane, proprio come la Marcialonga. La nuova Soreghina, infatti, si \u00e8 diplomata quest\u2019anno al Liceo Linguistico \u201cLe Marcelline\u201d di Bolzano dopo aver trascorso un anno di studio in Irlanda e aver svolto altri viaggi in giro per l\u2019Europa. Non mancano nel suo curriculum, infine, esperienze di volontariato nel sociale e trascorsi sportivi: dopo aver sperimentato parecchie discipline, Gessica Defrancesco si \u00e8 dedicata allo sci nordico frequentando per un anno lo Ski College, ma gi\u00e0 nel 2005, da bambina, era comparsa nel d\u00e9pliant pubblicitario della Marcialonga e chiss\u00e0 se \u00e8 stato un caso\u2026<\/p>\n<p>Adesso Gessica Defrancesco sar\u00e0 per un anno il volto della Marcialonga in tutte le gare e nelle diverse uscite ufficiali, visto che si \u00e8 aggiudicata il titolo di 15esima Soreghina ed ha preso il posto di Giulia Pastore, presente ieri in sala per il passaggio di consegne.<\/p>\n<p>Gessica Defrancesco, felice ed emozionata, \u00e8 scesa dal palco dopo aver ricevuto l\u2019omaggio floreale realizzato dalla fioreria Brigadoi di Predazzo, la collana d\u2019oro della Magnifica Comunit\u00e0 di Fiemme, un assegno di ITAS Assicurazioni ed i complimenti del presidente Corradini che ha affermato di attendersi una bella collaborazione con la neo eletta. Il prossimo appuntamento con la nuova Soreghina e con la Marcialonga \u00e8 fissato ora per domenica 6 settembre alla Marcialonga Running Coop.<\/p>\n<p>Info: <a href=\"http:\/\/www.marcialonga.it\/\">www.marcialonga.it<\/a><\/p>\n<p>&nbsp;<\/p>\n<p><strong>Download immagini TV:<\/strong><\/p>\n<p><a href=\"http:\/\/www.broadcaster.it\/\"><strong>www.broadcaster.it<\/strong><\/a><\/p>\n","protected":false},"excerpt":{"rendered":"<p>Ieri a Soraga (TN) \u00e8 stata eletta la nuova ambasciatrice della Marcialonga Gessica Defrancesco conquista la giuria ed \u00e8 la nuova Soreghina Serata nel segno della tradizione con musica folk e le Schuhplattlerinnen Prima uscita ufficiale domenica 6 settembre alla Marcialonga Running Coop &nbsp; &nbsp; La Soreghina incarna lo spirito delle Valli di Fiemme e [&hellip;]<\/p>\n","protected":false},"author":15,"featured_media":0,"comment_status":"open","ping_status":"open","sticky":false,"template":"","format":"standard","meta":{"footnotes":""},"categories":[15],"tags":[],"class_list":["post-754","post","type-post","status-publish","format-standard","hentry","category-sport"],"_links":{"self":[{"href":"https:\/\/www.area-press.eu\/comunicatistampa\/wp-json\/wp\/v2\/posts\/754","targetHints":{"allow":["GET"]}}],"collection":[{"href":"https:\/\/www.area-press.eu\/comunicatistampa\/wp-json\/wp\/v2\/posts"}],"about":[{"href":"https:\/\/www.area-press.eu\/comunicatistampa\/wp-json\/wp\/v2\/types\/post"}],"author":[{"embeddable":true,"href":"https:\/\/www.area-press.eu\/comunicatistampa\/wp-json\/wp\/v2\/users\/15"}],"replies":[{"embeddable":true,"href":"https:\/\/www.area-press.eu\/comunicatistampa\/wp-json\/wp\/v2\/comments?post=754"}],"version-history":[{"count":1,"href":"https:\/\/www.area-press.eu\/comunicatistampa\/wp-json\/wp\/v2\/posts\/754\/revisions"}],"predecessor-version":[{"id":755,"href":"https:\/\/www.area-press.eu\/comunicatistampa\/wp-json\/wp\/v2\/posts\/754\/revisions\/755"}],"wp:attachment":[{"href":"https:\/\/www.area-press.eu\/comunicatistampa\/wp-json\/wp\/v2\/media?parent=754"}],"wp:term":[{"taxonomy":"category","embeddable":true,"href":"https:\/\/www.area-press.eu\/comunicatistampa\/wp-json\/wp\/v2\/categories?post=754"},{"taxonomy":"post_tag","embeddable":true,"href":"https:\/\/www.area-press.eu\/comunicatistampa\/wp-json\/wp\/v2\/tags?post=754"}],"curies":[{"name":"wp","href":"https:\/\/api.w.org\/{rel}","templated":true}]}}