{"id":75386,"date":"2023-04-05T17:02:58","date_gmt":"2023-04-05T15:02:58","guid":{"rendered":"https:\/\/www.area-press.eu\/comunicatistampa\/?p=75386"},"modified":"2023-04-05T17:02:58","modified_gmt":"2023-04-05T15:02:58","slug":"fiere-e-mostre-evento-larte-contemporanea-in-scena-a-bruxelles","status":"publish","type":"post","link":"https:\/\/www.area-press.eu\/comunicatistampa\/2023\/04\/05\/fiere-e-mostre-evento-larte-contemporanea-in-scena-a-bruxelles\/","title":{"rendered":"Fiere e mostre evento: l&#8217;arte contemporanea in scena a Bruxelles"},"content":{"rendered":"<p>Con l\u2019arrivo di aprile, la scena artistica di Bruxelles si anima di eventi dedicati all\u2019arte contemporanea, che proseguiranno fino all\u2019autunno.<\/p>\n<h2>La 39esima edizione di Art Brussels<\/h2>\n<p>L&#8217;appuntamento centrale, nonch\u00e9 uno dei pi\u00f9 attesi dagli appassionati, \u00e8 quello con la\u00a0<strong>39esima edizione di Art Brussels, da gioved\u00ec 20 a domenica 23 aprile 2023<\/strong>\u00a0nei padiglioni 5 e 6 di\u00a0<strong>Brussels Expo<\/strong>, icona art d\u00e9co creata per l\u2019Esposizione Internazionale di Bruxelles del 1935.<\/p>\n<p>Dalla sua prima edizione nel 1968, Art Brussels si \u00e8 affermata come\u00a0<strong>una delle principali fiere d\u2019arte contemporanea in Europa<\/strong>, punto di riferimento per collezionisti, galleristi e amanti dell\u2019arte di tutto il mondo. Quest\u2019anno ospiter\u00e0 oltre\u00a0<strong>170 gallerie da 31 Paesi,<\/strong>\u00a0suddivise in\u00a0<strong>quattro sezioni:<\/strong>\u00a0Discovery, dedicata agli artisti emergenti, Prime, dedicata agli artisti affermati a livello internazionale, Solo, dedicata a presentazioni monografiche su singoli artisti, e Rediscovery, dedicata all\u2019arte del XX secolo.\u00a0<strong>Per l\u2019Italia parteciperanno 13 gallerie.<\/strong><\/p>\n<h2>Le parole di Ursula Jone Gandini, Direttore Italia Ufficio del Turismo di Bruxelles<\/h2>\n<p><strong>Ursula Jone Gandini, Direttore Italia Ufficio del Turismo di Bruxelles,<\/strong>\u00a0dichiara: \u201cGrazie ad una gamma diversificata di artisti e di gallerie, Art Brussels si \u00e8 progressivamente affermata come fiera leader in Europa. Quest\u2019anno prevede un eccezionale programma internazionale, incontro irripetibile di artisti affermati e talenti emergenti, per un\u2019edizione ancora pi\u00f9 curata, in grado di coinvolgere tanto gli addetti ai lavori, quanto i neofiti\u201d.<\/p>\n<h2>La mostra evento For Love\u2019s S(nake)<\/h2>\n<p>Altro appuntamento da segnare in rosso sul calendario \u00e8 quello con\u00a0<strong><em>For Love\u2019s S(nake),<\/em><\/strong>\u00a0mostra evento di\u00a0<strong>Johann Van Mullem<\/strong>\u00a0in programma al\u00a0<strong>Museo delle Belle Arti fino al 23 luglio.<\/strong>\u00a0Celebre per le sue rappresentazioni di\u00a0<strong>volti fantasmagorici<\/strong>\u00a0dall\u2019aura pseudo-religiosa, quasi iniziatica, l\u2019Artista dopo il lockdown ha iniziato a spingersi verso nuovi orizzonti, creando\u00a0<strong>paesaggi onirici<\/strong>\u00a0basati sulla sperimentazione di colori e sull\u2019impiego di inchiostri da stampa ed incisione che conferiscono alle opere una speciale luminescenza.<\/p>\n<h2>L&#8217;esposizione in scena alla CENTRALE for Contemporary Art<\/h2>\n<p>Dal\u00a0<strong>20 aprile al 17 settembre<\/strong>, invece,\u00a0<strong>CENTRALE for Contemporary Art,\u00a0<\/strong>centro d\u2019arte contemporanea ospitato in un\u2019ex centrale elettrica, presenta\u00a0<strong><em>extra<\/em><\/strong>, esposizione di\u00a0<strong>Mehdi Georges Lahlou<\/strong>, in collaborazione con\u00a0<strong>Candice Breitz<\/strong>. La mostra comprende sculture, disegni, incisioni, rielaborazioni di foto d\u2019archivio, installazioni e video, realizzati con l\u2019obiettivo di esplorare le conseguenze della rappresentazione mediatica della violenza sulle dinamiche geopolitiche e sociali.<\/p>\n","protected":false},"excerpt":{"rendered":"<p>Con l\u2019arrivo di aprile, la scena artistica di Bruxelles si anima di eventi dedicati all\u2019arte contemporanea, che proseguiranno fino all\u2019autunno. La 39esima edizione di Art Brussels L&#8217;appuntamento centrale, nonch\u00e9 uno dei pi\u00f9 attesi dagli appassionati, \u00e8 quello con la\u00a039esima edizione di Art Brussels, da gioved\u00ec 20 a domenica 23 aprile 2023\u00a0nei padiglioni 5 e 6 [&hellip;]<\/p>\n","protected":false},"author":49,"featured_media":0,"comment_status":"open","ping_status":"open","sticky":false,"template":"","format":"standard","meta":{"footnotes":""},"categories":[17],"tags":[5513,3834,22856],"class_list":["post-75386","post","type-post","status-publish","format-standard","hentry","category-turismo","tag-arte-contemporanea","tag-bruxelles","tag-ursula-jone-gandini"],"_links":{"self":[{"href":"https:\/\/www.area-press.eu\/comunicatistampa\/wp-json\/wp\/v2\/posts\/75386","targetHints":{"allow":["GET"]}}],"collection":[{"href":"https:\/\/www.area-press.eu\/comunicatistampa\/wp-json\/wp\/v2\/posts"}],"about":[{"href":"https:\/\/www.area-press.eu\/comunicatistampa\/wp-json\/wp\/v2\/types\/post"}],"author":[{"embeddable":true,"href":"https:\/\/www.area-press.eu\/comunicatistampa\/wp-json\/wp\/v2\/users\/49"}],"replies":[{"embeddable":true,"href":"https:\/\/www.area-press.eu\/comunicatistampa\/wp-json\/wp\/v2\/comments?post=75386"}],"version-history":[{"count":1,"href":"https:\/\/www.area-press.eu\/comunicatistampa\/wp-json\/wp\/v2\/posts\/75386\/revisions"}],"predecessor-version":[{"id":75387,"href":"https:\/\/www.area-press.eu\/comunicatistampa\/wp-json\/wp\/v2\/posts\/75386\/revisions\/75387"}],"wp:attachment":[{"href":"https:\/\/www.area-press.eu\/comunicatistampa\/wp-json\/wp\/v2\/media?parent=75386"}],"wp:term":[{"taxonomy":"category","embeddable":true,"href":"https:\/\/www.area-press.eu\/comunicatistampa\/wp-json\/wp\/v2\/categories?post=75386"},{"taxonomy":"post_tag","embeddable":true,"href":"https:\/\/www.area-press.eu\/comunicatistampa\/wp-json\/wp\/v2\/tags?post=75386"}],"curies":[{"name":"wp","href":"https:\/\/api.w.org\/{rel}","templated":true}]}}