{"id":75081,"date":"2023-03-24T15:41:07","date_gmt":"2023-03-24T14:41:07","guid":{"rendered":"https:\/\/www.area-press.eu\/comunicatistampa\/?p=75081"},"modified":"2023-03-24T15:41:07","modified_gmt":"2023-03-24T14:41:07","slug":"riciclo-carta-da-macero-perche-e-importante","status":"publish","type":"post","link":"https:\/\/www.area-press.eu\/comunicatistampa\/2023\/03\/24\/riciclo-carta-da-macero-perche-e-importante\/","title":{"rendered":"Riciclo carta da macero, perch\u00e9 \u00e8 importante?"},"content":{"rendered":"<p><img decoding=\"async\" src=\"https:\/\/i.ibb.co\/CtGWNV0\/riciclo-carta-da-macero.jpg\" alt=\"riciclo-carta-da-macero\" border=\"0\" \/><br \/>\nPer molte persone non \u00e8 un argomento nuovo quello che riguarda un <a href=\"https:\/\/www.proedit.org\/riciclo-carta-macero\/\"><strong>riciclo di carta da macero<\/strong><\/a><strong>,<\/strong> mentre ci sono persone che magari hanno sentito parlare della stessa e sanno che <strong>\u00e8 un tipo di carta che viene prodotto da fibre di cellulosa riciclate<\/strong> e se sono andate pi\u00f9 in profondit\u00e0 nella ricerca hanno anche scoperto che viene recuperata da materiale di scarto, che arriva da vecchi cartoni o altri materiali o vecchie riviste o altri giornali di tutti i tipi.<\/p>\n<p>Per\u00f2 magari non conoscono come funziona il processo di riciclo, cos\u00ec come non sanno come funziona il processo di produzione della carta da macero che poi \u00e8 quello che noi chiamiamo riciclo.<\/p>\n<p>Quest&#8217;ultimo avviene grazie ad un <strong>processo di lavorazione che ha varie fasi<\/strong> di cui la prima riguarda la raccolta dei materiali di scarto di cui dicevamo prima e il loro trasporto in quelle<strong> fabbriche che sono specializzate a selezionarle e a fare una prima pulizia.<\/strong><\/p>\n<p>Mentre nella seconda fase questi materiali devono essere trasformati in una <strong>pasta di cellulosa <\/strong>che poi sar\u00e0 la fonte della produzione di questa carta da macero, e di questo tipo di processo se ne occupano delle <strong>aziende specializzate in questo ambito.<\/strong><\/p>\n<p>Non bisogna per\u00f2 dimenticare che un&#8217;azienda che si occupa d<strong>i riciclo di carta da macero <\/strong>o deve essere affidabile perch\u00e9 non tutte sono uguali e di conseguenza la scelta deve essere consapevole, altrimenti il rischio \u00e8 quello di spendere soldi inutilmente, perch\u00e9 magari il prodotto sar\u00e0 pieno di residui inutili.<\/p>\n<h2>Perch\u00e9 \u00e8 importante conoscere il processo che riguarda il riciclo della carta da macero<\/h2>\n<p>Molti si potranno chiudere dopo aver letto la prima parte dell&#8217;articolo perch\u00e9 \u00e8 importante conoscere il significato e il processo che riguarda il <strong>riciclo della carta da macero<\/strong> e la risposta \u00e8 tanto semplice quanto importante.<\/p>\n<p>Le persone che hanno a cuore la salvaguardia dell&#8217;ambiente grazie a queste informazioni sapranno che con <strong>il riciclo di questa carta si riduce il consumo di legn<\/strong>o e quindi <strong>vengono abbattuti meno alberi.<\/strong><\/p>\n<p>Ma soprattutto si riduce anche l&#8217;utilizzo di altre risorse naturali utilizzate per quelle che noi chiamiamo la produzione della carta vergine.<\/p>\n<p>Un altro motivo di interesse\u00a0\u00a0 riguarda la possibilit\u00e0 grazie al riciclo di materiali di scarto di <strong>ridurre la quantit\u00e0 di rifiuti che poi finiscono in discarica<\/strong>: questo \u00e8 un altro un modo molto efficace per salvaguardare l&#8217;ambiente.<\/p>\n<p>Per fare un breve riassunto grazie al riciclo della carta da macero possiamo creare non solo una carta che ha delle<strong> caratteristiche simili alla carta vergine,<\/strong> ma con un impatto ambientale molto ridotto, e con un <strong>costo inferiore di produzione.<\/strong><\/p>\n<p>Tutto questo significa ovviamente un <strong>risparmio per le aziende<\/strong> che fanno parte di questi settori, che non va sottovalutato soprattutto in questo periodo che dal punto di vista economico non \u00e8 roseo per molte realt\u00e0.<\/p>\n<p>Questa quindi \u00e8 una possibilit\u00e0 importante proprio perch\u00e9 va a toccare due ambiti fondamentali sia per le aziende che per le persone comuni e cio\u00e8 quello dell\u2019ambiente e quello economico.<\/p>\n<p>&nbsp;<\/p>\n","protected":false},"excerpt":{"rendered":"<p>Per molte persone non \u00e8 un argomento nuovo quello che riguarda un riciclo di carta da macero, mentre ci sono persone che magari hanno sentito parlare della stessa e sanno che \u00e8 un tipo di carta che viene prodotto da fibre di cellulosa riciclate e se sono andate pi\u00f9 in profondit\u00e0 nella ricerca hanno anche [&hellip;]<\/p>\n","protected":false},"author":241,"featured_media":0,"comment_status":"open","ping_status":"open","sticky":false,"template":"","format":"standard","meta":{"footnotes":""},"categories":[18],"tags":[],"class_list":["post-75081","post","type-post","status-publish","format-standard","hentry","category-altri-vari"],"_links":{"self":[{"href":"https:\/\/www.area-press.eu\/comunicatistampa\/wp-json\/wp\/v2\/posts\/75081","targetHints":{"allow":["GET"]}}],"collection":[{"href":"https:\/\/www.area-press.eu\/comunicatistampa\/wp-json\/wp\/v2\/posts"}],"about":[{"href":"https:\/\/www.area-press.eu\/comunicatistampa\/wp-json\/wp\/v2\/types\/post"}],"author":[{"embeddable":true,"href":"https:\/\/www.area-press.eu\/comunicatistampa\/wp-json\/wp\/v2\/users\/241"}],"replies":[{"embeddable":true,"href":"https:\/\/www.area-press.eu\/comunicatistampa\/wp-json\/wp\/v2\/comments?post=75081"}],"version-history":[{"count":1,"href":"https:\/\/www.area-press.eu\/comunicatistampa\/wp-json\/wp\/v2\/posts\/75081\/revisions"}],"predecessor-version":[{"id":75082,"href":"https:\/\/www.area-press.eu\/comunicatistampa\/wp-json\/wp\/v2\/posts\/75081\/revisions\/75082"}],"wp:attachment":[{"href":"https:\/\/www.area-press.eu\/comunicatistampa\/wp-json\/wp\/v2\/media?parent=75081"}],"wp:term":[{"taxonomy":"category","embeddable":true,"href":"https:\/\/www.area-press.eu\/comunicatistampa\/wp-json\/wp\/v2\/categories?post=75081"},{"taxonomy":"post_tag","embeddable":true,"href":"https:\/\/www.area-press.eu\/comunicatistampa\/wp-json\/wp\/v2\/tags?post=75081"}],"curies":[{"name":"wp","href":"https:\/\/api.w.org\/{rel}","templated":true}]}}