{"id":75007,"date":"2023-03-22T13:07:50","date_gmt":"2023-03-22T12:07:50","guid":{"rendered":"https:\/\/www.area-press.eu\/comunicatistampa\/?p=75007"},"modified":"2023-03-22T13:07:50","modified_gmt":"2023-03-22T12:07:50","slug":"caribe-bay-per-il-parco-progetti-da-40-milioni-di-euro","status":"publish","type":"post","link":"https:\/\/www.area-press.eu\/comunicatistampa\/2023\/03\/22\/caribe-bay-per-il-parco-progetti-da-40-milioni-di-euro\/","title":{"rendered":"Caribe Bay: per il parco progetti da 40 milioni di euro"},"content":{"rendered":"<p>Importare in Italia un nuovo modello di parco a tema acquatico e <strong>sviluppare un vero e proprio<\/strong> <strong>polo dell\u2019intrattenimento a pochi km da Venezia<\/strong>, lavorando in sinergia con il sistema turistico del territorio: \u00e8 questa la nuova sfida di Caribe Bay, parco a tema acquatico di Jesolo, per 14 volte miglior parco acquatico d\u2019Italia e unico ad essere inserito tra i 7 migliori parchi acquatici dell\u2019area EMEA (Europa, Medio Oriente e Africa) nelle classifiche di IAAPA, organizzazione mondiale che rappresenta oltre 6.000 parchi in pi\u00f9 di 100 Paesi.<\/p>\n<h2>Gli investimenti previsti<\/h2>\n<p>Dopo aver investito 40 milioni di euro nella trasformazione del vecchio parco acquatico Aqualandia in un\u2019oasi caraibica con lagune di acqua trasparente e spiagge di sabbia bianca, l\u2019azienda, sotto la guida del fondatore <strong>Luciano Pareschi<\/strong>, affiancato dalla moglie Carla Cavaliere e dai figli, ha in programma <strong>nuovi investimenti del valore atteso di altri 40 milioni di euro<\/strong> che, nei prossimi anni, potrebbero potenziare l\u2019offerta con <strong>attrazioni, servizi e tecnologie<\/strong> volti a diversificare il pubblico di riferimento, allungare la stagionalit\u00e0 e superare le sfide imposte anche dal cambiamento climatico.<\/p>\n<h2>Le parole di Luciano Pareschi, CEO e Founder Caribe Bay<\/h2>\n<p><strong>Luciano Pareschi, CEO e Founder di Caribe Bay<\/strong>, dichiara: \u201cNel nostro settore \u00e8 impossibile rimanere fermi ed \u00e8 necessario essere sempre proattivi e allineati con le ultime tendenze. I nostri sono progetti ambiziosi: \u00e8 tuttavia fondamentale che lo Stato e le amministrazioni locali siano dalla parte degli imprenditori che intendono investire, allentando i lacci della burocrazia e lavorando in sinergia. Il nostro progetto, ad esempio, avr\u00e0 immediate ricadute positive sul territorio in termini di notoriet\u00e0 e occupazione, ma dovrebbe inserirsi in un contesto organico di interventi, volti a valorizzare la localit\u00e0, a cominciare dal miglioramento dei collegamenti con Venezia\u201d.<\/p>\n<h2>Caribe Bay: nuova stagione al via il 27 maggio<\/h2>\n<p>Si parte con un <strong>investimento di 1,5 milioni in vista della nuova stagione, al via sabato 27 maggio<\/strong>, in linea con gli impegni che ogni anno il parco affronta per ottimizzare i servizi e migliorare l\u2019esperienza di visita degli ospiti, circa 270.000 a stagione provenienti da tutta Europa. L\u2019intervento prevede un ampliamento delle aree adibite a relax, il perfezionamento di alcune tematizzazioni e un rinnovato impegno sul fronte dell\u2019offerta Parco + Hotel, in accordo con diverse strutture del territorio.<\/p>\n<h2>I prossimi progetti<\/h2>\n<p>Dall\u2019autunno, invece, se il parco otterr\u00e0 le necessarie autorizzazioni e il benestare da parte delle autorit\u00e0 locali, potrebbe partire il <strong>nuovo piano di interventi straordinari<\/strong>, che nei prossimi anni accresceranno ulteriormente l\u2019appeal internazionale di Caribe Bay. Tra i primi progetti, la <strong>realizzazione di un\u2019area benessere con SPA <\/strong>dotata di numerose vasche idromassaggio e saline che offrir\u00e0 trattamenti benessere, beauty ed estetici<strong>, che potrebbe aprire gi\u00e0 nel 2024<\/strong>, <strong>permettendo di<\/strong> <strong>allungare la stagione<\/strong>. La struttura si integrer\u00e0 con alcune attrazioni gi\u00e0 esistenti, creando un continuum tra spazi interni ed esterni, e si avvarr\u00e0 di un impianto geotermico a basso impatto per il riscaldamento dell\u2019acqua.<\/p>\n<h2>In programma una nuova attrazione<\/h2>\n<p>Il programma di sviluppo del parco nel medio periodo prevede anche un\u2019attrazione di nuova generazione per la <strong>pratica del surf<\/strong> e un ulteriore potenziamento della tematizzazione, con la realizzazione di <strong>una montagna percorsa da cascate alternate a terrazze solarium<\/strong>, a totale copertura delle torri di Scary Falls e Captain Spacemaker, lo scivolo che, con i suoi 42 metri, \u00e8 il pi\u00f9 alto e veloce d\u2019Europa.<\/p>\n<h2>Riflettori sulla sostenibilit\u00e0<\/h2>\n<p>Riflettori puntati anche sulla <strong>sostenibilit\u00e0<\/strong>: negli ultimi anni Caribe Bay ha gi\u00e0 investito nell\u2019efficientamento della struttura e nella compensazione delle emissioni di anidride carbonica, con l\u2019obiettivo di diventare a breve termine il primo parco divertimenti italiano completamente \u201ccarbon neutral\u201d.<\/p>\n","protected":false},"excerpt":{"rendered":"<p>Importare in Italia un nuovo modello di parco a tema acquatico e sviluppare un vero e proprio polo dell\u2019intrattenimento a pochi km da Venezia, lavorando in sinergia con il sistema turistico del territorio: \u00e8 questa la nuova sfida di Caribe Bay, parco a tema acquatico di Jesolo, per 14 volte miglior parco acquatico d\u2019Italia e [&hellip;]<\/p>\n","protected":false},"author":49,"featured_media":0,"comment_status":"open","ping_status":"open","sticky":false,"template":"","format":"standard","meta":{"footnotes":""},"categories":[17],"tags":[31706,32387,8328],"class_list":["post-75007","post","type-post","status-publish","format-standard","hentry","category-turismo","tag-caribe-bay","tag-luciano-pareschi","tag-parco-acquatico"],"_links":{"self":[{"href":"https:\/\/www.area-press.eu\/comunicatistampa\/wp-json\/wp\/v2\/posts\/75007","targetHints":{"allow":["GET"]}}],"collection":[{"href":"https:\/\/www.area-press.eu\/comunicatistampa\/wp-json\/wp\/v2\/posts"}],"about":[{"href":"https:\/\/www.area-press.eu\/comunicatistampa\/wp-json\/wp\/v2\/types\/post"}],"author":[{"embeddable":true,"href":"https:\/\/www.area-press.eu\/comunicatistampa\/wp-json\/wp\/v2\/users\/49"}],"replies":[{"embeddable":true,"href":"https:\/\/www.area-press.eu\/comunicatistampa\/wp-json\/wp\/v2\/comments?post=75007"}],"version-history":[{"count":1,"href":"https:\/\/www.area-press.eu\/comunicatistampa\/wp-json\/wp\/v2\/posts\/75007\/revisions"}],"predecessor-version":[{"id":75008,"href":"https:\/\/www.area-press.eu\/comunicatistampa\/wp-json\/wp\/v2\/posts\/75007\/revisions\/75008"}],"wp:attachment":[{"href":"https:\/\/www.area-press.eu\/comunicatistampa\/wp-json\/wp\/v2\/media?parent=75007"}],"wp:term":[{"taxonomy":"category","embeddable":true,"href":"https:\/\/www.area-press.eu\/comunicatistampa\/wp-json\/wp\/v2\/categories?post=75007"},{"taxonomy":"post_tag","embeddable":true,"href":"https:\/\/www.area-press.eu\/comunicatistampa\/wp-json\/wp\/v2\/tags?post=75007"}],"curies":[{"name":"wp","href":"https:\/\/api.w.org\/{rel}","templated":true}]}}