{"id":74968,"date":"2023-03-22T13:07:44","date_gmt":"2023-03-22T12:07:44","guid":{"rendered":"https:\/\/www.area-press.eu\/comunicatistampa\/?p=74968"},"modified":"2023-03-22T13:07:44","modified_gmt":"2023-03-22T12:07:44","slug":"mascherine-ffp2-sono-ancora-utili","status":"publish","type":"post","link":"https:\/\/www.area-press.eu\/comunicatistampa\/2023\/03\/22\/mascherine-ffp2-sono-ancora-utili\/","title":{"rendered":"Mascherine ffp2, sono ancora utili?"},"content":{"rendered":"<p><img decoding=\"async\" src=\"https:\/\/i.ibb.co\/GJkkjHT\/mascherine-ffp2-liguria.jpg\" alt=\"mascherine-ffp2-liguria\" border=\"0\" \/><br \/>\nIn questo articolo vogliamo dare delle indicazioni per quanto riguarda la lotta contro il covid-19 nelle varie regioni, ma in particolare sulle <a href=\"https:\/\/www.snaptrade21.it\/prodotti\/mascherine-covid-19\/ffp2\/\"><strong>mascherine ffp2 in Liguria<\/strong><\/a> perch\u00e9 parliamo di uno strumento che \u00e8 stato nella nostra vita assolutamente fondamentale negli ultimi anni cio\u00e8 soprattutto nei momenti di Maggiore difficolt\u00e0 ad emergenze legate alla pandemia covid-19.<\/p>\n<p>Infatti sono considerate non a caso uno degli strumenti pi\u00f9 importanti nonch\u00e9 pi\u00f9 utili per ridurre il contagio di questo virus e per proteggere ognuno di noi dall&#8217;infezione eventuale.<\/p>\n<p>Anche se la pandemia ormai non \u00e8 pi\u00f9 cos\u00ec presente nella nostra vita come un po&#8217; di tempo fa, perch\u00e9 la situazione \u00e8 considerata sotto controllo, questo non vuol dire che dobbiamo essere superficiale perch\u00e9 <strong>parliamo sempre di una malattia infettiva<\/strong> molto insidiosa dalla quale dobbiamo proteggerci in vari modi utilizzando le <strong>mascherine ffp2.<\/strong><\/p>\n<p>In questi anni inizialmente sono stati introdotte solo per essere utilizzate dalle persone negli ambienti pi\u00f9 a rischio legati al mondo del lavoro come per esempio<strong> ospedali, fabbriche o cantier<\/strong>i dove i dipendenti erano inevitabilmente esposti a fumi polveri e sapori.<\/p>\n<p>Ma poi quando la pandemia \u00e8 diventata una realt\u00e0 per tutti sono diventate indispensabili anche per un <strong>discorso di protezione sanitario tra tutte le persone.<\/strong><\/p>\n<p>Parliamo di uno strumento e cio\u00e8 di un<strong> dispositivo di protezione individuale<\/strong> che fornisce una protezione valida contro le particelle aerosol nell&#8217;aria e sono molto pi\u00f9 efficaci rispetto alle maschere di tessuto e a quelle chirurgiche che nella prima fase della pandemia venivano utilizzate molto di pi\u00f9 per un <strong>discorso economico<\/strong> perch\u00e9 erano pi\u00f9 facilmente reperibili e pi\u00f9 accessibili anche per le tasche delle persone.<\/p>\n<p>Per\u00f2 col tempo si \u00e8 compreso e gli scienziati hanno detto pi\u00f9 volte che le mascherine ffp2 devono essere utilizzate nelle situazioni pi\u00f9 a rischio perch\u00e9 riescono <strong>a filtrare particelle aerosol<\/strong> fino a 0,6 Micron di diametro.<\/p>\n<h2>Studi importanti che dimostrano l&#8217;efficacia di queste mascherine<\/h2>\n<p>L&#8217;efficacia delle <strong>mascherine ffp2 <\/strong>\u00e8 stata dimostrata in maniera ampia in diversi studi in questi anni come quello che \u00e8 stato pubblicato su una prestigiosa rivista che si chiama <strong>Lancet Digital Health <\/strong>che ha proprio dimostrato come riescono a prevenire nella comunit\u00e0 la trasmissione di questo <strong>virus covid 19.<\/strong><\/p>\n<p>Altri studi hanno fatto comprendere che utilizzare queste mascherine ha fatto s\u00ec in questi anni che i<strong> lavoratori sanitari<\/strong> siano stati molto pi\u00f9 protetti considerando gi\u00e0 che lavorano in un ambiente ad altissimo rischio.<\/p>\n<p>Il fatto che<strong> si tratta di strumenti molto effica<\/strong>ci come dimostra il fatto che ancora vengono raccomandate anche in questo momento storico di tranquillit\u00e0 per quanto riguarda la pandemia soprattutto in situazioni molto a rischio quali potrebbero essere i viaggi in aereo e treno o visite nelle case di riposo parenti anziani e malati, nonch\u00e9 durante quei lavori che ci vedono a contatto con troppe persone.<\/p>\n<p>In definitiva, anche se ormai la fase di<strong> emergenza relativa alla pandemia covid 19<\/strong>, ce l&#8217;abbiamo alle spalle non \u00e8 il caso di abbassare la guardia soprattutto se siamo fragili o anziani o comunque abbiamo delle malattie: in questo senso<strong> le mascherine ffp2 <\/strong>possono ancora aiutarci tantissimo.<\/p>\n","protected":false},"excerpt":{"rendered":"<p>In questo articolo vogliamo dare delle indicazioni per quanto riguarda la lotta contro il covid-19 nelle varie regioni, ma in particolare sulle mascherine ffp2 in Liguria perch\u00e9 parliamo di uno strumento che \u00e8 stato nella nostra vita assolutamente fondamentale negli ultimi anni cio\u00e8 soprattutto nei momenti di Maggiore difficolt\u00e0 ad emergenze legate alla pandemia covid-19. [&hellip;]<\/p>\n","protected":false},"author":241,"featured_media":0,"comment_status":"open","ping_status":"open","sticky":false,"template":"","format":"standard","meta":{"footnotes":""},"categories":[14],"tags":[],"class_list":["post-74968","post","type-post","status-publish","format-standard","hentry","category-salute-e-medicina"],"_links":{"self":[{"href":"https:\/\/www.area-press.eu\/comunicatistampa\/wp-json\/wp\/v2\/posts\/74968","targetHints":{"allow":["GET"]}}],"collection":[{"href":"https:\/\/www.area-press.eu\/comunicatistampa\/wp-json\/wp\/v2\/posts"}],"about":[{"href":"https:\/\/www.area-press.eu\/comunicatistampa\/wp-json\/wp\/v2\/types\/post"}],"author":[{"embeddable":true,"href":"https:\/\/www.area-press.eu\/comunicatistampa\/wp-json\/wp\/v2\/users\/241"}],"replies":[{"embeddable":true,"href":"https:\/\/www.area-press.eu\/comunicatistampa\/wp-json\/wp\/v2\/comments?post=74968"}],"version-history":[{"count":1,"href":"https:\/\/www.area-press.eu\/comunicatistampa\/wp-json\/wp\/v2\/posts\/74968\/revisions"}],"predecessor-version":[{"id":74969,"href":"https:\/\/www.area-press.eu\/comunicatistampa\/wp-json\/wp\/v2\/posts\/74968\/revisions\/74969"}],"wp:attachment":[{"href":"https:\/\/www.area-press.eu\/comunicatistampa\/wp-json\/wp\/v2\/media?parent=74968"}],"wp:term":[{"taxonomy":"category","embeddable":true,"href":"https:\/\/www.area-press.eu\/comunicatistampa\/wp-json\/wp\/v2\/categories?post=74968"},{"taxonomy":"post_tag","embeddable":true,"href":"https:\/\/www.area-press.eu\/comunicatistampa\/wp-json\/wp\/v2\/tags?post=74968"}],"curies":[{"name":"wp","href":"https:\/\/api.w.org\/{rel}","templated":true}]}}