{"id":7422,"date":"2016-03-08T19:45:37","date_gmt":"2016-03-08T18:45:37","guid":{"rendered":"http:\/\/www.area-press.eu\/comunicatistampa\/?p=7422"},"modified":"2016-03-08T19:45:37","modified_gmt":"2016-03-08T18:45:37","slug":"libu-cup-chiude-in-bellezza-lannata-del-biathlon-dal-10-marzo-prove-finali-in-val-martello-bz","status":"publish","type":"post","link":"https:\/\/www.area-press.eu\/comunicatistampa\/2016\/03\/08\/libu-cup-chiude-in-bellezza-lannata-del-biathlon-dal-10-marzo-prove-finali-in-val-martello-bz\/","title":{"rendered":"L\u2019IBU CUP CHIUDE IN BELLEZZA L\u2019ANNATA DEL BIATHLON, DAL 10 MARZO PROVE FINALI IN VAL MARTELLO (BZ)"},"content":{"rendered":"<p>Val Martello protagonista con l\u2019IBU Cup dal 10 al 13 marzo<\/p>\n<p>Gare sprint e a staffetta in tre giornate di competizioni<\/p>\n<p>245 biathleti e 33 nazioni sulle nevi altoatesine<\/p>\n<p>Il biathlon \u00e8 una disciplina dalla storia plurimillenaria<\/p>\n<p>&nbsp;<\/p>\n<p>&nbsp;<\/p>\n<p>Il biathlon e la Val Martello, un binomio inscindibile che dal 10 al 13 marzo avr\u00e0 la propria massima espressione con la conclusione ufficiale degli appuntamenti riguardanti la stagione di IBU Cup.<\/p>\n<p>Si partir\u00e0 gioved\u00ec 10 marzo con le gare sprint, 7.5 km per le donne e 10 km per gli uomini, sabato medesime specialit\u00e0 e distanze, mentre domenica 13 marzo saranno una staffetta mista ed una single mixed a concludere il trittico di appuntamenti della vallata altoatesina.<\/p>\n<p>In Val Martello non si aspetta altro che l\u2019arrivo degli atleti, quest\u2019anno pi\u00f9 che mai numerosi e pronti a darsi \u201cbattaglia\u201d, con 245 concorrenti e ben 33 nazioni ai nastri di partenza, tra le quali spiccano le favorite Russia, Germania e Francia, oltre ai nostri azzurri e a paesi d\u2019oltreoceano quali Australia, Stati Uniti e Canada.<\/p>\n<p>La Val Martello si trova nella parte occidentale dell\u2019Alto Adige, ed \u00e8 dotata di un Centro del Biathlon che dispone di 12 km di piste di sci di fondo ed un poligono con 30 bersagli del tipo HoRa 2000.<\/p>\n<p>L\u2019impianto \u00e8 situato a 1.700 metri d\u2019altitudine e, proprio grazie a ci\u00f2, \u00e8 probabilmente il centro con la maggior garanzia di neve nelle Alpi, con precipitazioni solitamente garantite da fine novembre a fine marzo.<\/p>\n<p>Grazie ai lavori di ampliamento effettuati nel 2000 \u00e8 inoltre capace di accogliere manifestazioni d\u2019alto livello e atleti provenienti da ogni parte del mondo. In queste prove finali dell\u2019annata di IBU Cup gli azzurri si schiereranno con Maicol Demetz, Mirco Doddi, Pietro Dutto, Xavier Guidetti, Giuseppe Montello, Andreas Plaickner e Saverio Zini a comporre la squadra maschile, e con le biathlete guidate da Alexia Runggaldier, Nicole Gontier, Ginevra Rocchia e Carmen Runggaldier per il team femminile.<\/p>\n<p>I russi saranno \u201ccomandati\u201d dal capoclassifica Matvey Eliseev, oltre a Petr Pashchenko, Yury Shopin, e dalle abili Galina Nechkasova, Svetlana Sleptsova, Olga Iakushova, Victoria Slivko e Anna Shcherbinina.<\/p>\n<p>La Germania sar\u00e0 al via con Florian Graf, Matthias Bischl e Steffen Bartscher, mentre fra le femmine ci sar\u00e0 la leader Nadine Horchler, quindi Annika Knoll e Karolin Horchler.<\/p>\n<p>Il comitato organizzatore dell\u2019ASV Martello porter\u00e0 in auge uno sport in grado di vantare una storia plurimillenaria. I primi documenti scritti su questa prassi provengono dalla Cina nel periodo della dinastia Han, mentre le origini del biathlon in quanto disciplina sportiva si trovano nel settore militare, con soldati di interi reggimenti dotati di sci veloci e flessibili all\u2019impiego, in particolar modo nei battaglioni degli eserciti scandinavi e russi. Nel 1550 i finlandesi di Juhana Matinpoika sconfissero i russi, dieci volte pi\u00f9 numerosi, nella battaglia di Kivennapa, anche grazie ai soldati sciatori.<\/p>\n<p>Info: <a href=\"http:\/\/www.biathlon-martell.com\/\">www.biathlon-martell.com<\/a> e <u><a href=\"http:\/\/www.biathlonworld.com\/\">www.biathlonworld.com<\/a><\/u><\/p>\n","protected":false},"excerpt":{"rendered":"<p>Val Martello protagonista con l\u2019IBU Cup dal 10 al 13 marzo Gare sprint e a staffetta in tre giornate di competizioni 245 biathleti e 33 nazioni sulle nevi altoatesine Il biathlon \u00e8 una disciplina dalla storia plurimillenaria &nbsp; &nbsp; Il biathlon e la Val Martello, un binomio inscindibile che dal 10 al 13 marzo avr\u00e0 [&hellip;]<\/p>\n","protected":false},"author":15,"featured_media":0,"comment_status":"open","ping_status":"open","sticky":false,"template":"","format":"standard","meta":{"footnotes":""},"categories":[15],"tags":[],"class_list":["post-7422","post","type-post","status-publish","format-standard","hentry","category-sport"],"_links":{"self":[{"href":"https:\/\/www.area-press.eu\/comunicatistampa\/wp-json\/wp\/v2\/posts\/7422","targetHints":{"allow":["GET"]}}],"collection":[{"href":"https:\/\/www.area-press.eu\/comunicatistampa\/wp-json\/wp\/v2\/posts"}],"about":[{"href":"https:\/\/www.area-press.eu\/comunicatistampa\/wp-json\/wp\/v2\/types\/post"}],"author":[{"embeddable":true,"href":"https:\/\/www.area-press.eu\/comunicatistampa\/wp-json\/wp\/v2\/users\/15"}],"replies":[{"embeddable":true,"href":"https:\/\/www.area-press.eu\/comunicatistampa\/wp-json\/wp\/v2\/comments?post=7422"}],"version-history":[{"count":1,"href":"https:\/\/www.area-press.eu\/comunicatistampa\/wp-json\/wp\/v2\/posts\/7422\/revisions"}],"predecessor-version":[{"id":7423,"href":"https:\/\/www.area-press.eu\/comunicatistampa\/wp-json\/wp\/v2\/posts\/7422\/revisions\/7423"}],"wp:attachment":[{"href":"https:\/\/www.area-press.eu\/comunicatistampa\/wp-json\/wp\/v2\/media?parent=7422"}],"wp:term":[{"taxonomy":"category","embeddable":true,"href":"https:\/\/www.area-press.eu\/comunicatistampa\/wp-json\/wp\/v2\/categories?post=7422"},{"taxonomy":"post_tag","embeddable":true,"href":"https:\/\/www.area-press.eu\/comunicatistampa\/wp-json\/wp\/v2\/tags?post=7422"}],"curies":[{"name":"wp","href":"https:\/\/api.w.org\/{rel}","templated":true}]}}