{"id":74194,"date":"2023-03-08T13:54:41","date_gmt":"2023-03-08T12:54:41","guid":{"rendered":"https:\/\/www.area-press.eu\/comunicatistampa\/?p=74194"},"modified":"2023-03-08T13:54:41","modified_gmt":"2023-03-08T12:54:41","slug":"manovra-meloni-e-mezzogiorno-lintervista-a-gianni-lettieri-serve-piu-coraggio","status":"publish","type":"post","link":"https:\/\/www.area-press.eu\/comunicatistampa\/2023\/03\/08\/manovra-meloni-e-mezzogiorno-lintervista-a-gianni-lettieri-serve-piu-coraggio\/","title":{"rendered":"Manovra Meloni e Mezzogiorno, l\u2019intervista a Gianni Lettieri: \u201cServe pi\u00f9 coraggio\u201d"},"content":{"rendered":"<p><em><strong>Per <a title=\"Gianni Lettieri, intervista a Riparte l'Italia\" href=\"https:\/\/www.ripartelitalia.it\/gianni-lettieri-atitech-sud-ha-dovuto-restituire-12-miliardi-alleuropa-non-spesi\/\">Gianni Lettieri<\/a> la Manovra varata dal Governo Meloni non baster\u00e0 a supportare le imprese contro il caro energia e i costi delle materie prime. I dettagli in un\u2019intervista rilasciata all\u2019Osservatorio \u201cRiparte l\u2019Italia\u201d.<\/strong><\/em><\/p>\n<p><a title=\"Gianni Lettieri, Presidente di Atitech\" href=\"https:\/\/www.ripartelitalia.it\/gianni-lettieri-atitech-sud-ha-dovuto-restituire-12-miliardi-alleuropa-non-spesi\/\"><img loading=\"lazy\" decoding=\"async\" src=\"https:\/\/www.topmanagers.it\/SharingFolder\/TopManager\/it\/ManagerProfilePhoto\/Photo\/gianni-lettieri-topmanagers.jpg\" alt=\"Gianni Lettieri\" width=\"200\" height=\"158\" \/><\/a><\/p>\n<h2>Gianni Lettieri: perch\u00e9 il \u201c<em>miracolo italiano<\/em>\u201d stavolta non sar\u00e0 sufficiente<\/h2>\n<p>Costi dell\u2019energia alle stelle, rincari sulle materie prime e la conseguente inflazione rischiano di portare l\u2019Italia verso l\u2019orlo di una vera e propria stagflazione. Affidarsi al \u201c<em>miracolo italiano<\/em>\u201d stavolta potrebbe non essere sufficiente. A spiegarlo \u00e8 il Presidente di Atitech <a title=\"Gianni Lettieri, focus su Riparte l'Italia\" href=\"https:\/\/www.ripartelitalia.it\/gianni-lettieri-atitech-sud-ha-dovuto-restituire-12-miliardi-alleuropa-non-spesi\/\">Gianni Lettieri<\/a> in un\u2019intervista rilasciata all\u2019Osservatorio economico e sociale \u201cRiparte L\u2019Italia\u201d. Per l\u2019imprenditore la Manovra varata dal Governo Meloni manca di \u201c<em>coraggio<\/em>\u201d e non baster\u00e0 a sostenere le aziende italiane e le famiglie colpite prima dalla pandemia e ora dagli effetti della \u201c<em>folle guerra\u201d<\/em> tra Russia e Ucraina. A questi si aggiungeranno a breve quelli dell\u2019aumento dei tassi di interessi, con gli imprenditori che saranno sempre pi\u00f9 restii a investire. Due le soluzioni che, secondo <strong>Gianni Lettieri<\/strong>, potrebbero avere un effetto positivo a breve e a lungo termine: \u201c<em>In primis, consentire alle imprese una dilazione sul pagamento dell\u2019extra costo energetico. Potrebbe essere utile, inoltre, varare un decreto che consenta alle societ\u00e0 di spalmare nei bilanci dei prossimi cinque anni (una sorta di ammortamento) sempre gli extra costi energetici<\/em>\u201d.<\/p>\n<h2>Gianni Lettieri: \u201c<em>Al Sud manca capacit\u00e0 progettuale e di spesa, PNRR occasione da non perdere<\/em>\u201d<\/h2>\n<p>Nonostante le difficolt\u00e0 degli ultimi anni, \u201c<em>l\u2019assenza di ristori<\/em>\u201d adeguati e di una reale politica industriale, sottolinea <strong>Gianni Lettieri<\/strong>, realt\u00e0 come Atitech sono riuscite a sopravvivere e a crescere: \u201c<em>Questo dimostra che il \u2018miracolo italiano\u2019 esiste e, probabilmente chi guida il Paese lo sa e ne approfitta<\/em>\u201d. Ma l\u2019appello del Presidente di Atitech non \u00e8 rivolto unicamente all\u2019Esecutivo: \u201c<em>Dai corpi intermedi non arrivano suggerimenti e proposte al Governo per andare incontro alle imprese e alle famiglie, a partire da Confindustria che non si pronuncia, non fa proposte<\/em>\u201d. Anche sul Mezzogiorno \u00e8 necessario un cambio di rotta, avverte <strong>Gianni Lettieri<\/strong>, soprattutto in vista dei fondi messi a disposizione dal PNRR: \u201c<em>La sfida nel Mezzogiorno \u00e8 quella di spendere le risorse, ma ritengo che non sia strutturato per presentare e per gestire dei progetti, e la relativa spesa. Negli ultimi decenni il Mezzogiorno ha avuto a disposizione miliardi dall\u2019UE ma \u00e8 mancata una classe dirigente capace e attenta<\/em>\u201d. Governo e Regioni devono collaborare per capire se i piccoli Comuni sono in grado di gestire al meglio le risorse europee: \u201c<em>Bisogna guardare in faccia alla realt\u00e0 e porre rimedio alle lacune di piccole amministrazioni dove i Sindaci non hanno n\u00e9 capacit\u00e0 progettuale n\u00e9 capacit\u00e0 di spesa per un\u2019occasione cos\u00ec importante<\/em>\u201d.<\/p>\n","protected":false},"excerpt":{"rendered":"<p>Per Gianni Lettieri la Manovra varata dal Governo Meloni non baster\u00e0 a supportare le imprese contro il caro energia e i costi delle materie prime. I dettagli in un\u2019intervista rilasciata all\u2019Osservatorio \u201cRiparte l\u2019Italia\u201d. Gianni Lettieri: perch\u00e9 il \u201cmiracolo italiano\u201d stavolta non sar\u00e0 sufficiente Costi dell\u2019energia alle stelle, rincari sulle materie prime e la conseguente inflazione [&hellip;]<\/p>\n","protected":false},"author":6664,"featured_media":0,"comment_status":"open","ping_status":"open","sticky":false,"template":"","format":"standard","meta":{"footnotes":""},"categories":[7],"tags":[28443],"class_list":["post-74194","post","type-post","status-publish","format-standard","hentry","category-economia-e-finanza","tag-gianni-lettieri"],"_links":{"self":[{"href":"https:\/\/www.area-press.eu\/comunicatistampa\/wp-json\/wp\/v2\/posts\/74194","targetHints":{"allow":["GET"]}}],"collection":[{"href":"https:\/\/www.area-press.eu\/comunicatistampa\/wp-json\/wp\/v2\/posts"}],"about":[{"href":"https:\/\/www.area-press.eu\/comunicatistampa\/wp-json\/wp\/v2\/types\/post"}],"author":[{"embeddable":true,"href":"https:\/\/www.area-press.eu\/comunicatistampa\/wp-json\/wp\/v2\/users\/6664"}],"replies":[{"embeddable":true,"href":"https:\/\/www.area-press.eu\/comunicatistampa\/wp-json\/wp\/v2\/comments?post=74194"}],"version-history":[{"count":2,"href":"https:\/\/www.area-press.eu\/comunicatistampa\/wp-json\/wp\/v2\/posts\/74194\/revisions"}],"predecessor-version":[{"id":74199,"href":"https:\/\/www.area-press.eu\/comunicatistampa\/wp-json\/wp\/v2\/posts\/74194\/revisions\/74199"}],"wp:attachment":[{"href":"https:\/\/www.area-press.eu\/comunicatistampa\/wp-json\/wp\/v2\/media?parent=74194"}],"wp:term":[{"taxonomy":"category","embeddable":true,"href":"https:\/\/www.area-press.eu\/comunicatistampa\/wp-json\/wp\/v2\/categories?post=74194"},{"taxonomy":"post_tag","embeddable":true,"href":"https:\/\/www.area-press.eu\/comunicatistampa\/wp-json\/wp\/v2\/tags?post=74194"}],"curies":[{"name":"wp","href":"https:\/\/api.w.org\/{rel}","templated":true}]}}