{"id":7415,"date":"2016-03-08T19:45:37","date_gmt":"2016-03-08T18:45:37","guid":{"rendered":"http:\/\/www.area-press.eu\/comunicatistampa\/?p=7415"},"modified":"2016-03-08T19:45:37","modified_gmt":"2016-03-08T18:45:37","slug":"trentino-mtb-riparte-per-entusiasmare-ancora-2-mesi-per-sfruttare-le-tariffe-cumulative","status":"publish","type":"post","link":"https:\/\/www.area-press.eu\/comunicatistampa\/2016\/03\/08\/trentino-mtb-riparte-per-entusiasmare-ancora-2-mesi-per-sfruttare-le-tariffe-cumulative\/","title":{"rendered":"TRENTINO MTB RIPARTE PER ENTUSIASMARE, ANCORA 2 MESI PER SFRUTTARE LE TARIFFE CUMULATIVE"},"content":{"rendered":"<p>Trentino MTB dall\u20198 maggio al 2 ottobre sugli sterrati trentini<\/p>\n<p>La possibilit\u00e0 di sfruttare le vantaggiose \u201ccumulative\u201d scadr\u00e0 il 6 maggio<\/p>\n<p>Accattivanti opportunit\u00e0 anche per le squadre grazie alle \u201cOfferte Speciali Team\u201d<\/p>\n<p>\u201cValdiNon Bike\u201d e \u201cDolomitica Brenta Bike\u201d costituiranno le gare \u2018jolly\u2019 del 2016<\/p>\n<p>&nbsp;<\/p>\n<p>&nbsp;<\/p>\n<p>Ogni manifestazione di Trentino MTB regaler\u00e0 impareggiabili emozioni, le iscrizioni per partecipare ad ogni singola gara sono state aperte, ma il vero vantaggio sta nell\u2019ergersi a protagonista di tutte e sei le competizioni trentine, sia per portare al massimo livello la propria passione per la mountain bike, sia per garantirsi un\u2019annata con i fiocchi, usufruendo inoltre degli sconti per chi sar\u00e0 abile e veloce tanto con la tastiera quanto con il pedale, sfruttando le cosiddette iscrizioni cumulative.<\/p>\n<p>Si tratta di un\u2019offerta costituita da 140 euro anzich\u00e9 168 euro per chi s\u2019iscriver\u00e0 a tutte e sei le manifestazioni, mentre chi ne mancher\u00e0 una soltanto potr\u00e0 partecipare alla quota di 120 euro anzich\u00e9 140 euro. In entrambi i casi, verr\u00e0 fornito uno speciale gadget ed una posizione in partenza che far\u00e0 gola a molti, a poca distanza dalla griglia di merito.<\/p>\n<p>Tariffe ad hoc sono state pensate anche per le squadre, grazie all\u2019\u201cOfferta Speciale Team\u201d 3&#215;2, la quale permetter\u00e0 ai team composti da sette a dodici atleti di registrare gratuitamente un concorrente ogni tre, mentre l\u2019\u201cOfferta Speciale Team\u201d 2&#215;1 \u2018metter\u00e0 sul piatto\u2019 un\u2019iscrizione gratis ogni due per gruppi con tredici o pi\u00f9 bikers. Al momento dell\u2019iscrizione sar\u00e0 opportuno indicare sull\u2019apposita scheda le gare a cui si intender\u00e0 partecipare, comprensive della scelta dei percorsi.<\/p>\n<p>Alla fine della stagione, i concorrenti che avranno portato a termine tutti e sei i confronti avranno diritto ad un bonus di 600 punti, 300 punti saranno invece \u2018in ballo\u2019 per chi ne avr\u00e0 disputati cinque. I due bonus saranno cumulabili, quindi tagliare il traguardo di tutti e sei gli appuntamenti garantir\u00e0 un sostanzioso balzo in classifica che potrebbe essere decisivo al fine di determinare il vincitore assoluto, come nel caso del trionfatore dello scorso anno, il trentino Ivan Degasperi, giunto inaspettatamente davanti a tutti nonostante l\u2019ultima e sfortunata prova, proprio per aver accumulato i 900 punti totali.<\/p>\n<p>Dalla ValdiNon Bike nella \u2018terra delle mele\u2019, alla poderosa \u201c100 Km dei Forti\u201d, dagli scenari impareggiabili della \u201cDolomitica Brenta Bike\u201d alla tradizione e alla storia de \u201cLa Vecia Ferovia dela Val de Fiemme\u201d, dall\u2019estrosit\u00e0 della \u201cVal di Sole Marathon\u201d sino all\u2019apoteosi finale della \u201c3TBIKE\u201d valsuganotta, ogni contest avr\u00e0 qualcosa da dire, e sar\u00e0 capace di entusiasmare anche i bikers pi\u00f9 esigenti.<\/p>\n<p>Le gare indicate come \u2018jolly\u2019 per la stagione 2016 saranno la \u201cValdiNon Bike\u201d e la \u201cDolomitica Brenta Bike\u201d, sfide per le quali il punteggio assegnato verr\u00e0 valorizzato con un aumento del 20%.<\/p>\n<p>Info: <a href=\"http:\/\/www.trentinomtb.com\/\">www.trentinomtb.com<\/a><\/p>\n<p>&nbsp;<\/p>\n<p>&nbsp;<\/p>\n<p><strong>Calendario 2016<\/strong><\/p>\n<p>&nbsp;<\/p>\n<p>VALDINON BIKE &#8211; 8 maggio 2016<\/p>\n<p>100 KM DEI FORTI &#8211; 12 giugno 2016<\/p>\n<p>DOLOMITICA BRENTA BIKE &#8211; 26 giugno 2016<\/p>\n<p>LA VECIA FEROVIA DELA VAL DE FIEMME &#8211; 7 agosto 2016<\/p>\n<p>VAL DI SOLE MARATHON &#8211; 28 agosto 2016<\/p>\n<p>3TBIKE &#8211; 2 ottobre 2016<\/p>\n","protected":false},"excerpt":{"rendered":"<p>Trentino MTB dall\u20198 maggio al 2 ottobre sugli sterrati trentini La possibilit\u00e0 di sfruttare le vantaggiose \u201ccumulative\u201d scadr\u00e0 il 6 maggio Accattivanti opportunit\u00e0 anche per le squadre grazie alle \u201cOfferte Speciali Team\u201d \u201cValdiNon Bike\u201d e \u201cDolomitica Brenta Bike\u201d costituiranno le gare \u2018jolly\u2019 del 2016 &nbsp; &nbsp; Ogni manifestazione di Trentino MTB regaler\u00e0 impareggiabili emozioni, le [&hellip;]<\/p>\n","protected":false},"author":15,"featured_media":0,"comment_status":"open","ping_status":"open","sticky":false,"template":"","format":"standard","meta":{"footnotes":""},"categories":[29],"tags":[],"class_list":["post-7415","post","type-post","status-publish","format-standard","hentry","category-comunicati"],"_links":{"self":[{"href":"https:\/\/www.area-press.eu\/comunicatistampa\/wp-json\/wp\/v2\/posts\/7415","targetHints":{"allow":["GET"]}}],"collection":[{"href":"https:\/\/www.area-press.eu\/comunicatistampa\/wp-json\/wp\/v2\/posts"}],"about":[{"href":"https:\/\/www.area-press.eu\/comunicatistampa\/wp-json\/wp\/v2\/types\/post"}],"author":[{"embeddable":true,"href":"https:\/\/www.area-press.eu\/comunicatistampa\/wp-json\/wp\/v2\/users\/15"}],"replies":[{"embeddable":true,"href":"https:\/\/www.area-press.eu\/comunicatistampa\/wp-json\/wp\/v2\/comments?post=7415"}],"version-history":[{"count":1,"href":"https:\/\/www.area-press.eu\/comunicatistampa\/wp-json\/wp\/v2\/posts\/7415\/revisions"}],"predecessor-version":[{"id":7416,"href":"https:\/\/www.area-press.eu\/comunicatistampa\/wp-json\/wp\/v2\/posts\/7415\/revisions\/7416"}],"wp:attachment":[{"href":"https:\/\/www.area-press.eu\/comunicatistampa\/wp-json\/wp\/v2\/media?parent=7415"}],"wp:term":[{"taxonomy":"category","embeddable":true,"href":"https:\/\/www.area-press.eu\/comunicatistampa\/wp-json\/wp\/v2\/categories?post=7415"},{"taxonomy":"post_tag","embeddable":true,"href":"https:\/\/www.area-press.eu\/comunicatistampa\/wp-json\/wp\/v2\/tags?post=7415"}],"curies":[{"name":"wp","href":"https:\/\/api.w.org\/{rel}","templated":true}]}}