{"id":7391,"date":"2016-03-08T17:47:59","date_gmt":"2016-03-08T16:47:59","guid":{"rendered":"http:\/\/www.area-press.eu\/comunicatistampa\/?p=7391"},"modified":"2016-03-08T17:47:59","modified_gmt":"2016-03-08T16:47:59","slug":"zero-wind-show-prendera-il-volo-tra-20-giorni-otto-sfide-dimpareggiabile-bellezza","status":"publish","type":"post","link":"https:\/\/www.area-press.eu\/comunicatistampa\/2016\/03\/08\/zero-wind-show-prendera-il-volo-tra-20-giorni-otto-sfide-dimpareggiabile-bellezza\/","title":{"rendered":"ZERO WIND SHOW PRENDER\u00c0 IL \u201cVOLO\u201d TRA 20 GIORNI, OTTO SFIDE D\u2019IMPAREGGIABILE BELLEZZA"},"content":{"rendered":"<p>Zero Wind Show al via il 28 marzo con la Gran Fondo Davide Cassani<\/p>\n<p>Tutte le manifestazioni del circuito sotto l\u2019egida di ACSI Ciclismo<\/p>\n<p>Un format innovativo coinvolger\u00e0 otto granfondo fra le pi\u00f9 entusiasmanti d\u2019Italia<\/p>\n<p>Appuntamenti valevoli per il Campionato Nazionale ACSI<\/p>\n<p>&nbsp;<\/p>\n<p>&nbsp;<\/p>\n<p>\u201cLa bicicletta \u00e8 bella per quello che ti pu\u00f2 dare. Ti fa stare bene, ti d\u00e0 la possibilit\u00e0 di sentire, di parlare, di vedere il mondo da un\u2019altra angolazione. La bicicletta ti fa tornare indietro nel tempo. Ti fa tornare ragazzo\u201d. Sono le parole di Davide Cassani, attuale CT della nazionale maschile di ciclismo su strada, testimonial del primo appuntamento 2016 di Zero Wind Show \u2013 il circuito che premia la passione, con la gara che ne porta il nome, la Gran Fondo Davide Cassani del 28 marzo.<\/p>\n<p>La \u201cclassicissima\u201d d\u2019apertura a sostegno del ciclismo giovanile si costituir\u00e0 di un percorso \u2018medio\u2019 ed uno \u2018lungo\u2019, e per partecipare a questo primo appuntamento baster\u00e0 consultare il sito web di riferimento <a href=\"http:\/\/www.granfondodavidecassani.it\/\">www.granfondodavidecassani.it<\/a>, seguendo le procedure d\u2019iscrizione.<\/p>\n<p>Una \u201cformula\u201d valida anche per tutte le altre manifestazioni del circuito, il format \u201cno stress\u201d oltrech\u00e9 per le gare verr\u00e0 seguito anche dal punto di vista regolamentare, facilitando gli appassionati cicloamatori.<\/p>\n<p>Zero Wind Show intende premiare l\u2019entusiasmo della gente per questo sport, proponendo un nuovo modo di affrontarlo, senza griglie o tensioni di sorta, valorizzando le bellezze paesaggistiche del nostro territorio.<\/p>\n<p>Un circuito rivoluzionario, che far\u00e0 pedalare in sicurezza lungo oltre 1000 km e 16000 metri di dislivello, in un\u2019atmosfera festosa e divertente. Le graduatorie finali garantiranno curiosi premi, un riconoscimento \u201cBronze\u201d a chi avr\u00e0 completato almeno cinque prove del circuito, \u201cSilver\u201d a chi avr\u00e0 portato a termine sei gare, \u201cGold\u201d per sette tappe e \u201cPlatinum\u201d a chi parteciper\u00e0 e concluder\u00e0 tutti e otto gli appuntamenti. Per determinare le cinque migliori societ\u00e0 si sommeranno i risultati di tutti i \u201cfinishers\u201d di ogni team, a condizione che gli atleti abbiano terminato almeno cinque delle otto prove previste.<\/p>\n<p>Dopo la Gran Fondo Davide Cassani gli audaci pedalatori si cimenteranno con la prestigiosa Granfondo Selle Italia di Cervia, quindi con gli avvincenti confronti della Granfondo Liotto, nella citt\u00e0 in cui l\u2019architetto Andrea Palladio fu in grado di esprimere l\u2019apice della propria arte, Vicenza.<\/p>\n<p>Si proseguir\u00e0 con il Colnago Cycling Festival di Desenzano del Garda e la Granfondo degli Squali di Cattolica &amp; Gabicce Mare, prima di presentarsi al cospetto delle Tre Cime di Lavaredo con la 3Epic Cycling Road, e dei rilievi dolomitici delle Valli di Fiemme e Fassa festeggiando il decimo compleanno della Marcialonga Cycling Craft. La Granfondo Citt\u00e0 di Padova concluder\u00e0 il lotto di appuntamenti sulle due ruote. Tutte le competizioni del challenge saranno valevoli per il Campionato Nazionale ACSI e sotto l\u2019egida di ACSI Ciclismo.<\/p>\n<p>Info: <a href=\"http:\/\/www.zerowindshow.com\/\">www.zerowindshow.com<\/a><\/p>\n<p>&nbsp;<\/p>\n<p>&nbsp;<\/p>\n<p><strong>Calendario Zero Wind Show 2016<\/strong><\/p>\n<p>&nbsp;<\/p>\n<p>GRAN FONDO DAVIDE CASSANI &#8211; 28 marzo 2016<\/p>\n<p>GRANFONDO SELLE ITALIA &#8211; 3 aprile 2016<\/p>\n<p>GRANFONDO LIOTTO &#8211; 10 aprile 2016<\/p>\n<p>COLNAGO CYCLING FESTIVAL &#8211; 8 maggio 2016<\/p>\n<p>GRANFONDO DEGLI SQUALI &#8211; 15 maggio 2016<\/p>\n<p>3 EPIC CYCLING ROAD &#8211; 4 giugno 2016<\/p>\n<p>MARCIALONGA CYCLING CRAFT &#8211; 12 giugno 2016<\/p>\n<p>GRANFONDO CITTA&#8217; DI PADOVA &#8211; 26 giugno 2016<\/p>\n","protected":false},"excerpt":{"rendered":"<p>Zero Wind Show al via il 28 marzo con la Gran Fondo Davide Cassani Tutte le manifestazioni del circuito sotto l\u2019egida di ACSI Ciclismo Un format innovativo coinvolger\u00e0 otto granfondo fra le pi\u00f9 entusiasmanti d\u2019Italia Appuntamenti valevoli per il Campionato Nazionale ACSI &nbsp; &nbsp; \u201cLa bicicletta \u00e8 bella per quello che ti pu\u00f2 dare. Ti [&hellip;]<\/p>\n","protected":false},"author":15,"featured_media":0,"comment_status":"open","ping_status":"open","sticky":false,"template":"","format":"standard","meta":{"footnotes":""},"categories":[29],"tags":[],"class_list":["post-7391","post","type-post","status-publish","format-standard","hentry","category-comunicati"],"_links":{"self":[{"href":"https:\/\/www.area-press.eu\/comunicatistampa\/wp-json\/wp\/v2\/posts\/7391","targetHints":{"allow":["GET"]}}],"collection":[{"href":"https:\/\/www.area-press.eu\/comunicatistampa\/wp-json\/wp\/v2\/posts"}],"about":[{"href":"https:\/\/www.area-press.eu\/comunicatistampa\/wp-json\/wp\/v2\/types\/post"}],"author":[{"embeddable":true,"href":"https:\/\/www.area-press.eu\/comunicatistampa\/wp-json\/wp\/v2\/users\/15"}],"replies":[{"embeddable":true,"href":"https:\/\/www.area-press.eu\/comunicatistampa\/wp-json\/wp\/v2\/comments?post=7391"}],"version-history":[{"count":1,"href":"https:\/\/www.area-press.eu\/comunicatistampa\/wp-json\/wp\/v2\/posts\/7391\/revisions"}],"predecessor-version":[{"id":7392,"href":"https:\/\/www.area-press.eu\/comunicatistampa\/wp-json\/wp\/v2\/posts\/7391\/revisions\/7392"}],"wp:attachment":[{"href":"https:\/\/www.area-press.eu\/comunicatistampa\/wp-json\/wp\/v2\/media?parent=7391"}],"wp:term":[{"taxonomy":"category","embeddable":true,"href":"https:\/\/www.area-press.eu\/comunicatistampa\/wp-json\/wp\/v2\/categories?post=7391"},{"taxonomy":"post_tag","embeddable":true,"href":"https:\/\/www.area-press.eu\/comunicatistampa\/wp-json\/wp\/v2\/tags?post=7391"}],"curies":[{"name":"wp","href":"https:\/\/api.w.org\/{rel}","templated":true}]}}