{"id":73823,"date":"2023-01-31T08:37:11","date_gmt":"2023-01-31T07:37:11","guid":{"rendered":"https:\/\/www.area-press.eu\/comunicatistampa\/?p=73823"},"modified":"2023-01-31T08:37:11","modified_gmt":"2023-01-31T07:37:11","slug":"come-mantenere-igienizzato-il-tuo-negozio","status":"publish","type":"post","link":"https:\/\/www.area-press.eu\/comunicatistampa\/2023\/01\/31\/come-mantenere-igienizzato-il-tuo-negozio\/","title":{"rendered":"Come mantenere igienizzato il tuo negozio"},"content":{"rendered":"<p>\u00c8 una sfida <strong>mantenere igienizzato il tuo negozio<\/strong> durante la pandemia di COVID-19. Gli <strong>spazi commerciali<\/strong> devono operare in modo sicuro ed efficace sia per servire il pubblico sia semplicemente per rimanere aperti. Tuttavia, con la nuova struttura di COVID-19, nessuno sa davvero cosa aspettarsi. Ecco perch\u00e9 sembra che le linee guida sulla sicurezza siano in continua evoluzione.<\/p>\n<p>La comunit\u00e0 scientifica apprende qualcosa di nuovo su COVID-19 quasi ogni giorno e ci\u00f2 che apprende spesso cambia le opinioni di professionisti e profani sulle migliori pratiche di pulizia e disinfezione degli spazi commerciali, distanza sociale e altre pratiche igieniche.<\/p>\n<p>Potrebbe essere necessario rivolgersi a un <a href=\"https:\/\/pulizie.verona.it\/\"><strong><u>impresa di pulizie Verona<\/u><\/strong><\/a> professionale specializzata nella fornitura sicura ed efficace di disinfezioni frequenti degli spazi commerciali.<\/p>\n<p>Dobbiamo riconoscere e affrontare le sfide uniche che derivano da questo nuovo ambiente stimolante nei contesti di vendita al dettaglio. Considerando la natura della maggior parte dei negozi al dettaglio, l&#8217;utilizzo delle linee guida fornite pu\u00f2 aiutare a proteggere gli acquirenti e il personale (il che pu\u00f2 anche significare pi\u00f9 dollari alla porta, meno giorni di chiusura per ulteriori servizi igienico-sanitari se c&#8217;\u00e8 un caso positivo e meno membri del personale malati che si prendono una pausa oltre a mettere a rischio gli altri).<\/p>\n<p>Il tempo che la pulizia e la disinfezione frequenti possono richiedere ai dipendenti esistenti, per non parlare dell&#8217;impegno in processi di pulizia e sanificazione pi\u00f9 approfonditi, pu\u00f2 occupare una parte significativa della loro giornata.<\/p>\n","protected":false},"excerpt":{"rendered":"<p>\u00c8 una sfida mantenere igienizzato il tuo negozio durante la pandemia di COVID-19. Gli spazi commerciali devono operare in modo sicuro ed efficace sia per servire il pubblico sia semplicemente per rimanere aperti. Tuttavia, con la nuova struttura di COVID-19, nessuno sa davvero cosa aspettarsi. Ecco perch\u00e9 sembra che le linee guida sulla sicurezza siano [&hellip;]<\/p>\n","protected":false},"author":2743,"featured_media":0,"comment_status":"open","ping_status":"open","sticky":false,"template":"","format":"standard","meta":{"footnotes":""},"categories":[4],"tags":[],"class_list":["post-73823","post","type-post","status-publish","format-standard","hentry","category-attualita-e-societa"],"_links":{"self":[{"href":"https:\/\/www.area-press.eu\/comunicatistampa\/wp-json\/wp\/v2\/posts\/73823","targetHints":{"allow":["GET"]}}],"collection":[{"href":"https:\/\/www.area-press.eu\/comunicatistampa\/wp-json\/wp\/v2\/posts"}],"about":[{"href":"https:\/\/www.area-press.eu\/comunicatistampa\/wp-json\/wp\/v2\/types\/post"}],"author":[{"embeddable":true,"href":"https:\/\/www.area-press.eu\/comunicatistampa\/wp-json\/wp\/v2\/users\/2743"}],"replies":[{"embeddable":true,"href":"https:\/\/www.area-press.eu\/comunicatistampa\/wp-json\/wp\/v2\/comments?post=73823"}],"version-history":[{"count":2,"href":"https:\/\/www.area-press.eu\/comunicatistampa\/wp-json\/wp\/v2\/posts\/73823\/revisions"}],"predecessor-version":[{"id":73833,"href":"https:\/\/www.area-press.eu\/comunicatistampa\/wp-json\/wp\/v2\/posts\/73823\/revisions\/73833"}],"wp:attachment":[{"href":"https:\/\/www.area-press.eu\/comunicatistampa\/wp-json\/wp\/v2\/media?parent=73823"}],"wp:term":[{"taxonomy":"category","embeddable":true,"href":"https:\/\/www.area-press.eu\/comunicatistampa\/wp-json\/wp\/v2\/categories?post=73823"},{"taxonomy":"post_tag","embeddable":true,"href":"https:\/\/www.area-press.eu\/comunicatistampa\/wp-json\/wp\/v2\/tags?post=73823"}],"curies":[{"name":"wp","href":"https:\/\/api.w.org\/{rel}","templated":true}]}}