{"id":73794,"date":"2023-01-25T09:19:04","date_gmt":"2023-01-25T08:19:04","guid":{"rendered":"https:\/\/www.area-press.eu\/comunicatistampa\/?p=73794"},"modified":"2023-03-09T14:21:01","modified_gmt":"2023-03-09T13:21:01","slug":"giantheo-quattro-stagioni","status":"publish","type":"post","link":"https:\/\/www.area-press.eu\/comunicatistampa\/2023\/01\/25\/giantheo-quattro-stagioni\/","title":{"rendered":"Giantheo &#8211; Quattro stagioni"},"content":{"rendered":"<p class=\"p1\" style=\"text-align: center\"><span class=\"s1\"><i>Il nuovo singolo del duo di produttori bresciani<br \/>\n<\/i><\/span><span class=\"s1\"><i>Un omaggio al cantautorato italiano, ad un ritorno alle origini che passa dalle parole<\/i><\/span><\/p>\n<p><img loading=\"lazy\" decoding=\"async\" class=\"aligncenter\" src=\"https:\/\/www.joyfreepress.com\/wp-content\/uploads\/2023\/01\/Cover-GT.jpg\" width=\"384\" height=\"384\" \/><\/p>\n<p class=\"p4\"><span class=\"s1\">Il testo di \u201cQuattro stagioni\u201d \u00e8 una poesia tradotta in musica che si rif\u00e0 alle origini del cantautorato italiano. Tema centrale del brano \u00e8 la comunicazione, quella vera, fatta di parole e sguardi, arricchita di segnali di affetto e riconoscenza, incapace di passare di moda nonostante sia spesso messa a dura prova. <\/span><\/p>\n<p class=\"p4\"><span class=\"s1\">\u00ab<i>Al giorno d&#8217;oggi tutto \u00e8 cos\u00ec fruibile e veloce e non fanno eccezione nemmeno le relazioni. Perci\u00f2, in un percorso di vita insieme, segnato da esperienze sia di gioia che di difficolt\u00e0 e talvolta di dolore, se i sentimenti sono veri e puri tutto si supera<\/i>\u00bb <b>Giantheo<\/b>. <\/span><\/p>\n<p class=\"p4\"><span class=\"s1\">Etichetta: <b>Gne Records<br \/>\n<\/b><\/span><span class=\"s1\">Edizioni musicali: <b>Musica Viva<\/b><\/span><\/p>\n<p><iframe loading=\"lazy\" title=\"Mar profondo\" width=\"500\" height=\"375\" src=\"https:\/\/www.youtube.com\/embed\/bPujPMO4IqE?feature=oembed\" frameborder=\"0\" allow=\"accelerometer; autoplay; clipboard-write; encrypted-media; gyroscope; picture-in-picture; web-share\" referrerpolicy=\"strict-origin-when-cross-origin\" allowfullscreen><\/iframe><\/p>\n<p class=\"p4\"><span class=\"s1\">Nel 2003 Giancarlo Prandelli incontra Matteo Sainaghi, in arte Theo e da subito si crea un magico feeling che li porta a formare i Giantheo.<\/span><\/p>\n<p class=\"p4\"><span class=\"s1\">Praticamente esordienti partecipano alla trasmissione \u00able Iene\u00bb su Italia1 ed entrano con il brano Tortuga nella compilations Cantat\u00f9 vol.6 e Superestate latina. Vincono il Festivalshow e partecipano in tutta Italia a trasmissioni televisive e festival.<\/span><\/p>\n<p class=\"p4\"><span class=\"s1\">Sono protagonisti del tour di Rtl 102.5 e ospiti del tour di Sanremo giovani.<\/span><\/p>\n<p class=\"p4\"><span class=\"s1\">Terminato questo periodo entrambi si dedicano a una serie di progetti paralleli. In particolare Giancarlo Prandelli, cantante, compositore, autore, artista, polistrumentista, arrangiatore, audio engineer, programmatore e produttore discografico italiano, realizza innumerevoli produzioni e collaborazioni per artisti, tra i quali Laura Pausini, Mina, Omar Pedrini, Fausto Leali, Laura Abela, Michela Coppa, Nina Mori\u0107, Blanco, e tanti altri.<\/span><\/p>\n<p class=\"p4\"><span class=\"s1\">\u00c8 figlio di Sergio Prandelli (gi\u00e0 figlio del musicista Andrea Prandelli) e rappresenta tre generazioni di musicisti e produttori.<\/span><\/p>\n<p class=\"p4\"><span class=\"s1\">Theo compone brani rap sin dalla fine degli anni \u201880, ma coltiva contemporaneamente la sua passione sportiva diventando personal trainer e laureandosi in Fisioterapia e scienze motorie. Diventa presidente e fondatore della GDM, acronimo di Ginnastica Dinamica Militare Italiana ed \u00e8 autore del libro \u00abIntelligenza Motoria\u00bb. <\/span><\/p>\n<p class=\"p4\"><span class=\"s1\">Negli anni \u201890 crea, insieme a Michel Altieri il Gruppo Trendist Attitude, che li porta a lavorare come performer nei migliori club Italiani ed esteri del periodo.<\/span><\/p>\n<p class=\"p4\"><span class=\"s1\">Dopo questa pausa i due decidono di riformare i Giantheo pubblicando un primo singolo dal titolo Conchiglie a cui segue Catene. Questo secondo brano in particolare nasce da un idea di Theo ed \u00e8 ispirato al progetto della GDM Italiana. A maggio \u00e8 uscito il primo singolo del nuovo progetto Uni Verso che raggiunge le vette delle classifiche italiani indipendenti, seguito a settembre dall&#8217;intensa ballad Mar Profondo, anch&#8217;essa al top delle rotazioni radiofoniche<\/span><\/p>\n<p class=\"p7\"><span class=\"s2\"><b>Contatti e social<\/b><\/span><\/p>\n<p class=\"p8\"><span class=\"s3\"><b>Sito Web<br \/>\n<\/b><a href=\"https:\/\/giantheo.com\"><span class=\"s4\">https:\/\/giantheo.com<\/span><\/a><br \/>\n<\/span><span class=\"s3\"><b>Facebook<br \/>\n<\/b><a href=\"https:\/\/www.facebook.com\/Giantheofficial\"><span class=\"s4\">https:\/\/www.facebook.com\/Giantheofficial<\/span><\/a><br \/>\n<\/span><span class=\"s3\"><b>Instagram<br \/>\n<\/b><a href=\"https:\/\/www.instagram.com\/giantheo_official\/\"><span class=\"s4\">https:\/\/www.instagram.com\/giantheo_official\/<\/span><\/a><\/span><\/p>\n<p class=\"p10\"><span class=\"s1\"><b>l\u2019altoparlante \u2013 comunicazione musicale<\/b> &#8211;<br \/>\n<span class=\"s5\">www.laltoparlante.it<\/span><br \/>\n<span class=\"s5\">info@laltoparlante.it<\/span><\/span><\/p>\n","protected":false},"excerpt":{"rendered":"<p>Il nuovo singolo del duo di produttori bresciani Un omaggio al cantautorato italiano, ad un ritorno alle origini che passa dalle parole Il testo di \u201cQuattro stagioni\u201d \u00e8 una poesia tradotta in musica che si rif\u00e0 alle origini del cantautorato italiano. Tema centrale del brano \u00e8 la comunicazione, quella vera, fatta di parole e sguardi, [&hellip;]<\/p>\n","protected":false},"author":331,"featured_media":0,"comment_status":"open","ping_status":"open","sticky":false,"template":"","format":"standard","meta":{"footnotes":""},"categories":[12],"tags":[32309,5032,1632,2365],"class_list":["post-73794","post","type-post","status-publish","format-standard","hentry","category-musica","tag-giantheo","tag-nuovo","tag-radio-date","tag-singolo"],"_links":{"self":[{"href":"https:\/\/www.area-press.eu\/comunicatistampa\/wp-json\/wp\/v2\/posts\/73794","targetHints":{"allow":["GET"]}}],"collection":[{"href":"https:\/\/www.area-press.eu\/comunicatistampa\/wp-json\/wp\/v2\/posts"}],"about":[{"href":"https:\/\/www.area-press.eu\/comunicatistampa\/wp-json\/wp\/v2\/types\/post"}],"author":[{"embeddable":true,"href":"https:\/\/www.area-press.eu\/comunicatistampa\/wp-json\/wp\/v2\/users\/331"}],"replies":[{"embeddable":true,"href":"https:\/\/www.area-press.eu\/comunicatistampa\/wp-json\/wp\/v2\/comments?post=73794"}],"version-history":[{"count":1,"href":"https:\/\/www.area-press.eu\/comunicatistampa\/wp-json\/wp\/v2\/posts\/73794\/revisions"}],"predecessor-version":[{"id":73795,"href":"https:\/\/www.area-press.eu\/comunicatistampa\/wp-json\/wp\/v2\/posts\/73794\/revisions\/73795"}],"wp:attachment":[{"href":"https:\/\/www.area-press.eu\/comunicatistampa\/wp-json\/wp\/v2\/media?parent=73794"}],"wp:term":[{"taxonomy":"category","embeddable":true,"href":"https:\/\/www.area-press.eu\/comunicatistampa\/wp-json\/wp\/v2\/categories?post=73794"},{"taxonomy":"post_tag","embeddable":true,"href":"https:\/\/www.area-press.eu\/comunicatistampa\/wp-json\/wp\/v2\/tags?post=73794"}],"curies":[{"name":"wp","href":"https:\/\/api.w.org\/{rel}","templated":true}]}}