{"id":73588,"date":"2023-01-18T19:11:24","date_gmt":"2023-01-18T18:11:24","guid":{"rendered":"https:\/\/www.area-press.eu\/comunicatistampa\/?p=73588"},"modified":"2023-01-18T19:11:24","modified_gmt":"2023-01-18T18:11:24","slug":"giancarlo-elia-valori-nominato-professore-onorario-delluniversita-di-stato-di-pechino","status":"publish","type":"post","link":"https:\/\/www.area-press.eu\/comunicatistampa\/2023\/01\/18\/giancarlo-elia-valori-nominato-professore-onorario-delluniversita-di-stato-di-pechino\/","title":{"rendered":"GIANCARLO ELIA VALORI NOMINATO PROFESSORE ONORARIO DELL&#8217;UNIVERSITA&#8217; DI STATO DI PECHINO"},"content":{"rendered":"<p><strong>Un riconoscimento eccezionale per un uomo protagonista delle relazioni internazionali e del dialogo tra popoli e culture.<\/strong><\/p>\n<p>Con la comunicazione ufficiale firmata dal prof. TANG Shiqi, della Scuola di Studi internazionali dell&#8217;Universit\u00e0 di Stato di Pechino, si \u00e8 concluso il lungo iter di valutazione dei titoli e del percorso professionale del prof. Giancarlo Elia Valori, grande manager italiano gi\u00e0 Presidente di Autostrade per l&#8217;Italia.<\/p>\n<p>Il titolo di Professore onorario dell&#8217;Universit\u00e0 di Stato di Pechino ha un grande valore e significato perch\u00e9 in quell&#8217;Ateneo viene formata la classe dirigente dello Stato cinese ed \u00e8 quindi di rilievo in quel contesto la figura di Giancarlo Elia Valori, uomo che da sempre opera, con la riservatezza che distingue le persone concrete, per il dialogo tra i popoli.<\/p>\n<p>Grande il legame tra Elia Valori e la Cina anche questo dovuto alla sua grandissima capacit\u00e0 di visione, Valori fu in Cina gi\u00e0 giovanissimo quando il Paese asiatico era ai margini della societ\u00e0 mondiale e fu tra i pochissimi al mondo a capire che quel Paese con una storia millenaria sarebbe diventato una potenza mondiale, traino a livello tecnologico del mondo intero. Giancarlo Elia Valori diversi decenni fa vide chiara la strada che avrebbe portato la Cina dagli aratri condotti a mano ai prodigi dell&#8217;intelligenza artificiale e alla conquista dello Spazio.<\/p>\n<p>Tra le motivazioni che hanno portato al prestigioso conferimento del titolo di Professore onorario vi \u00e8 il formidabile contributo del prof. Valori alla pace, alla mediazione, alla diplomazia, alla cultura.<\/p>\n<p>L&#8217;Italia deve essere orgogliosa di un uomo che in silenzio, ma con competenza e grande coraggio, ha sempre cercato di scuotere la mente e le coscienze delle persone, accompagnandole sapientemente verso nuovi orizzonti.<\/p>\n<p>Congratulazioni vivissime da parte del Direttore e di tutti gli autori del Nuovo Giornale Nazionale, alle quali si uniscono il Presidente, il vice Presidente, i Consiglieri e tutti i soci delll&#8217;associazione Libercom, editrice del nostro giornale.<\/p>\n<p>&#8212;&#8212;&#8212;&#8212;&#8212;&#8211;<\/p>\n<p>LA LETTERA DI NOMINA<\/p>\n<p>Al<\/p>\n<p>Cavaliere del Lavoro Professor Giancarlo Elia Valori<\/p>\n<p>Presidente \u201cInternational World Group\u201d<\/p>\n<p>Via del Circo Massimo, 9 \u2013 Sc. B 6^ piano \u2013 00153 ROMA<\/p>\n<p>12 gennaio 2023<\/p>\n<p>Illustre Professore e Presidente Giancarlo Valori,<\/p>\n<p>sono lieto informarLa che la nostra richiesta inerente la nomina a Professore Emerito presso l\u2019Universit\u00e0 di Pechino ha avuto successo. Dopo l\u2019accurata valutazione del Comitato Accademico dell\u2019Universit\u00e0 di Pechino, ho l\u2019onore di condividere con Lei questa grande notizia.<\/p>\n<p>La ringrazio sinceramente della squisita collaborazione assicurata nel corso dell\u2019intero\u00a0 procedimento e per il supporto di lunga durata, per la cortesia e l\u2019amicizia nei riguardi del nostro Istituto. Vorrei avere il piacere e colgo l\u2019occasione per manifestare la mia pi\u00f9 profonda considerazione per il suo entusiastico sforzo e importante sostegno nella promozione della pace, della solidariet\u00e0 e della reciproca comprensione tra culture e popoli differenti.<\/p>\n<p>Dal punto di vista formale, si prevede che presso l\u2019Universit\u00e0 di Pechino abbia luogo la cerimonia del conferimento del titolo. Ricever\u00e0 dall\u2019Universit\u00e0 il cortese invito a prendere parte alla cerimonia e, per Lei, sar\u00e0 certamente una buona occasione per fare ancora visita al nostro Istituto e al campus.<\/p>\n<p>f.to<\/p>\n<p>TANG Shiqi<\/p>\n<p>Decano, Professore<\/p>\n<p>Istituto per le Relazioni Internazionali<\/p>\n<p>Universit\u00e0 di Pechino \u2013 Pechino, Cina<\/p>\n<p><a href=\"https:\/\/www.nuovogiornalenazionale.com\/index.php\/italia\/cronaca\/10121-un-importantissimo-riconoscumento-a-giancarlo-elia-valori.html\">ARTICOLO ORIGINALE<\/a><\/p>\n","protected":false},"excerpt":{"rendered":"<p>Un riconoscimento eccezionale per un uomo protagonista delle relazioni internazionali e del dialogo tra popoli e culture. Con la comunicazione ufficiale firmata dal prof. TANG Shiqi, della Scuola di Studi internazionali dell&#8217;Universit\u00e0 di Stato di Pechino, si \u00e8 concluso il lungo iter di valutazione dei titoli e del percorso professionale del prof. Giancarlo Elia Valori, [&hellip;]<\/p>\n","protected":false},"author":6804,"featured_media":0,"comment_status":"open","ping_status":"open","sticky":false,"template":"","format":"standard","meta":{"footnotes":""},"categories":[29],"tags":[],"class_list":["post-73588","post","type-post","status-publish","format-standard","hentry","category-comunicati"],"_links":{"self":[{"href":"https:\/\/www.area-press.eu\/comunicatistampa\/wp-json\/wp\/v2\/posts\/73588","targetHints":{"allow":["GET"]}}],"collection":[{"href":"https:\/\/www.area-press.eu\/comunicatistampa\/wp-json\/wp\/v2\/posts"}],"about":[{"href":"https:\/\/www.area-press.eu\/comunicatistampa\/wp-json\/wp\/v2\/types\/post"}],"author":[{"embeddable":true,"href":"https:\/\/www.area-press.eu\/comunicatistampa\/wp-json\/wp\/v2\/users\/6804"}],"replies":[{"embeddable":true,"href":"https:\/\/www.area-press.eu\/comunicatistampa\/wp-json\/wp\/v2\/comments?post=73588"}],"version-history":[{"count":1,"href":"https:\/\/www.area-press.eu\/comunicatistampa\/wp-json\/wp\/v2\/posts\/73588\/revisions"}],"predecessor-version":[{"id":73708,"href":"https:\/\/www.area-press.eu\/comunicatistampa\/wp-json\/wp\/v2\/posts\/73588\/revisions\/73708"}],"wp:attachment":[{"href":"https:\/\/www.area-press.eu\/comunicatistampa\/wp-json\/wp\/v2\/media?parent=73588"}],"wp:term":[{"taxonomy":"category","embeddable":true,"href":"https:\/\/www.area-press.eu\/comunicatistampa\/wp-json\/wp\/v2\/categories?post=73588"},{"taxonomy":"post_tag","embeddable":true,"href":"https:\/\/www.area-press.eu\/comunicatistampa\/wp-json\/wp\/v2\/tags?post=73588"}],"curies":[{"name":"wp","href":"https:\/\/api.w.org\/{rel}","templated":true}]}}