{"id":73585,"date":"2023-01-18T19:11:27","date_gmt":"2023-01-18T18:11:27","guid":{"rendered":"https:\/\/www.area-press.eu\/comunicatistampa\/?p=73585"},"modified":"2023-01-18T19:11:27","modified_gmt":"2023-01-18T18:11:27","slug":"prima-edizione-del-premio-valore-coraggio-al-campidoglio-sala-promoteca","status":"publish","type":"post","link":"https:\/\/www.area-press.eu\/comunicatistampa\/2023\/01\/18\/prima-edizione-del-premio-valore-coraggio-al-campidoglio-sala-promoteca\/","title":{"rendered":"Prima edizione del Premio &#8220;VALORE CORAGGIO&#8221; al Campidoglio (Sala Promoteca)"},"content":{"rendered":"<p><b><i>Papa Francesco<\/i><\/b><span style=\"font-weight: 400\">, l&#8217;ambasciatore italiano a Kiev <\/span><b>Pierfrancesco Zazo<\/b><span style=\"font-weight: 400\">, l&#8217;inviato di guerra <\/span><b>Mattia Sorbi<\/b><span style=\"font-weight: 400\">, l&#8217;iraniana ottantenne <\/span><b>Gohar Eshghi<\/b><span style=\"font-weight: 400\">, l&#8217;ex presidente del Parco dei Nebrodi <\/span><b>Giuseppe Antoci<\/b><span style=\"font-weight: 400\">, il cantante <\/span><b>Andrea Bocelli<\/b><span style=\"font-weight: 400\">, l&#8217;astronauta <\/span><b>Paolo Nespoli<\/b><span style=\"font-weight: 400\">, il giornalista <\/span><b>Massimo Lucidi<\/b><span style=\"font-weight: 400\"> tra i premiati della prima edizione del Premio &#8221;<\/span><b>VALORE CORAGGIO<\/b><span style=\"font-weight: 400\">&#8221;, promosso dalla Fondazione Italia Sostenibile, con il Patrocinio del Comune di Roma e dell&#8217;Unesco.<\/span><\/p>\n<p>&nbsp;<\/p>\n<p><span style=\"font-weight: 400\">Il primo dei premiati \u00e8 appunto <\/span><b><i>Papa Francesco<\/i><\/b><span style=\"font-weight: 400\">, &#8221;per il suo operato di missionario di pace con la ricerca, senza soluzione di continuit\u00e0, di intesa e fraternit\u00e0 tra i popoli&#8221;, dice la motivazione. Il pontefice ha gi\u00e0 ricevuto in Vaticano il riconoscimento e ha risposto con un messaggio, scrivendo, tra l&#8217;altro: &#8221;Ringrazio vivamente per il gesto, per la sensibilit\u00e0 e per le espressioni di affetto&#8221;.\u00a0<\/span><\/p>\n<p>&nbsp;<\/p>\n<p><span style=\"font-weight: 400\">Tra gli altri premiati ci sono: <\/span><b>Massimiliano Sechi<\/b><span style=\"font-weight: 400\"> che, superando la sua condizione di focomelico, \u00e8 riuscito a diventare campione di E-sport e Life coach aziendale; <\/span><b>Claudia Gerini<\/b><span style=\"font-weight: 400\"> e la famiglia di produttori <\/span><b>Lucisano<\/b><span style=\"font-weight: 400\">, che con il film &#8221;Lasciarsi a Roma&#8221; parlano del <\/span><b>VALORE CORAGGIO<\/b><span style=\"font-weight: 400\">; l&#8217;attore <\/span><b>Massimiliano Gallo<\/b><span style=\"font-weight: 400\"> che ha fondato un&#8217;associazione per il rispetto della dignit\u00e0 dei lavoratori dello spettacolo; l&#8217;orafo <\/span><b>Antonio Palladino<\/b><span style=\"font-weight: 400\"> che ha messo a disposizione la sua arte per la lotta alla violenza sulle donne; i sindaci dell&#8217;area del sisma nell&#8217;Italia centrale <\/span><b>Michele Paniconi <\/b><span style=\"font-weight: 400\">e<\/span><b> Leonardo Ranalli<\/b><span style=\"font-weight: 400\">, che insieme ad altri colleghi ad imprese e cittadini hanno creato una rete di Comunit\u00e0 di energia rinnovabile; la giornalista <\/span><b>Fiamma Satta<\/b><span style=\"font-weight: 400\">, che lavora inchiodata alla sua sedia a rotelle; <\/span><b>Isabella Rossellini<\/b><span style=\"font-weight: 400\">, per la sua lotta contro le molestie sessuali e la difesa degli animali; <\/span><b>Giampaolo Nicolasi<\/b><span style=\"font-weight: 400\"> della Comunit\u00e0 Incontro per la lotta alle tossicodipendenze; <\/span><b>Franco e Andrea Antonello<\/b><span style=\"font-weight: 400\">, padre e figlio il cui impegno contro l&#8217;autismo \u00e8 diventato il film &#8221;Folle amore&#8221;.\u00a0<\/span><\/p>\n<p>&nbsp;<\/p>\n<p><span style=\"font-weight: 400\">Ma ci sono anche eroi della vita quotidiana come <\/span><b>Martina Nonni<\/b><span style=\"font-weight: 400\"> e <\/span><b>Paolo Cetorelli<\/b><span style=\"font-weight: 400\"> rispettivamente cassiera e titolare di supermercato per la dedizione e solidariet\u00e0 durante la pandemia, riconoscimenti speciali a <\/span><b>Nino Vendome<\/b><span style=\"font-weight: 400\">, a <\/span><b>Fran Drechera<\/b><span style=\"font-weight: 400\"> e <\/span><b>Massimo Lucidi<\/b><span style=\"font-weight: 400\">. Per il giornalista <\/span><b>Massimo Lucidi<\/b><span style=\"font-weight: 400\"> si tratta del primo Premio come Presidente della Fondazione E-novation, la quale promuove la cultura della vita, con continuit\u00e0 e diligenza, attraverso format di dialogo e di organizzazione della speranza; Premio Eccellenza Italiana e Stati Generali della Sostenibilit\u00e0.<\/span><\/p>\n<p>&nbsp;<\/p>\n<p><span style=\"font-weight: 400\">Inoltre, un premio alla memoria per il giornalista <\/span><b>Amedeo Ricucci<\/b><span style=\"font-weight: 400\">, recentemente scomparso.<\/span><\/p>\n<p><span style=\"font-weight: 400\">Infine, in serata, l&#8217;iniziativa &#8211; nata da un&#8217;idea di <\/span><b>Anna Rita Cammerata<\/b><span style=\"font-weight: 400\">, condotta da <\/span><b>Attilio Fontana<\/b><span style=\"font-weight: 400\">, con <\/span><b>Martina Sambucini<\/b><span style=\"font-weight: 400\"> madrina &#8211; alla quale hanno partecipato diverse personalit\u00e0: il vicepremier e ministro degli Esteri <\/span><b>Antonio Tajani<\/b><span style=\"font-weight: 400\">; il ministro per le Riforme Elisabetta Alberti Casellati; il vicepresidente del Senato <\/span><b>Maurizio Gasparri<\/b><span style=\"font-weight: 400\">; l&#8217;ex ministro <\/span><b>Renato Brunetta<\/b><span style=\"font-weight: 400\">; la presidente di Raicom <\/span><b>Teresa De Santis<\/b><span style=\"font-weight: 400\">; il rappresentante in Italia del parlamento europeo <\/span><b>Carlo Corazza<\/b><span style=\"font-weight: 400\">; la presidente Unesco Roma <\/span><b>Maura Gentile<\/b><span style=\"font-weight: 400\">; il vicedirettore del Daytime di Rai1 <\/span><b>Angelo Mellone<\/b><span style=\"font-weight: 400\">; la presidente dell&#8217;assemblea capitolina <\/span><b>Svetlana Celli<\/b><span style=\"font-weight: 400\">; l&#8217;assessore alla Cultura di Roma <\/span><b>Miguel Gotor<\/b><span style=\"font-weight: 400\">; il giornalista <\/span><b>Giovanni Minoli<\/b><span style=\"font-weight: 400\">; il presidente Consumatori Italia <\/span><b>Rosario Trefiletti<\/b><span style=\"font-weight: 400\">; il direttore del festival del cinema di Maratea <\/span><b>Nicola Timpone<\/b><span style=\"font-weight: 400\">; il giornalista scientifico <\/span><b>Giorgio Di Bernardo<\/b><span style=\"font-weight: 400\">; l&#8217;attrice e sceneggiatrice americana <\/span><b>Kathrina Miccio<\/b><span style=\"font-weight: 400\">; l&#8217;attore statunitense <\/span><b>Armand Assante<\/b><span style=\"font-weight: 400\">; il produttore e musicista <\/span><b>Paolo Dossena<\/b><span style=\"font-weight: 400\">; il direttore generale Copagri <\/span><b>Cristina Solfizi<\/b><span style=\"font-weight: 400\"> e il presidente della Fondazione Italia Sostenibile <\/span><b>Sergio Marini<\/b><span style=\"font-weight: 400\">.<\/span><\/p>\n","protected":false},"excerpt":{"rendered":"<p>Papa Francesco, l&#8217;ambasciatore italiano a Kiev Pierfrancesco Zazo, l&#8217;inviato di guerra Mattia Sorbi, l&#8217;iraniana ottantenne Gohar Eshghi, l&#8217;ex presidente del Parco dei Nebrodi Giuseppe Antoci, il cantante Andrea Bocelli, l&#8217;astronauta Paolo Nespoli, il giornalista Massimo Lucidi tra i premiati della prima edizione del Premio &#8221;VALORE CORAGGIO&#8221;, promosso dalla Fondazione Italia Sostenibile, con il Patrocinio del [&hellip;]<\/p>\n","protected":false},"author":4753,"featured_media":0,"comment_status":"open","ping_status":"open","sticky":false,"template":"","format":"standard","meta":{"footnotes":""},"categories":[29],"tags":[],"class_list":["post-73585","post","type-post","status-publish","format-standard","hentry","category-comunicati"],"_links":{"self":[{"href":"https:\/\/www.area-press.eu\/comunicatistampa\/wp-json\/wp\/v2\/posts\/73585","targetHints":{"allow":["GET"]}}],"collection":[{"href":"https:\/\/www.area-press.eu\/comunicatistampa\/wp-json\/wp\/v2\/posts"}],"about":[{"href":"https:\/\/www.area-press.eu\/comunicatistampa\/wp-json\/wp\/v2\/types\/post"}],"author":[{"embeddable":true,"href":"https:\/\/www.area-press.eu\/comunicatistampa\/wp-json\/wp\/v2\/users\/4753"}],"replies":[{"embeddable":true,"href":"https:\/\/www.area-press.eu\/comunicatistampa\/wp-json\/wp\/v2\/comments?post=73585"}],"version-history":[{"count":1,"href":"https:\/\/www.area-press.eu\/comunicatistampa\/wp-json\/wp\/v2\/posts\/73585\/revisions"}],"predecessor-version":[{"id":73709,"href":"https:\/\/www.area-press.eu\/comunicatistampa\/wp-json\/wp\/v2\/posts\/73585\/revisions\/73709"}],"wp:attachment":[{"href":"https:\/\/www.area-press.eu\/comunicatistampa\/wp-json\/wp\/v2\/media?parent=73585"}],"wp:term":[{"taxonomy":"category","embeddable":true,"href":"https:\/\/www.area-press.eu\/comunicatistampa\/wp-json\/wp\/v2\/categories?post=73585"},{"taxonomy":"post_tag","embeddable":true,"href":"https:\/\/www.area-press.eu\/comunicatistampa\/wp-json\/wp\/v2\/tags?post=73585"}],"curies":[{"name":"wp","href":"https:\/\/api.w.org\/{rel}","templated":true}]}}