{"id":73369,"date":"2023-01-11T15:32:21","date_gmt":"2023-01-11T14:32:21","guid":{"rendered":"https:\/\/www.area-press.eu\/comunicatistampa\/?p=73369"},"modified":"2023-01-11T15:32:21","modified_gmt":"2023-01-11T14:32:21","slug":"la-scelta-del-presentatore-per-il-proprio-evento","status":"publish","type":"post","link":"https:\/\/www.area-press.eu\/comunicatistampa\/2023\/01\/11\/la-scelta-del-presentatore-per-il-proprio-evento\/","title":{"rendered":"La scelta del presentatore per il proprio evento"},"content":{"rendered":"<p>Organizzare un evento pu\u00f2 essere un compito complesso e stressante, e scegliere il presentatore giusto pu\u00f2 fare la differenza tra un evento memorabile e uno noioso.<\/p>\n<p>Ecco allora alcune cose che \u00e8 importante considerare quando si sceglie il presentatore per il proprio evento:<\/p>\n<ul>\n<li>La professionalit\u00e0: assicurarsi che il presentatore abbia l&#8217;esperienza e le competenze necessarie per gestire l&#8217;evento in modo efficace.<\/li>\n<li>La personalit\u00e0: il presentatore dovrebbe avere una personalit\u00e0 accattivante e in grado di coinvolgere il pubblico.<\/li>\n<li>La flessibilit\u00e0: il presentatore dovrebbe essere in grado di adattarsi alle esigenze dell&#8217;evento e del pubblico.<\/li>\n<li>La disponibilit\u00e0: assicurarsi che il presentatore sia disponibile per la data dell&#8217;evento.<\/li>\n<\/ul>\n<p><strong>Enrico Noro<\/strong> potrebbe essere la scelta giusta di cui hai bisogno in qualit\u00e0 di <span style=\"color: #0000ff\"><a style=\"color: #0000ff\" href=\"https:\/\/www.enriconoro.it\/\">presentatore eventi Milano<\/a><\/span>, dato il suo ampio background e la sua esperienza. Se siete alla ricerca di un presentatore professionale e di talento per il vostro prossimo evento a Milano, potrebbe essere un&#8217;ottima idea dare un&#8217;occhiata al sito ufficiale di Enrico Noro.<\/p>\n<p>&nbsp;<\/p>\n<h2>Una componente importante di qualsiasi evento<\/h2>\n<p>Speriamo che queste informazioni vi siano state utili nella scelta del presentatore per il vostro evento.<\/p>\n<p>Ricordate che il presentatore \u00e8 una componente importante di qualsiasi evento, quindi prendetevi il tempo per fare la scelta giusta.<\/p>\n<p>Oltre a considerare la professionalit\u00e0, la personalit\u00e0, la flessibilit\u00e0 e la disponibilit\u00e0 del presentatore, \u00e8 anche importante prendere in considerazione il tipo di evento che si sta organizzando e il pubblico a cui sar\u00e0 rivolto.<\/p>\n<p>Ad esempio, per un evento aziendale potrebbe essere pi\u00f9 adatto un presentatore pi\u00f9 serio e formale, mentre per un matrimonio potrebbe essere meglio scegliere un presentatore pi\u00f9 leggero e divertente.<\/p>\n<p>Inoltre, non esitate a contattare direttamente il presentatore o la societ\u00e0 di intrattenimento da te individuata per avere maggiori informazioni e chiarimenti per l\u2019evento che ti accingi ad organizzare.<\/p>\n","protected":false},"excerpt":{"rendered":"<p>Organizzare un evento pu\u00f2 essere un compito complesso e stressante, e scegliere il presentatore giusto pu\u00f2 fare la differenza tra un evento memorabile e uno noioso. Ecco allora alcune cose che \u00e8 importante considerare quando si sceglie il presentatore per il proprio evento: La professionalit\u00e0: assicurarsi che il presentatore abbia l&#8217;esperienza e le competenze necessarie [&hellip;]<\/p>\n","protected":false},"author":107,"featured_media":0,"comment_status":"open","ping_status":"open","sticky":false,"template":"","format":"standard","meta":{"footnotes":""},"categories":[29],"tags":[],"class_list":["post-73369","post","type-post","status-publish","format-standard","hentry","category-comunicati"],"_links":{"self":[{"href":"https:\/\/www.area-press.eu\/comunicatistampa\/wp-json\/wp\/v2\/posts\/73369","targetHints":{"allow":["GET"]}}],"collection":[{"href":"https:\/\/www.area-press.eu\/comunicatistampa\/wp-json\/wp\/v2\/posts"}],"about":[{"href":"https:\/\/www.area-press.eu\/comunicatistampa\/wp-json\/wp\/v2\/types\/post"}],"author":[{"embeddable":true,"href":"https:\/\/www.area-press.eu\/comunicatistampa\/wp-json\/wp\/v2\/users\/107"}],"replies":[{"embeddable":true,"href":"https:\/\/www.area-press.eu\/comunicatistampa\/wp-json\/wp\/v2\/comments?post=73369"}],"version-history":[{"count":1,"href":"https:\/\/www.area-press.eu\/comunicatistampa\/wp-json\/wp\/v2\/posts\/73369\/revisions"}],"predecessor-version":[{"id":73370,"href":"https:\/\/www.area-press.eu\/comunicatistampa\/wp-json\/wp\/v2\/posts\/73369\/revisions\/73370"}],"wp:attachment":[{"href":"https:\/\/www.area-press.eu\/comunicatistampa\/wp-json\/wp\/v2\/media?parent=73369"}],"wp:term":[{"taxonomy":"category","embeddable":true,"href":"https:\/\/www.area-press.eu\/comunicatistampa\/wp-json\/wp\/v2\/categories?post=73369"},{"taxonomy":"post_tag","embeddable":true,"href":"https:\/\/www.area-press.eu\/comunicatistampa\/wp-json\/wp\/v2\/tags?post=73369"}],"curies":[{"name":"wp","href":"https:\/\/api.w.org\/{rel}","templated":true}]}}