{"id":72841,"date":"2022-12-20T09:17:50","date_gmt":"2022-12-20T08:17:50","guid":{"rendered":"https:\/\/www.area-press.eu\/comunicatistampa\/?p=72841"},"modified":"2022-12-14T17:05:20","modified_gmt":"2022-12-14T16:05:20","slug":"nostalgia-di-futuro-ecco-i-premi-della-14esima-edizione-alla-ribalta-temi-di-estrema-attualita","status":"publish","type":"post","link":"https:\/\/www.area-press.eu\/comunicatistampa\/2022\/12\/20\/nostalgia-di-futuro-ecco-i-premi-della-14esima-edizione-alla-ribalta-temi-di-estrema-attualita\/","title":{"rendered":"Nostalgia di Futuro, ecco i Premi della 14esima edizione: &#8220;Alla ribalta temi di estrema attualit\u00e0&#8221;"},"content":{"rendered":"<p>\u201cDal metaverso alla metacity rendere l\u2019innovazione sostenibile\u201d \u00e8 il tema che ha animato nelle scorse ore, presso la Fondazione Eni Enrico Mattei di Milano, il tavolo di discussione dell\u2019evento annuale dell\u2019Osservatorio TuttiMedia \u201cNostalgia di futuro 2022\u201d che da 14 anni con i relativi Premi ricorda Giovanni Giovannini (storico presidente Fieg) e accende i riflettori su innovazione e comunicazione. Franco Siddi (presidente dell\u2019<a href=\"https:\/\/www.osservatoriotuttimedia.it\/\">Osservatorio TuttiMedia<\/a>) ai saluti iniziali ha dichiarato: \u201c<strong>Siamo nel decennio digitale<\/strong> del secolo digitale dobbiamo sfruttare tutti i vantaggi dell&#8217;innovazione fondata sul nostro sistema di valori\u201d.<\/p>\n<p>Maria Pia Rossignaud (vicepresidente Osservatorio tuttiMedia), moderatrice dell\u2019evento, ha letto ai presenti il messaggio inviato dal Ministro dello sviluppo economico Adolfo Urso: \u201cL\u2019Osservatorio TuttiMedia trova sempre il coraggio di <strong>portare alla ribalta temi di estrema attualit\u00e0<\/strong>, su cui \u00e8 necessario svolgere attente riflessioni per essere pronti ad affrontare quel futuro che \u00e8 gi\u00e0 qui. Una recente indagine ha evidenziato che l\u201981% degli italiani ha sentito parlare di metaverso, ma ne ha una conoscenza superficiale e l\u2019ingresso nei mondi virtuali \u00e8 ancora limitato: il 70% dichiara di non averne visitato nessuno\u201d.<\/p>\n<p>Sono pronto a un <strong>confronto aperto e costruttivo su questi temi<\/strong> su cui il vostro contributo sar\u00e0 indispensabile per inquadrare anche giuridicamente i nuovi paradigmi del settore con regole precise in ragione dei prossimi sviluppi e degli ambiti di applicazione delle tecnologie emergenti al fine di rendere questi strumenti motori di crescita reale e non virtuale\u201d.<\/p>\n<h2>Nostalgia di Futuro, ecco i Premi della 14esima edizione: &#8220;Alla ribalta temi di estrema attualit\u00e0&#8221;<\/h2>\n<p>Derrick de Kerckhove (direttore scientifico TuttiMedia) nella sua keynote d\u2019apertura, ha affermato che il metaverso sta andando nella direzione giusta sin da quando \u00e8 stato creato nel 1992. \u201cIl metaverso per me \u00e8 prima di tutto <strong>la naturale estensione della trasformazione digitale<\/strong>, secondo \u00e8 l\u2019esplorazione inedita di una nuova mediazione con la realt\u00e0 che ci circonda.<\/p>\n<p>\u00c8 infine un modo di integrare tutte le informazioni che abbiamo sull&#8217; ambiente in una singola visione\u201d ha dichiarato. Aggiunge, per\u00f2, che bisogna fare attenzione alle criticit\u00e0 del sistema. Ecco perch\u00e9 <strong>il vero valore del metaverso non \u00e8 nell\u2019entertainment<\/strong>, ma nella rappresentazione e finalmente tutti stiamo cominciando a capirlo. \u201cNoi di TuttiMedia &#8211; ha concluso &#8211; siamo qua a raccogliere idee e progetti su questa nuova sfida che vogliamo affrontare con chi, come noi, ne \u00e8 consapevole\u201d.<\/p>\n<h2>&#8220;Il metaverso ci porta verso una dimensione straordinaria per la comunicazione&#8221;<\/h2>\n<p>La parola \u00e8 passata ai relatori della tavola rotonda primo fra tutti Giovanni Caprara (presidente Ugis) che ha aperto il dibattito affermando: \u201c<strong>Ci aspetta una straordinaria favola<\/strong> quella che possiamo immaginare. Il metaverso ci porta verso una dimensione straordinaria per la comunicazione. La metacity \u00e8 la prima cellula in cui vivremo in modo integrato.<\/p>\n<p>Alberto Barachini (Sottosegretario all\u2019Editoria) intervenuto in collegamento ha affermato: \u201cSostenibile per il legislatore significa <strong>regole che siano garanzia di una bussola<\/strong> che stabilisce la strada da perseguire. Puntiamo alla sobriet\u00e0 informativa\u201d.<\/p>\n<p>\u201cNessuno dei 17 Obiettivi di Sviluppo Sostenibile dell\u2019Agenda 2030 Onu \u00e8 dedicato al digitale e alla tecnologia &#8211; ha affermato Laura Cavalli (Program Director &#8211; Agenda 2030 and Sustainable Development, Fondazione Eni Enrico Mattei) &#8211; mentre nel Piano Nazionale di Ripresa e Resilienza la Missione 1 \u00e8 proprio dedicata a \u2018<strong>Digitalizzazione, innovazione, competitivit\u00e0, cultura e turismo<\/strong>\u2019 con un totale di 31,74 miliardi di euro in quanto fattori abilitanti della cultura per la sostenibilit\u00e0\u201d.<\/p>\n<h2>Le agende sostenibili e gli scenari energetici e geopolitici<\/h2>\n<p>\u201cLa fase drammatica che si \u00e8 aperta con l\u2019invasione russa dell\u2019Ucraina ha <strong>cambiato radicalmente gli scenari energetici e geopolitici<\/strong> \u2013 ha commentato Matteo Montan (Ceo del Gruppo editoriale Athesis) \u2013 rendendo il tema della sostenibilit\u00e0 ancora pi\u00f9 critico e vitale. \u00c8 importante quindi che ognuno di noi continui a fare la propria parte: nel nostro caso di editori vuole dire continuare ad attivare sempre pi\u00f9 lettori, imprenditori e soggetti politici di ogni tipo su questi argomenti.<\/p>\n<p>In questi primi due anni, Agenda Sostenibilit\u00e0 attraverso quotidiani, eventi, podcast, social, websites verticali, radio e TV, magazines e libri ha raggiunto e coinvolto in modo continuativo pi\u00f9 di 100 stakeholders di Verona, Vicenza e Brescia ed oltre 1 milione di cittadini lettori. E molti di loro attraverso sondaggi online hanno <strong>contribuito direttamente a definire le agende sostenibili<\/strong> delle loro citt\u00e0 e province per gli anni a venire. Un progetto collaborativo e corale che ha visto partecipare tutto il team di Athesis, che voglio qui ringraziare, perch\u00e9 il premio \u00e8 loro. Ripartendo da questi numeri e dall\u2019orgoglio per questo riconoscimento, il nostro impegno resta quello di continuare ad innovare con responsabilit\u00e0\u201d.<\/p>\n<p>\u201cNecessario sforzo collettivo per <strong>arrivare all\u2019obiettivo carbon zero<\/strong>\u201d, ha dichiarato Martina Colasante (Government Affairs &amp; Public Policy Manager Google). Ha chiuso il dibattito Dario Pagani (Head of Digital &amp; Information Technology Eni) sottolineando come l\u2019impegno per uno sviluppo sostenibile sia una direttrice imprescindibile per l\u2019umanit\u00e0 e come l\u2019innovazione sia un catalizzatore per raggiungere questo obiettivo. Infine gli studenti del Politecnico di Milano del professor de Kerckhove hanno presentato i loro progetti sulla sostenibilit\u00e0.<\/p>\n<h2>La cerimonia di premiazione con Salvo Iavarone<\/h2>\n<p>Dopo il dibattito si \u00e8 svolta la cerimonia di premiazione con Salvo Iavarone (Presidente Confinternational) che ha ricevuto anche un Premio speciale per il ruolo che il metaverso pu\u00f2 avere nell\u2019<strong>unire le persone distanti come i migranti<\/strong>. La premiazione \u00e8 dedicata a Innovazione nella Comunicazione per ricordare <a href=\"https:\/\/www.ilgazzettinovesuviano.com\/2020\/12\/06\/xii-premio-nostalgia-di-futuro-giovanni-giovannini-reset-con-covid-informazione-ambiente-pandemia-pregiudizi\/\">Giovanni Giovannini<\/a>, storico presidente Fieg che usava ripetere: \u201cTra millennio e millennio sta cambiando, nel giro di una generazione, il modo di informare, comunicare, vivere, per l\u2019effetto congiunto di tecnologie in fulminea evoluzione\u201d.<\/p>\n<h3>Premio Innovazione e Informazione &#8211; Gruppo editoriale Athesis<\/h3>\n<p>Il Gruppo rappresenta <strong>una media company di riferimento<\/strong> del lombardo-veneto, di cui fanno parte numerosi quotidiani, siti online, tv e radio leader nelle province di Verona, Vicenza, Brescia e Mantova, oltre alla casa editrice milanese Neri Pozza (vincitrice del Premio Strega 2021). \u201cAbbiamo scelto il Gruppo editoriale Athesis per il progetto \u2018Agenda Sostenibilit\u00e0\u2019 ed in particolare per l\u2019attenzione alla mobilit\u00e0 sostenibile\u201d cita la motivazione del premio. E questo progetto in particolare rappresenta l\u2019importanza della corretta informazione per sostenere e far crescere il territorio.<\/p>\n<p>Questo aspetto \u00e8 stato uno degli interessi centrali del fondatore Giovanni Giovannini, storico presidente Fieg. \u201cSiamo parte del mondo ma dobbiamo conservare le nostre radici &#8211; diceva Giovannini -. Il giornale a misura d\u2019uomo (il quotidiano di provincia) resta e rester\u00e0 sempre un prodotto insostituibile se gli editori intuiscono la giusta direzione di marcia e la percorrono con fiducia\u201d. E questo \u00e8 quello che ha fatto un <strong>forward thinker<\/strong> come Matteo Montan durante i suoi 30 anni di esperienza in Italia e all\u2019estero, nei quali, prima come giornalista e poi come manager, ha rivoluzionato il settore media.<\/p>\n<h3>Premio Nostalgia di Futuro \u201cDonna \u00e8 Innovazione\u201d &#8211; Sezione Ricerca e Sviluppo a Francesca Ferrazza, Head, Magnetic Fusion Initiatives presso Eni spa<\/h3>\n<p>Per il suo ruolo nel guidare e favorire lo sviluppo di <strong>nuove tecnologie breakthrough<\/strong> per la produzione di energia pulita. E in particolare la fusione a confinamento magnetico, che ha il potenziale di rivoluzionare il mondo dell\u2019energia, offrendo una produzione pulita, sostenibile, sicura e virtualmente inesauribile.<\/p>\n<h3>Premio Innovazione e ricerca a laboratorio Ph.E.E.L. (Physiology, Emotion and Experience Lab) e il Metaverse Marketing Lab<\/h3>\n<p>Ha ritirato il Premio Lucio Lamberti (Scientific Director \u2013 Metaverse Marketing Lab e Coordinator of Ph.E.E.L. (Physiology, Emotion and Experience Lab)). L\u2019Osservatorio TuttiMedia da sempre <strong>promuove l\u2019interdisciplinariet\u00e0 quale simbolo del nuovo mondo<\/strong>. Lucio Lamberti (Scientific Director \u2013 Metaverse Marketing Lab e Coordinator of Ph.E.E.L. (Physiology, Emotion and Experience Lab)) che si occupa di neuroscienze applicate allo studio del comportamento del consumatore e del neonato Metaverse Marketing Lab, rappresenta un figura chiave perch\u00e9 abbiamo bisogno di comprendere i nuovi modelli di comunicazione che la trasformazione digitale fa emergere. Essere preparati significa anticipare le rotture per evitare i fallimenti.<\/p>\n<h3>Premio Nostalgia di Futuro \u201cDonna \u00e8 Innovazione\u201d &#8211; Sezione Informazione di qualit\u00e0 a Virginia Padovese (NewsGuard Managing Editor e Vice President Partnership, Europa e Australia<\/h3>\n<p>Il riconoscimento va soprattutto all\u2019attivit\u00e0 di NewsGuard, che dal 2018 si impegna per valutare <strong>credibilit\u00e0 e trasparenza<\/strong> dei siti web di notizie. Esso si \u00e8 distinto in particolare a per il report sulle principali bufale diffuse online durante i giorni che hanno preceduto il voto del 25 settembre 2022.<\/p>\n<h3>Premio Speciale NewsMedia4Good a L\u2019Osservatore Romano, il quotidiano della Santa Sede.<\/h3>\n<p>Ha ritirato il Premio Andrea Monda (direttore dell\u2019Osservatore Romano). La testata si pone come esempio concreto del progetto lanciato da TuttiMedia nel 2022 per ribadire la necessit\u00e0 di sostenere una nuova coesione sociale che deve combattere fake news e negazione delle scienze. Premio speciale alla <strong>divulgazione scientifica<\/strong> quale valore per la societ\u00e0 a Giovanni Caprara Presidente Ugis (Unione Giornalisti Italiani Scientifici).<br \/>\nMotivazione Per la divulgazione scientifica come valore chiave della societ\u00e0.<\/p>\n<h3>Premio Nostalgia di Futuro \u201cDonna \u00e8 Innovazione\u201d &#8211; Sezione Pi\u00f9 Cultura per Crescere a Silvia Calandrelli (Direttrice Rai Cultura)<\/h3>\n<p>\u201c\u00c8 una donna che ha segnato profondamente la trasformazione della politica culturale della RAI di questi anni, e con i suoi programmi ha inciso in maniera fondamentale sulla crescita di programmi e palinsesti interamente dedicati alla <strong>formazione culturale degli italiani<\/strong>\u201d. La sua attivit\u00e0 \u00e8 stata fondamentale per recuperare un senso di spazio condiviso.<\/p>\n<h3>Premio speciale per l\u2019informazione di qualit\u00e0 Tgr Leonardo<\/h3>\n<p>Ha ritirato il premio Alessandro Casarin (Direttore Tgr Leonardo). Il Tgr Leonardo vince il premio speciale per <strong>l\u2019informazione di qualit\u00e0<\/strong> che ogni giorno diffonde nelle case degli italiani, ritirato dal suo direttore Alessandro Casarin, che vanta una ricca carriera in Rai iniziata nel 1987. Sono state consegnate infine le Menzioni speciali Sostenibilit\u00e0 #Sociale #Comunicazione #Vita.<\/p>\n<h3>Menzione speciale a Carmine Marinucci Presidente Associazione Internazionale #DiCultHer<\/h3>\n<p>Carmine Marinucci (Presidente Associazione Internazionale #DiCultHer) sostiene Cultura digitale consapevole con la formazione dei giovani al diritto di essere educato alla conoscenza e all\u2019uso responsabile del digitale per la salvaguardia e la valorizzazione del patrimonio culturale e dei luoghi della cultura. <strong>Cultura e digitale non ossimoro ma nuovo rinascimento<\/strong> perch\u00e9 l&#8217;innovazione deve essere inclusione sociale, interculturalit\u00e0, sostenibilit\u00e0, contrasto dei pregiudizi verso le differenze di ogni genere, di cultura, di et\u00e0, di provenienza, di abilit\u00e0, di colore della pelle. Carmine Marinucci condivide con noi la necessit\u00e0 di &#8220;promuovere il patrimonio culturale per realizzare uno spazio pubblico, sociale e comunicativo, in grado di riaffermare con chiarezza il valore dell\u2019essere Persone, dell\u2019essere Cittadini, di essere e far parte di quell\u2019importante visione che \u00e8 l\u2019Europa&#8221;.<\/p>\n<h3>Menzione speciale a Marzia Masiello Custode delle relazioni<\/h3>\n<p>La citazione che ispira il suo stile di vita \u201cil futuro non possiamo determinarlo ma almeno possiamo renderlo possibile&#8221; di de Saint-Exup\u00e9ry. A 27 anni sceglie <strong>l\u2019impegno nel mondo della cooperazione internazionale<\/strong> con la precisa volont\u00e0 di fare della sua vita una sintesi di sinapsi tra arte, identit\u00e0 e solidariet\u00e0. La sua professione per l\u2019accoglienza dei bambini<br \/>\nfuori dalla propria famiglia con Ai.Bi.<\/p>\n<p>Lotta contro l\u2019emergenza abbandono e per la promozione dello sviluppo umano e della solidariet\u00e0 nella reciprocit\u00e0 e nella fratellanza. <strong>L\u2019amore per le sue radici, nel 2009 la porta ad essere portavoce<\/strong> per la popolazione onnese a seguito del tragico terremoto che ha colpito l\u2019Aquila \u00e8 nominata membro della giuria del premio per la cooperazione comunale tra Italia e Germania. Sempre per amore del territorio rientra con la pandemia a L\u2019Aquila, da dove coordina, tra le altre cose, le sedi italiane di Ai.Bi.<\/p>\n<h3>Menzione speciale a Gaia Simonetti, ambasciatrice alla gentilezza e ideatrice dell\u2019alfabeto della gentilezza<\/h3>\n<p>Attraverso la sua penna promuove &#8220;Costruiamo Gentilezza&#8221; sul territorio scrivendo e condividendo il messaggio che la gentilezza porta con i suoi gesti, le buone pratiche, la bellezza. Il progetto &#8220;Costruiamo Gentilezza&#8221; \u00e8 una tappa di un percorso che vede impegnati <strong>oltre 1900 costruttori di gentilezza<\/strong>, donne e uomini, che ogni giorno traducono in gesti l\u2019ascolto del cuore. Sono impegnati in progetti, attivit\u00e0 ed azioni che sostengono la gentilezza con la consapevolezza che la gentilezza \u00e8 una goccia, che se si unisce ad altre, pu\u00f2 scavare la roccia di un tempo in salita.<\/p>\n<h3>Menzione speciale a Marco Marturano, giornalista, ricercatore, comunicatore, docente, imprenditore e Responsabile Comunicazione di BrianzAcque<\/h3>\n<p>Per il lavoro svolto come <strong>consulente e coordinatore della comunicazione<\/strong> di BrianzAcque una grande azienda pubblica al 100% impegnata nella sostenibilit\u00e0 e nell\u2019innovazione.<\/p>\n<h3>Premio Nostalgia di Futuro Sezione Innovazione e Giornalismo a L\u2019Unione Sarda<\/h3>\n<p>Ha ritirato il Premio Diana Zuncheddu. Fra i primi giornali nel mondo ad andare su Internet \u2013 ha un legame con la rivista Media Duemila che Giovannini volle on line dopo aver partecipato alla sperimentazione sarda &#8211; oggi L&#8217;Unione Sarda \u00e8 <strong>un gruppo multimediale con on line radio e Tv<\/strong>. Guarda ora anche al Metaverso per capire quali forme di informazione e intrattenimento offre la realt\u00e0 immersiva, nella costante attenzione al territorio, alla sua popolazione, alla sua promozione attraverso la conoscenza in un&#8217;ottica comprensione delle complessit\u00e0 e delle opportunit\u00e0 e delle sfide dell&#8217;innovazione che tecnologia e scienza propongono nel mondo.<\/p>\n<p>La cerimonia di premiazione si chiude con la consegna del <strong>Premio alla carriera ad Alberto Sinigaglia<\/strong> (presidente Polo del &#8216;900).<\/p>\n","protected":false},"excerpt":{"rendered":"<p>\u201cDal metaverso alla metacity rendere l\u2019innovazione sostenibile\u201d \u00e8 il tema che ha animato nelle scorse ore, presso la Fondazione Eni Enrico Mattei di Milano, il tavolo di discussione dell\u2019evento annuale dell\u2019Osservatorio TuttiMedia \u201cNostalgia di futuro 2022\u201d che da 14 anni con i relativi Premi ricorda Giovanni Giovannini (storico presidente Fieg) e accende i riflettori su [&hellip;]<\/p>\n","protected":false},"author":5980,"featured_media":0,"comment_status":"open","ping_status":"open","sticky":false,"template":"","format":"standard","meta":{"footnotes":""},"categories":[3,4,8],"tags":[33268],"class_list":["post-72841","post","type-post","status-publish","format-standard","hentry","category-arte-e-cultura","category-attualita-e-societa","category-eventi","tag-nostalgia-di-futuro"],"_links":{"self":[{"href":"https:\/\/www.area-press.eu\/comunicatistampa\/wp-json\/wp\/v2\/posts\/72841","targetHints":{"allow":["GET"]}}],"collection":[{"href":"https:\/\/www.area-press.eu\/comunicatistampa\/wp-json\/wp\/v2\/posts"}],"about":[{"href":"https:\/\/www.area-press.eu\/comunicatistampa\/wp-json\/wp\/v2\/types\/post"}],"author":[{"embeddable":true,"href":"https:\/\/www.area-press.eu\/comunicatistampa\/wp-json\/wp\/v2\/users\/5980"}],"replies":[{"embeddable":true,"href":"https:\/\/www.area-press.eu\/comunicatistampa\/wp-json\/wp\/v2\/comments?post=72841"}],"version-history":[{"count":1,"href":"https:\/\/www.area-press.eu\/comunicatistampa\/wp-json\/wp\/v2\/posts\/72841\/revisions"}],"predecessor-version":[{"id":72842,"href":"https:\/\/www.area-press.eu\/comunicatistampa\/wp-json\/wp\/v2\/posts\/72841\/revisions\/72842"}],"wp:attachment":[{"href":"https:\/\/www.area-press.eu\/comunicatistampa\/wp-json\/wp\/v2\/media?parent=72841"}],"wp:term":[{"taxonomy":"category","embeddable":true,"href":"https:\/\/www.area-press.eu\/comunicatistampa\/wp-json\/wp\/v2\/categories?post=72841"},{"taxonomy":"post_tag","embeddable":true,"href":"https:\/\/www.area-press.eu\/comunicatistampa\/wp-json\/wp\/v2\/tags?post=72841"}],"curies":[{"name":"wp","href":"https:\/\/api.w.org\/{rel}","templated":true}]}}