{"id":72239,"date":"2022-11-03T17:07:04","date_gmt":"2022-11-03T16:07:04","guid":{"rendered":"https:\/\/www.area-press.eu\/comunicatistampa\/?p=72239"},"modified":"2022-11-03T17:07:04","modified_gmt":"2022-11-03T16:07:04","slug":"michele-fenati-dallaltra-parte-del-mare","status":"publish","type":"post","link":"https:\/\/www.area-press.eu\/comunicatistampa\/2022\/11\/03\/michele-fenati-dallaltra-parte-del-mare\/","title":{"rendered":"MICHELE FENATI \u201cDall\u2019altra parte del mare\u201d"},"content":{"rendered":"<p style=\"text-align: center;\"><i><span style=\"font-weight: 400;\">Un lavoro introspettivo, che unisce esperienze personali ed emozioni grazie all\u2019incontro misurato tra musica e parole<\/span><\/i><\/p>\n<p>&nbsp;<\/p>\n<p><img loading=\"lazy\" decoding=\"async\" class=\"aligncenter\" src=\"https:\/\/lh3.googleusercontent.com\/QoGV_Sz665NsoJXgx_AaeUZ1xFvG20S3qPg9Z3xtf5tpt5brcxt6ymb6NeW3eod2P4wuBpX775BmDS7va06fWpwg7pc5R7rRbHt7hxi0FRftZmjAcmdtbCLI3zyJ5LKSuyQR1TfLU0ozenVah9AxSAzI2P6TzVecIyWgofHBtCi3SNS9A0pWxisCDVDOfPEdiKepaV3LPA\" width=\"325\" height=\"325\" \/><\/p>\n<p style=\"text-align: center;\"><b>Release album 28 ottobre\u00a0<\/b><\/p>\n<p>&nbsp;<\/p>\n<p><span style=\"font-weight: 400;\">Dopo tanti anni dedicati soprattutto ai concerti, in Italia e non solo, Michele Fenati torna con un nuovo album di inediti. \u201cDall\u2019altra parte del mare\u201d vuole raccontare la parte \u201cinedita\u201d del cantautore romagnolo diventando, nei fatti, un album intimo e intimista che si apre alle pi\u00f9 diverse sonorit\u00e0.<\/span><\/p>\n<p>&nbsp;<\/p>\n<p><span style=\"font-weight: 400;\">\u00ab<\/span><i><span style=\"font-weight: 400;\">Ho raccolto brani nuovissimi e brani ritrovati, scritti tanti anni fa e rinfrescati da suoni moderni e da una inesauribile passione. Quello che ne \u00e8 nato \u00e8 un mix di musica e parole che in parte caratterizza il mio stile, in parte \u00e8 influenzato dal mio modo di osservare la vita<\/span><\/i><span style=\"font-weight: 400;\">\u00bb. <\/span><b>Michele Fenati\u00a0<\/b><\/p>\n<p>&nbsp;<\/p>\n<p><span style=\"font-weight: 400;\">L\u2019album si pone in bilico tra musica classica e musica moderna con arrangiamenti curati da Fabrizio Tarroni.<\/span><\/p>\n<p>&nbsp;<\/p>\n<p><b>Track by track\u00a0<\/b><\/p>\n<p>&nbsp;<\/p>\n<p><b>Il mio nome \u00e8 Aurelio\u00a0<\/b><\/p>\n<p><span style=\"font-weight: 400;\">Una toccante ballata in cui italiano e dialetto romagnolo si fondono per raccontare la vita e il successo mondiale dell\u2019autore di \u00abRomagna Mia\u00bb. Fenati, dopo tanti anni di concerti in Italia e in centro Europa, ha pensato pi\u00f9 volte al senso profondo di questo brano e con \u00abIl mio nome \u00e8 Aurelio\u00bb vuole rendere omaggio al suo autore.\u00a0<\/span><\/p>\n<p><span style=\"font-weight: 400;\">Musica e parole: Michele Fenati.\u00a0<\/span><\/p>\n<p>&nbsp;<\/p>\n<p><b>Mille volte buonanotte\u00a0<\/b><\/p>\n<p><span style=\"font-weight: 400;\">Una ballata pop che racconta, con serenit\u00e0 e realismo, una storia sentimentale. Origine di tutto \u00e8 un&#8217;attrazione \u201cfatale\u201d che, oltre alla passione, scatena dubbi, speranze, paure e illusioni. Uno sguardo, a tratti disincantato, pensa al futuro di questo amore e gi\u00e0 ne presagisce gli sviluppi, ponendosi una serie di interrogativi: \u00abDomani il fuoco sar\u00e0 ancora acceso oppure no?\u00bb e ancora, \u00abChi vincer\u00e0 nel gioco d\u2019amore e sesso che scatena i sentimenti?\u00bb.\u00a0<\/span><\/p>\n<p><span style=\"font-weight: 400;\">Musica e parole: Michele Fenati.\u00a0<\/span><\/p>\n<p>&nbsp;<\/p>\n<p><b>Beatrice<\/b><\/p>\n<p><span style=\"font-weight: 400;\">Beatrice non \u00e8 una donna. O meglio, non \u00e8 solo una donna. Beatrice \u00e8 un sogno e una passione che pu\u00f2 essere reale cos\u00ec come ideale, incarna la musica e le sue sfaccettature ma, ancor pi\u00f9, \u00e8 riferimento per ogni passione vissuta nel profondo.\u00a0<\/span><\/p>\n<p><span style=\"font-weight: 400;\">Musica e parole: Michele Fenati.\u00a0<\/span><\/p>\n<p>&nbsp;<\/p>\n<p><b>Nella fantasia\u00a0<\/b><\/p>\n<p><span style=\"font-weight: 400;\">Brano scritto insieme a Mario Balducci. Pochi strumenti per una canzone d\u2019amore d\u2019autore di forte intensit\u00e0. Violoncello e sax che si interfacciano insieme alle parole. Una storia d\u2019amore finita, che lascia aperta l\u2019illusione della speranza, \u00abma rimani ancora mia, nella Fantasia\u00bb.\u00a0<\/span><\/p>\n<p><span style=\"font-weight: 400;\">Musica: Michele Fenati \/ Parole: Mario Balducci<\/span><\/p>\n<p>&nbsp;<\/p>\n<p><b>Qualcosa che non c\u2019\u00e8<\/b><\/p>\n<p><span style=\"font-weight: 400;\">\u00abE se non c\u2019\u00e8 pi\u00f9 il sole su nel cielo, c\u2019\u00e8 per\u00f2 un fuoco che rimane acceso dentro me\u00bb, capire che una strada non \u00e8 quella giusta, tagliare, rompere e gettare i cocci, ricominciare una nuova vita, un nuovo amore, un nuovo progetto, un nuovo sogno\u2026<\/span><\/p>\n<p><span style=\"font-weight: 400;\">Musica e parole: Michele Fenati<\/span><\/p>\n<p>&nbsp;<\/p>\n<p><b>Domani<\/b><\/p>\n<p><span style=\"font-weight: 400;\">L\u2019eterna rincorsa del tempo, delle lancette, delle stagioni \u00abun mese, un anno, la nebbia e il vento\u00bb, che si intrecciano con una relazione alla fine della sua corsa.<\/span><\/p>\n<p><span style=\"font-weight: 400;\">Musica: Michele Fenati \/ Parole: Erika Berti<\/span><\/p>\n<p>&nbsp;<\/p>\n<p><b>Sensazioni Piccolissime<\/b><\/p>\n<p><span style=\"font-weight: 400;\">Unico brano dove Michele Fenati non \u00e8 n\u00e9 autore, n\u00e9 compositore.\u00a0<\/span><\/p>\n<p><span style=\"font-weight: 400;\">Una dolcissima canzone d\u2019amore che esplode in un sentimento di passione, voglia di intimit\u00e0, dolcezza \u00abe di colori non visibili, che si inventano per Lei\u00bb.<\/span><\/p>\n<p><span style=\"font-weight: 400;\">Musica e parole: Paolo Neri<\/span><\/p>\n<p>&nbsp;<\/p>\n<p><b>Apri le braccia\u00a0<\/b><\/p>\n<p><span style=\"font-weight: 400;\">Brano sofisticato, intimo e intimista e anche psichedelico, che rompe con il resto dell\u2019album. Rappresenta un particolare periodo musicale di Michele Fenati. Le parole raccontano di un dramma dei nostri tempi, ma con la voglia e la forza di risalire la corrente.<\/span><\/p>\n<p><span style=\"font-weight: 400;\">Musica: Michele Fenati \/ Parole: Mario Balducci<\/span><\/p>\n<p>&nbsp;<\/p>\n<p><b>Pezzo imbavagliato\u00a0<\/b><\/p>\n<p><span style=\"font-weight: 400;\">Che cos\u2019\u00e8 l\u2019amore? Quante volte ci siamo fatti questa domanda? Quanto valgono le parole di due persone innamorate? Una ballata pop-rock che rilancia l\u2019eterna domanda a cui, probabilmente, nessuno riuscir\u00e0 mai a dare risposta.<\/span><\/p>\n<p><span style=\"font-weight: 400;\">Musica e parole: Michele Fenati<\/span><\/p>\n<p>&nbsp;<\/p>\n<p><b>Lettera<\/b><\/p>\n<p><span style=\"font-weight: 400;\">Da quanto tempo non scriviamo una lettera. Eppure quanti ricordi riaffiorano nell\u2019aprire un cassetto con vecchie lettere impolverate e scritte, o ricevute tanto tempo fa e a volte aspettate, con il cuore in gola.<\/span><\/p>\n<p><span style=\"font-weight: 400;\">Musica: Michele Fenati \/ Parole: Franco Mengozzi<\/span><\/p>\n<p>&nbsp;<\/p>\n<p><b>Dall\u2019altra parte del mare<\/b><\/p>\n<p><span style=\"font-weight: 400;\">\u00abSpegni la televisione e accendi la fantasia, quando non c\u2019era niente c\u2019erano le idee\u00bb. Un brano autobiografico di quasi 6 minuti. C\u2019\u00e8 sempre una persona da ringraziare pi\u00f9 delle altre, per averci insegnato a vivere. \u00abE un giorno sar\u00f2 io a insegnarti a camminare, quando ci rincontreremo dall\u2019altra parte del mare\u00bb.<\/span><\/p>\n<p><span style=\"font-weight: 400;\">Musica e parole: Michele Fenati<\/span><\/p>\n<p>&nbsp;<\/p>\n<p><span style=\"font-weight: 400;\">Special Track:<\/span><b>Ringraziamenti<\/b><\/p>\n<p><span style=\"font-weight: 400;\">Michele Fenati e Fabrizio Tarroni<\/span><\/p>\n<p>&nbsp;<\/p>\n<p><span style=\"font-weight: 400;\">Etichetta: <\/span><b>I dischi di Beatrice<\/b><\/p>\n<p><span style=\"font-weight: 400;\">Distribuzione:<\/span><b> Believe<\/b><\/p>\n<p><span style=\"font-weight: 400;\">Release album: <\/span><b>28<\/b> <b>ottobre 2022<\/b><\/p>\n<p>&nbsp;<\/p>\n<p><b>Contatti e social<\/b><\/p>\n<p>&nbsp;<\/p>\n<p><b>SITO<\/b><span style=\"font-weight: 400;\"> &#8211; michelefenati.it<\/span><\/p>\n<p><b>FB &#8211;<\/b> <a href=\"https:\/\/www.facebook.com\/michele.fenati\"><span style=\"font-weight: 400;\">https:\/\/www.facebook.com\/michele.fenati<\/span><\/a><\/p>\n<p><b>FAN CLUB <\/b><span style=\"font-weight: 400;\">&#8211; <\/span><a href=\"https:\/\/www.facebook.com\/groups\/140436459042\"><span style=\"font-weight: 400;\">https:\/\/www.facebook.com\/groups\/140436459042<\/span><\/a><\/p>\n<p><b>IG <\/b><span style=\"font-weight: 400;\">&#8211; <\/span><a href=\"https:\/\/www.instagram.com\/michelefenati\/\"><span style=\"font-weight: 400;\">https:\/\/www.instagram.com\/michelefenati\/<\/span><\/a><\/p>\n<p><b>CANALE YOUTUBE<\/b><span style=\"font-weight: 400;\"> &#8211; <\/span><span style=\"font-weight: 400;\">https:\/\/www.youtube.com\/channel\/UCcAJ7zBbRf97GJwllDDdsxw<\/span><\/p>\n<p>&nbsp;<\/p>\n<p><b>BIO<\/b><\/p>\n<p><b>Michele Fenati<\/b><span style=\"font-weight: 400;\"> \u00e8 un artista italiano, conosciuto al grande pubblico per aver tradotto in chiave classica, brani popolari di grande successo, creando una veste originale, attuale e sempre in bilico tra musica colta e musica popolare.<\/span><\/p>\n<p><span style=\"font-weight: 400;\">La sua alta professionalit\u00e0 e la capacit\u00e0 di gestire il palco tra canzone, poesia e teatro, lo ha portato in questi anni a solcare tantissimi palchi di grandi, medie e piccole citt\u00e0 di tutta Europa. <\/span><b>Vienna, Linz, Augsburg, Praga, Klagenfurt, Breslavia<\/b><span style=\"font-weight: 400;\">\u2026 sono solo alcune delle citt\u00e0 europee che hanno visto sempre il tutto esaurito. Centinaia di citt\u00e0 e piccoli e medi comuni italiani, in piazze e teatri, hanno accolto il concerto di Michele Fenati in questi anni, sempre con formazione voce e chitarra, pianoforte e clavietta, violino e violoncello.<\/span><\/p>\n<p><span style=\"font-weight: 400;\">Una carriera descritta in numerosi articoli su quotidiani locali e nazionali e partecipazioni importanti come la diretta su <\/span><b>Radio24 &#8211; Il sole 24 ore<\/b><span style=\"font-weight: 400;\">, con quattro brani in diretta nazionale, prima del tour europeo,\u00a0 la partecipazione a \u201c<\/span><b>L\u2019Italia in diretta\u201d su Rai 2<\/b><span style=\"font-weight: 400;\"> oppure a<\/span><b> \u201cBuongiorno Regione\u201d su Rai 3<\/b><span style=\"font-weight: 400;\">.<\/span><\/p>\n<p><span style=\"font-weight: 400;\">Nel\u00a0 2014 riceve la lettera del <\/span><b>Presidente della Repubblica Italiana Giorgio Napolitano<\/b><span style=\"font-weight: 400;\">, prima del tour europeo.<\/span><\/p>\n<p><span style=\"font-weight: 400;\">Il suo percorso inizia a 9 anni sul palco del Cantagiro Romagnolo presentato da Maria Giovanna Elmi, la reginetta della TV, proseguito al Conservatorio, dove ha studiato violoncello con il Maestro Lauro Malusi e chitarra e canto con l\u2019insegnante Lina Montanari. In questi anni Fenati ha prodotto <\/span><b>cinque album<\/b><span style=\"font-weight: 400;\"> (<\/span><i><span style=\"font-weight: 400;\">Girotondo, Sicuro son sicuro, Acustico Live, Battisti in Classics e Live in Europe<\/span><\/i><span style=\"font-weight: 400;\">), una importante collaborazione con l\u2019<\/span><b>Associazione Bubulina<\/b><span style=\"font-weight: 400;\"> per la raccolta fondi per i bambini malati di leucemia, fino al concerto \u201c<\/span><b>Michele Fenati &amp; Friends<\/b><span style=\"font-weight: 400;\">\u201d nel 2018, al Teatro Rossini di Lugo di Romagna (Ra).<\/span><\/p>\n<p><span style=\"font-weight: 400;\">Ha collaborato con Andrea Mingardi nella conduzione della trasmissione \u201cCuore Rossoblu\u201d, tutte le domeniche in diretta su <\/span><b>Radio Bruno<\/b><span style=\"font-weight: 400;\"> dallo stadio Dallara, fino allo spettacolo\/concerto, nel 2020, a Villa Cacciaguerra Ortolani di Voltana (Ra) per la presentazione del libro di Andrea \u201cProfessione Cantante\u201d.<\/span><\/p>\n<p><span style=\"font-weight: 400;\">Nel 2020 Il concerto di Michele Fenati a Ladispoli (Roma) vede l\u2019autorevole presenza di S.E l\u2019ambasciatrice della Repubblica di Armenia Tsovinar Hambardzumyan, che ne introduce la performance, con una suggestiva presentazione. Nello stesso anno scrive il brano \u201c<\/span><i><span style=\"font-weight: 400;\">E la gente si chiuse in casa<\/span><\/i><span style=\"font-weight: 400;\">\u201d con promozione sui social per raccogliere <\/span><b>fondi per l\u2019ospedale Covid di Lugo di Romagna<\/b><span style=\"font-weight: 400;\"> (Ra).<\/span><\/p>\n<p><span style=\"font-weight: 400;\">Nel 2021 prende il via il tour estivo in Italia con oltre 40 concerti, mentre due brani, di vecchie produzioni discografiche entrano nelle classifiche di vendita di Itunes in Olanda e negli Stati Uniti. Contemporaneamente iniziano le registrazioni per il nuovo album in uscita nel 2022. Il 19 novembre 2021 esce il primo singolo con video del nuovo album, <\/span><i><span style=\"font-weight: 400;\">\u201cIl mio nome \u00e8 Aurelio<\/span><\/i><span style=\"font-weight: 400;\">\u201d, <\/span><b>dedicato al Maestro Secondo Casadei e al suo capolavoro \u201cRomagna mia\u201d.<\/b><\/p>\n<p><span style=\"font-weight: 400;\">Il brano raggiunge la 34\u00b0 posizione nella classifica di gradimento delle radio private italiane. Il 20 maggio 2022 esce il secondo singolo che anticipa l\u2019album, \u201c<\/span><i><span style=\"font-weight: 400;\">Mille Volte Buona Notte<\/span><\/i><span style=\"font-weight: 400;\">\u201d, trasmesso da tantissime radio private e che in brevissimo tempo supera i 50.000 streaming su Spotify, seguito dopo un mese dal video.<\/span><\/p>\n<p><span style=\"font-weight: 400;\">Anche il 2022 \u00e8 un anno pieno di concerti live per Michele Fenati sempre in formazione acustica (voce, chitarra, pianoforte, violino e violoncello). A ottobre \u00e8 prevista l\u2019uscita del nuovo album, con tutti brani scritti dal cantautore.\u00a0<\/span><\/p>\n<p>&nbsp;<\/p>\n<p><span style=\"font-weight: 400;\">fonte: <\/span><span style=\"font-weight: 400;\">https:\/\/www.laltoparlante.it\/<\/span><\/p>\n","protected":false},"excerpt":{"rendered":"<p>Un lavoro introspettivo, che unisce esperienze personali ed emozioni grazie all\u2019incontro misurato tra musica e parole &nbsp; Release album 28 ottobre\u00a0 &nbsp; Dopo tanti anni dedicati soprattutto ai concerti, in Italia e non solo, Michele Fenati torna con un nuovo album di inediti. \u201cDall\u2019altra parte del mare\u201d vuole raccontare la parte \u201cinedita\u201d del cantautore romagnolo [&hellip;]<\/p>\n","protected":false},"author":4383,"featured_media":0,"comment_status":"open","ping_status":"open","sticky":false,"template":"","format":"standard","meta":{"footnotes":""},"categories":[12],"tags":[],"class_list":["post-72239","post","type-post","status-publish","format-standard","hentry","category-musica"],"_links":{"self":[{"href":"https:\/\/www.area-press.eu\/comunicatistampa\/wp-json\/wp\/v2\/posts\/72239","targetHints":{"allow":["GET"]}}],"collection":[{"href":"https:\/\/www.area-press.eu\/comunicatistampa\/wp-json\/wp\/v2\/posts"}],"about":[{"href":"https:\/\/www.area-press.eu\/comunicatistampa\/wp-json\/wp\/v2\/types\/post"}],"author":[{"embeddable":true,"href":"https:\/\/www.area-press.eu\/comunicatistampa\/wp-json\/wp\/v2\/users\/4383"}],"replies":[{"embeddable":true,"href":"https:\/\/www.area-press.eu\/comunicatistampa\/wp-json\/wp\/v2\/comments?post=72239"}],"version-history":[{"count":2,"href":"https:\/\/www.area-press.eu\/comunicatistampa\/wp-json\/wp\/v2\/posts\/72239\/revisions"}],"predecessor-version":[{"id":72278,"href":"https:\/\/www.area-press.eu\/comunicatistampa\/wp-json\/wp\/v2\/posts\/72239\/revisions\/72278"}],"wp:attachment":[{"href":"https:\/\/www.area-press.eu\/comunicatistampa\/wp-json\/wp\/v2\/media?parent=72239"}],"wp:term":[{"taxonomy":"category","embeddable":true,"href":"https:\/\/www.area-press.eu\/comunicatistampa\/wp-json\/wp\/v2\/categories?post=72239"},{"taxonomy":"post_tag","embeddable":true,"href":"https:\/\/www.area-press.eu\/comunicatistampa\/wp-json\/wp\/v2\/tags?post=72239"}],"curies":[{"name":"wp","href":"https:\/\/api.w.org\/{rel}","templated":true}]}}