{"id":72237,"date":"2022-11-03T17:13:20","date_gmt":"2022-11-03T16:13:20","guid":{"rendered":"https:\/\/www.area-press.eu\/comunicatistampa\/?p=72237"},"modified":"2023-03-09T14:23:04","modified_gmt":"2023-03-09T13:23:04","slug":"lucio-matricardi-la-manna-dal-cielo-e-il-singolo-del-cantautore-marchigiano-che-porta-in-musica-la-storia-della-bracciante-paola-clemente","status":"publish","type":"post","link":"https:\/\/www.area-press.eu\/comunicatistampa\/2022\/11\/03\/lucio-matricardi-la-manna-dal-cielo-e-il-singolo-del-cantautore-marchigiano-che-porta-in-musica-la-storia-della-bracciante-paola-clemente\/","title":{"rendered":"LUCIO MATRICARDI \u201cLa manna dal cielo\u201d \u00e8 il singolo del cantautore marchigiano che porta in musica la storia della bracciante Paola Clemente"},"content":{"rendered":"<p style=\"text-align: center;\"><span style=\"font-weight: 400;\">UNA CANZONE DI DENUNCIA CHE RACCONTA LA SCHIAVIT\u00d9 DEL CAPOLARATO E DELLE SUE VITTIME<\/span><\/p>\n<p style=\"text-align: center;\"><i><span style=\"font-weight: 400;\">Il singolo \u00e8 estratto dal nuovo album del cantautore e compositore marchigiano, fortemente impegnato sul tema dei diritti umani<\/span><\/i><\/p>\n<p><img loading=\"lazy\" decoding=\"async\" class=\"aligncenter\" src=\"https:\/\/lh6.googleusercontent.com\/5401A1zWRFk54tmE8w2i9srb8GMFIl0LnYIhOM57UsdnyZd5yG8Y5X1D1G3g1cHg171NDNzj5qu2DMlp2GwFwteFWvlt1-j1n-iaZL8vu__XgjQkXuxsclI90h0SE6XL0Jxyc_UMdcjKHVt-1U2-bN4SMVNMdBUFwYf5_n80De4XKCaMRfSzbCRxOQWayz6Un9KByQ7G9g\" width=\"326\" height=\"326\" \/><\/p>\n<p style=\"text-align: center;\"><b>In radio dal 28 ottobre<\/b><\/p>\n<p>&nbsp;<\/p>\n<p><span style=\"font-weight: 400;\">La storia di<\/span><b> Paola Clemente<\/b><span style=\"font-weight: 400;\">, <\/span><b>bracciante<\/b><span style=\"font-weight: 400;\"> che <\/span><b>muore nel 2015<\/b><span style=\"font-weight: 400;\"> durante l\u2019acinellatura dell\u2019uva, mentre era sui campi a lavorare. Morta di fatica, praticamente infarto. Poteva salvarsi, ma stava <\/span><b>lavorando sotto caporale<\/b><span style=\"font-weight: 400;\"> e nessun medico poteva intervenire, a patto di far scoprire l\u2019illegalit\u00e0 di tutta l\u2019organizzazione.<\/span><\/p>\n<p><span style=\"font-weight: 400;\">Nel brano \u00e8 lei a parlare in prima persona. Il ritornello \u00e8 una sorte di koin\u00e8 pugliese con prevalenza di dialetto tarantino (mor\u00ec a San Giorgio Ionico). La protagonista pronuncia le parole di un canto di ribellione di fine \u2018800. \u201c<\/span><i><span style=\"font-weight: 400;\">Il sole sta calando, sta calando, chiama il padrone che me ne vado<\/span><\/i><span style=\"font-weight: 400;\">\u201d. Nella versione originale l\u2019affermazione era ironica e sottolineava l\u2019assenza del padrone al calar del sole, perch\u00e9 in quel momento era tenuto a pagare. Qui prende, invece, il significato di \u00abchiama il padrone che me ne vado per sempre e voglio che veda che cosa ha creato\u00bb. Il limbo di questo personaggio \u00e8 proprio nel ritornello, in quei pochi secondi che sono il pensiero della protagonista prima di morire. Il limbo in cui pensa ai suoi figli e all\u2019ingiustizia che tanti come lei patiranno.<\/span><\/p>\n<p><span style=\"font-weight: 400;\">Il brano \u00e8 estratto dal nuovo album di inediti \u201c<\/span><i><span style=\"font-weight: 400;\">Non torno a casa da tre giorni\u201d<\/span><\/i><span style=\"font-weight: 400;\"> la cui uscita \u00e8 prevista per il prossimo 18 novembre. Nel frattempo, per\u00f2, <\/span><b>un altro brano del disco in uscita &#8211; \u201cMozambico\u201d &#8211; \u00e8 stato selezionato come sigla del \u201cFestival dei diritti umani di Napoli\u201d 2022, rimarcando l\u2019attenzione di Lucio Matricardi per le tematiche sociali e l\u2019attenzione ai diritti umani. <\/b><span style=\"font-weight: 400;\">La canzone, infatti, \u00e8 stata selezionata proprio perch\u00e9 tratta temi legati al festival, il cui focus per questa edizione\u00a0 \u00e8 la Pace \u201cIm-possibile\u201d.\u00a0<\/span><\/p>\n<p>&nbsp;<\/p>\n<p><b>Autoproduzione<\/b><\/p>\n<p><span style=\"font-weight: 400;\">Radio Date:<\/span><b> 28 ottobre 2022<\/b><\/p>\n<p><span style=\"font-weight: 400;\">Release album:<\/span><b> 18 novembre 2022<\/b><\/p>\n<p>&nbsp;<\/p>\n<p><b>Contatti e social<\/b><\/p>\n<p><b>FACEBOOK <\/b><a href=\"https:\/\/www.facebook.com\/luciomatricardiofficial?locale=it_IT\"><span style=\"font-weight: 400;\">https:\/\/www.facebook.com\/luciomatricardiofficial?locale=it_IT<\/span><\/a><\/p>\n<p><b>INSTAGRAM <\/b><span style=\"font-weight: 400;\">lucio_matricardi<\/span><\/p>\n<p><b>YOU TUBE<\/b><a href=\"https:\/\/www.youtube.com\/channel\/UCnXkKSgctOJYUMAO0NvxT0A\"> <span style=\"font-weight: 400;\">https:\/\/www.youtube.com\/channel\/UCnXkKSgctOJYUMAO0NvxT0A<\/span><\/a><\/p>\n<p><span style=\"font-weight: 400;\">Lucio Matricardi Official<\/span><\/p>\n<p><b>LINKEDIN <\/b><a href=\"https:\/\/www.linkedin.com\/in\/lucio-matricardi-9760b1aa\/\"><span style=\"font-weight: 400;\">https:\/\/www.linkedin.com\/in\/lucio-matricardi-9760b1aa\/<\/span><\/a><\/p>\n<p>&nbsp;<\/p>\n<p><b>BIO<\/b><\/p>\n<p><span style=\"font-weight: 400;\">Artista poliedrico che unisce nella sua arte la composizione, il teatro e la letteratura.<\/span><\/p>\n<p><span style=\"font-weight: 400;\">Lucio Matricardi \u00e8 originario di Porto San Giorgio, in provincia di Fermo e inizia a studiare pianoforte all\u2019et\u00e0 di 4 anni. Dopo un lungo periodo di immersione nella musica classica si perfeziona tra gli altri con i maestri: <\/span><b>Daniele Di Bonaventura <\/b><span style=\"font-weight: 400;\">(Bandoneonista di Paolo Fresu), <\/span><b>Ramberto Ciammarughi<\/b><span style=\"font-weight: 400;\">, <\/span><b>Greg Burk, Paolo Di Sabatino<\/b><span style=\"font-weight: 400;\"> (collaboratore di Fabio Concato e Mario Biondi). Frequenta i corsi del Saint Louise College di Roma con il maestro<\/span><b> Pierpaolo Principato<\/b><span style=\"font-weight: 400;\"> (Direttore della sezione pianoforte) e musica d\u2019insieme con il maestro Giovanni Mazzarino. Frequenta i corsi di perfezionamento in jazz ed improvvisazione con <\/span><b>Jeff Ballard<\/b><span style=\"font-weight: 400;\"> e <\/span><b>Larry Grenadier <\/b><span style=\"font-weight: 400;\">(Brad Meldhau Trio). Frequenta i corsi di pianoforte di Phil Markovitz\u00a0 a Roma. (veterano della scena jazzistica internazionale).<\/span><\/p>\n<p><span style=\"font-weight: 400;\">Partecipa ad un corso sul cantautorato con <\/span><b>Riccardo Sinigallia<\/b><span style=\"font-weight: 400;\"> (Tiro Mancino, Niccol\u00f2 Fabi, Motta, Coez).<\/span><\/p>\n<p><span style=\"font-weight: 400;\">Dal 2005 lavora come <\/span><b>compositore per numerose produzioni teatrali e di cortometraggi<\/b><span style=\"font-weight: 400;\">. Nel 2013 realizza uno spettacolo, \u201cRimusicanze\u201d in cui riscrive le musiche dei film muti \u201c<\/span><i><span style=\"font-weight: 400;\">La Palla n.13\u201d<\/span><\/i><span style=\"font-weight: 400;\"> di Buster Keaton e \u201c<\/span><i><span style=\"font-weight: 400;\">Charlot Boxer<\/span><\/i><span style=\"font-weight: 400;\">\u201d di Charlie Chaplin. Nel 2008 \u00e8 co-autore insieme all\u2019attore e regista\u00a0 <\/span><b>Mauro Macario<\/b><span style=\"font-weight: 400;\"> di un Recital su L\u00e8o Ferr\u00e8 e Fabrizio De Andr\u00e8 realizzato in numerosi teatri italiani.<\/span><\/p>\n<p><span style=\"font-weight: 400;\">Nel 2014 partecipa come co-arrangiatore al disco di <\/span><b>Antonio Felicioli <\/b><span style=\"font-weight: 400;\">\u201cFlute Book 1\u201d con lo storico sassofonista italiano<\/span><b> Antonio Marangolo<\/b><span style=\"font-weight: 400;\"> (Paolo Conte, Vinicio Capossela, Francesco Guccini).<\/span><\/p>\n<p><b>Nel 2016 esce il suo primo disco \u201cSogno Protetto\u201d,<\/b><span style=\"font-weight: 400;\"> un\u2019opera cantautorale-musicale che ottiene un ottimo riscontro di critica e di vendita. Promuove il suo lavoro con pi\u00f9 di cento concerti in tutte le maggiori piazze del centro Italia.<\/span><\/p>\n<p><span style=\"font-weight: 400;\">Ha aperto i concerti di: George Moustaki, Jane Birkin, Juliette Greco, Susan Vega,\u00a0 Paolo Belli Big Band, Alex Britti, Dente, Di Martino, Giovanni Truppi e Mattew Lee. Nel 2019 inizia la collaborazione col regista <\/span><b>Alessandro Negrini <\/b><span style=\"font-weight: 400;\">(Vincitore Golden Movie Award 2019, Malta International film festival 2019, Milano film Festival 2019, miglior regia al Palermo Sole Luna film festival 2019) che scrive e dirige il video della canzone \u201cLa Manna Dal Cielo\u201d. <\/span><span style=\"font-weight: 400;\">\u00a0<\/span><\/p>\n<p><b>Nel<\/b> <b>2022<\/b><span style=\"font-weight: 400;\"> si esibisce in tour in varie piazze marchigiane (Fermo, Grottammare, Ortezzano, Belmonte) e al \u201cMugellini Festival\u201d di Potenza Picena, prestigiosa rassegna dei pi\u00f9 grandi musicisti classici attuali, con apertura ai compositori moderni. Il 18 novembre \u00e8 prevista la pubblicazione dell\u2019album \u201cNon torno a casa da tre giorni\u201d.\u00a0<\/span><\/p>\n<p>&nbsp;<\/p>\n<p><span style=\"font-weight: 400;\">fonte: <\/span><span style=\"font-weight: 400;\">https:\/\/www.laltoparlante.it\/<\/span><\/p>\n","protected":false},"excerpt":{"rendered":"<p>UNA CANZONE DI DENUNCIA CHE RACCONTA LA SCHIAVIT\u00d9 DEL CAPOLARATO E DELLE SUE VITTIME Il singolo \u00e8 estratto dal nuovo album del cantautore e compositore marchigiano, fortemente impegnato sul tema dei diritti umani In radio dal 28 ottobre &nbsp; La storia di Paola Clemente, bracciante che muore nel 2015 durante l\u2019acinellatura dell\u2019uva, mentre era sui [&hellip;]<\/p>\n","protected":false},"author":4383,"featured_media":0,"comment_status":"open","ping_status":"open","sticky":false,"template":"","format":"standard","meta":{"footnotes":""},"categories":[12],"tags":[],"class_list":["post-72237","post","type-post","status-publish","format-standard","hentry","category-musica"],"_links":{"self":[{"href":"https:\/\/www.area-press.eu\/comunicatistampa\/wp-json\/wp\/v2\/posts\/72237","targetHints":{"allow":["GET"]}}],"collection":[{"href":"https:\/\/www.area-press.eu\/comunicatistampa\/wp-json\/wp\/v2\/posts"}],"about":[{"href":"https:\/\/www.area-press.eu\/comunicatistampa\/wp-json\/wp\/v2\/types\/post"}],"author":[{"embeddable":true,"href":"https:\/\/www.area-press.eu\/comunicatistampa\/wp-json\/wp\/v2\/users\/4383"}],"replies":[{"embeddable":true,"href":"https:\/\/www.area-press.eu\/comunicatistampa\/wp-json\/wp\/v2\/comments?post=72237"}],"version-history":[{"count":2,"href":"https:\/\/www.area-press.eu\/comunicatistampa\/wp-json\/wp\/v2\/posts\/72237\/revisions"}],"predecessor-version":[{"id":72287,"href":"https:\/\/www.area-press.eu\/comunicatistampa\/wp-json\/wp\/v2\/posts\/72237\/revisions\/72287"}],"wp:attachment":[{"href":"https:\/\/www.area-press.eu\/comunicatistampa\/wp-json\/wp\/v2\/media?parent=72237"}],"wp:term":[{"taxonomy":"category","embeddable":true,"href":"https:\/\/www.area-press.eu\/comunicatistampa\/wp-json\/wp\/v2\/categories?post=72237"},{"taxonomy":"post_tag","embeddable":true,"href":"https:\/\/www.area-press.eu\/comunicatistampa\/wp-json\/wp\/v2\/tags?post=72237"}],"curies":[{"name":"wp","href":"https:\/\/api.w.org\/{rel}","templated":true}]}}