{"id":722,"date":"2015-07-29T14:56:12","date_gmt":"2015-07-29T12:56:12","guid":{"rendered":"http:\/\/www.area-press.eu\/comunicatistampa\/?p=722"},"modified":"2015-07-29T14:56:12","modified_gmt":"2015-07-29T12:56:12","slug":"vivere-in-affitto-a-lugano-noi-ve-lo-suggeriamo-ecco-perche","status":"publish","type":"post","link":"https:\/\/www.area-press.eu\/comunicatistampa\/2015\/07\/29\/vivere-in-affitto-a-lugano-noi-ve-lo-suggeriamo-ecco-perche\/","title":{"rendered":"Vivere in affitto a Lugano: noi ve lo suggeriamo ecco perch\u00e9"},"content":{"rendered":"<p>La Svizzera e Lugano sono ottime destinazioni per un soggiorno di relax o una trasferta di lavoro e affari<\/p>\n<p>La Svizzera e il Canton Ticino, dove si trova la nostra citt\u00e0, sono una zona davvero felice da scegliere sia per chi si muove sia per turismo, che per lavorare, o per affari.<\/p>\n<p>Lugano \u00e8 una citt\u00e0 internazionale\u00a0in cui le culture europee si incrociano in un ambiente interessante da scoprire, aperto, disponibile e molto vivo in tutte le stagioni dell\u2019anno.<\/p>\n<p>Il nostro agglomerato \u00e8 la citt\u00e0 pi\u00f9 grande del Ticino, ed \u00e8 il terzo polo finanziario e importante centro di congressi, di banche e d\u2019affari di tutta la Svizzera in moda da renderla interessante per il turismo d\u2019affari e le trasferte di lavoro.<\/p>\n<p>La nostra per\u00f2 \u00e8 anche la citt\u00e0 dei parchi e dei giardini fioriti, delle ville e degli edifici religiosi, con una atmosfera molto mediterranea, offrendo i vantaggi di una citt\u00e0 internazionale, mantenendo per\u00f2 il suo spirito di cittadina a misura d\u2019uomo per renderla ottima come meta di turismo e relax.<\/p>\n<p>Naturalmente \u00e8 importante trovare il giusto luogo dove soggiornare e vivere per poter cogliere tutte le meraviglie di una citt\u00e0 cos\u00ec ricca di opportunit\u00e0. I <strong><a href=\"http:\/\/www.affittolugano.ch\">residence<\/a><\/strong> e gli hotel non mancano, ma la posizione e i servizi offerti vanno valutati con attenzione.<\/p>\n<p>Un sito come nostro vi pu\u00f2 aiutare a scegliere il miglior residence a Lugano migliore per le vostre esigenze, un <strong><a href=\"http:\/\/www.affittolugano.ch\">appartamento<\/a> per sentirvi a casa vostra<\/strong> dotato di comfort, privacy, sicurezza, vicinanza al lago e alle passeggiate, comodit\u00e0 per lo shopping e molto altro.<\/p>\n<p>Prendere un\u00a0appartamento\u00a0con la formula \u201c<strong><a href=\"http:\/\/www.affittolugano.ch\">affitto a Lugano<\/a><\/strong>\u201d rappresenta la soluzione ideale; ad esempio la <strong>Residenza <\/strong>\u2013 come residence &#8211; \u00e8 dotato di tutti i comfort per le persone e gli animali da compagnia, sempre ammessi, disponendo di area Fitness, sicurezza, servizio di portineria giornaliero e servizio per le urgenze attivo 24 ore su 24, oltre che garantendo convezioni agevolate con prestigiosi ristoranti e negozi.<\/p>\n<p>Il vantaggio di un <strong>affitto a Lugano<\/strong> in <strong>Residence,<\/strong> inoltre, \u00e8 il non dover pensare a tutte le incombenze come le pulizie e la sistemazione dell\u2019appartamento, tutto gestito all\u2019interno dell\u2019affitto, come accade al residence la <strong>Residenza<\/strong>.<\/p>\n<p>Volete saperne di pi\u00f9? Formula \u201c<strong>affitto a Lugano<\/strong>\u201d<\/p>\n","protected":false},"excerpt":{"rendered":"<p>La Svizzera e Lugano sono ottime destinazioni per un soggiorno di relax o una trasferta di lavoro e affari La Svizzera e il Canton Ticino, dove si trova la nostra citt\u00e0, sono una zona davvero felice da scegliere sia per chi si muove sia per turismo, che per lavorare, o per affari. Lugano \u00e8 una [&hellip;]<\/p>\n","protected":false},"author":116,"featured_media":0,"comment_status":"open","ping_status":"open","sticky":false,"template":"","format":"standard","meta":{"footnotes":""},"categories":[17],"tags":[765,767,770,769,766,768],"class_list":["post-722","post","type-post","status-publish","format-standard","hentry","category-turismo","tag-affitto-a-lugano","tag-appartamenti","tag-casa","tag-lavorare","tag-residence","tag-vivere"],"_links":{"self":[{"href":"https:\/\/www.area-press.eu\/comunicatistampa\/wp-json\/wp\/v2\/posts\/722","targetHints":{"allow":["GET"]}}],"collection":[{"href":"https:\/\/www.area-press.eu\/comunicatistampa\/wp-json\/wp\/v2\/posts"}],"about":[{"href":"https:\/\/www.area-press.eu\/comunicatistampa\/wp-json\/wp\/v2\/types\/post"}],"author":[{"embeddable":true,"href":"https:\/\/www.area-press.eu\/comunicatistampa\/wp-json\/wp\/v2\/users\/116"}],"replies":[{"embeddable":true,"href":"https:\/\/www.area-press.eu\/comunicatistampa\/wp-json\/wp\/v2\/comments?post=722"}],"version-history":[{"count":1,"href":"https:\/\/www.area-press.eu\/comunicatistampa\/wp-json\/wp\/v2\/posts\/722\/revisions"}],"predecessor-version":[{"id":723,"href":"https:\/\/www.area-press.eu\/comunicatistampa\/wp-json\/wp\/v2\/posts\/722\/revisions\/723"}],"wp:attachment":[{"href":"https:\/\/www.area-press.eu\/comunicatistampa\/wp-json\/wp\/v2\/media?parent=722"}],"wp:term":[{"taxonomy":"category","embeddable":true,"href":"https:\/\/www.area-press.eu\/comunicatistampa\/wp-json\/wp\/v2\/categories?post=722"},{"taxonomy":"post_tag","embeddable":true,"href":"https:\/\/www.area-press.eu\/comunicatistampa\/wp-json\/wp\/v2\/tags?post=722"}],"curies":[{"name":"wp","href":"https:\/\/api.w.org\/{rel}","templated":true}]}}