{"id":72021,"date":"2022-10-29T11:54:57","date_gmt":"2022-10-29T09:54:57","guid":{"rendered":"https:\/\/www.area-press.eu\/comunicatistampa\/?p=72021"},"modified":"2022-10-29T11:54:57","modified_gmt":"2022-10-29T09:54:57","slug":"patrizia-fiandrini-sceglie-assisi-per-raccontare-persuasif-2023","status":"publish","type":"post","link":"https:\/\/www.area-press.eu\/comunicatistampa\/2022\/10\/29\/patrizia-fiandrini-sceglie-assisi-per-raccontare-persuasif-2023\/","title":{"rendered":"Patrizia Fiandrini sceglie Assisi per raccontare Persuasif 2023"},"content":{"rendered":"<p>Set allestito nell&#8217;<strong>Assisium Center<\/strong> messo a disposizione da <strong>Giampiero Italiani, Curatore dell&#8217;Orto degli Aghi<\/strong> e grande appassionato della sua bellissima Assisi, abiti indossati dalla fascinosa <strong>Eleonora Cuccu<\/strong> (affidata alle sapienti mani dell&#8217;Hair Stylist <strong>Tony Prosia<\/strong>) che seducono all&#8217;istante e che sono superbamente narrati da scatti e riprese del giovane e talentuoso <strong>Federico Mancuso<\/strong> al quale lo S<em><strong>tudio Del Vecchio<\/strong><\/em> ha affidato da diversi anni il brand Patrizia Fiandrini.<\/p>\n<p><strong>Patrizia Fianadrini<\/strong> nasce professionalmente molti anni fa come artigiana del taglio e cucito, autenticit\u00e0 di maestranze sempre pi\u00f9 rare nel nostro paese e sviluppa talento con la sua azienda di fa\u00e7on che opera al servizio delle maggiori firme internazionali per poi esprimere genialit\u00e0 traducendo il proprio Know How in Design e fondando il suo Brand &#8220;Patrizia Fiandrini&#8221;.<\/p>\n<p><strong>Persuasif<\/strong> \u00e8 il proseguimento di un percorso espressivo e creativo che fonda le proprie radici sulla passione della protagonista, protagonista che ama lo stile degli anni 50, ne apprezza la forte capacit\u00e0 emozionale, l&#8217;indiscutibile eleganza e\u00a0 dal quale ne trae ispirazione per le sue fantastiche\u00a0 collezioni che ascrive nella <strong>First Line<\/strong> alternandole, in alcuni casi, alle proposte <strong>Daily<\/strong> destinate ad un uso meno impegnativo pur se assolutamente attento alle linee ed alla qualit\u00e0 del prodotto.<\/p>\n<p>Poco presente sui catwalks e schiva dalla mondanit\u00e0 affida la promozione della propria Maison alla forza dei suoi campionari mantenendo un posizionamento esclusivo traducibile, nella pratica, in eccellenza del manufatto.<\/p>\n<p>Certamente per il futuro Patrizia Fiandrini dovr\u00e0 maturare una qualche performance su passerelle di profilo internazionale che gi\u00e0, in effetti, l&#8217;hanno vista protagonista negli anni passati e ci\u00f2 non tanto per strategie di marketing (che pur vanno considerate) ma quanto per contribuire a migliorare e valorizzare\u00a0 lo spettacolo del fashion tramite la grande storia della moda italiana che superbamente rappresenta.<\/p>\n<p>Contributo sostanziale e qualificato alla promozione della firma \u00e8 caratterizzato dal noto Show-Room <strong>Modamica di Vimodrone<\/strong> dove \u00e8 possibile vedere, provare e se necessario personalizzare le nuove collezioni\u00a0 del brand.<\/p>\n<p><strong>Paola Fiandrini,<\/strong> sorella di Patrizia, elemento essenziale nella storica azienda di confezione, coadiuva le produzioni della Maison fin dalle prime battute condividendo entusiasmo e passione ed accompagnandola in questo straordinario ed impegnativo percorso.<\/p>\n","protected":false},"excerpt":{"rendered":"<p>Set allestito nell&#8217;Assisium Center messo a disposizione da Giampiero Italiani, Curatore dell&#8217;Orto degli Aghi e grande appassionato della sua bellissima Assisi, abiti indossati dalla fascinosa Eleonora Cuccu (affidata alle sapienti mani dell&#8217;Hair Stylist Tony Prosia) che seducono all&#8217;istante e che sono superbamente narrati da scatti e riprese del giovane e talentuoso Federico Mancuso al quale [&hellip;]<\/p>\n","protected":false},"author":7551,"featured_media":0,"comment_status":"open","ping_status":"open","sticky":false,"template":"","format":"standard","meta":{"footnotes":""},"categories":[29],"tags":[],"class_list":["post-72021","post","type-post","status-publish","format-standard","hentry","category-comunicati"],"_links":{"self":[{"href":"https:\/\/www.area-press.eu\/comunicatistampa\/wp-json\/wp\/v2\/posts\/72021","targetHints":{"allow":["GET"]}}],"collection":[{"href":"https:\/\/www.area-press.eu\/comunicatistampa\/wp-json\/wp\/v2\/posts"}],"about":[{"href":"https:\/\/www.area-press.eu\/comunicatistampa\/wp-json\/wp\/v2\/types\/post"}],"author":[{"embeddable":true,"href":"https:\/\/www.area-press.eu\/comunicatistampa\/wp-json\/wp\/v2\/users\/7551"}],"replies":[{"embeddable":true,"href":"https:\/\/www.area-press.eu\/comunicatistampa\/wp-json\/wp\/v2\/comments?post=72021"}],"version-history":[{"count":1,"href":"https:\/\/www.area-press.eu\/comunicatistampa\/wp-json\/wp\/v2\/posts\/72021\/revisions"}],"predecessor-version":[{"id":72022,"href":"https:\/\/www.area-press.eu\/comunicatistampa\/wp-json\/wp\/v2\/posts\/72021\/revisions\/72022"}],"wp:attachment":[{"href":"https:\/\/www.area-press.eu\/comunicatistampa\/wp-json\/wp\/v2\/media?parent=72021"}],"wp:term":[{"taxonomy":"category","embeddable":true,"href":"https:\/\/www.area-press.eu\/comunicatistampa\/wp-json\/wp\/v2\/categories?post=72021"},{"taxonomy":"post_tag","embeddable":true,"href":"https:\/\/www.area-press.eu\/comunicatistampa\/wp-json\/wp\/v2\/tags?post=72021"}],"curies":[{"name":"wp","href":"https:\/\/api.w.org\/{rel}","templated":true}]}}