{"id":71922,"date":"2022-10-29T11:54:56","date_gmt":"2022-10-29T09:54:56","guid":{"rendered":"https:\/\/www.area-press.eu\/comunicatistampa\/?p=71922"},"modified":"2022-10-29T11:54:56","modified_gmt":"2022-10-29T09:54:56","slug":"andrea-mascetti-arte-e-cultura-valore-italia-disegna-il-futuro-del-paese","status":"publish","type":"post","link":"https:\/\/www.area-press.eu\/comunicatistampa\/2022\/10\/29\/andrea-mascetti-arte-e-cultura-valore-italia-disegna-il-futuro-del-paese\/","title":{"rendered":"Andrea Mascetti: arte e cultura, Valore Italia disegna il futuro del Paese"},"content":{"rendered":"<p><em><strong>Dallo scorso febbraio nell\u2019Advisory Board di Valore Italia, <a title=\"Andrea Mascetti, slideshare\" href=\"https:\/\/www.slideshare.net\/andreamascetti\">Andrea Mascetti<\/a> ha preso parte all\u2019evento organizzato a Montecitorio per presentare il programma di proposte lanciato dall\u2019ente per il futuro del Paese.<\/strong><\/em><\/p>\n<h2>Andrea Mascetti: Valore Italia lancia una grande sfida per il futuro del Paese<\/h2>\n<p><strong>Andrea Mascetti<\/strong> \u00e8 entrato nell\u2019Advisory Board di Valore Italia lo scorso febbraio: a distanza di pochi mesi l\u2019ente, nato per promuovere una maggior diffusione dell\u2019arte e della cultura nel Paese, ha lanciato quella che \u00e8 stata definita, a ragione, una grande sfida per il futuro dell\u2019Italia. Lo ha fatto lo scorso 21 settembre nella Sala Stampa di Palazzo Montecitorio presentando una serie di proposte basate sull\u2019assunto \u201c<em>programmare significa tutelare<\/em>\u201d. Il programma di Valore Italia si incarna concettualmente nell\u2019ambito della cosiddetta \u201cconservazione programmata\u201d e si pone l\u2019obiettivo di modellare il futuro dell\u2019Italia su valori fondamentali quali bellezza dei paesaggi e identit\u00e0 territoriale attraverso una visione di lungo periodo (almeno 30 anni): un percorso da portare avanti in sinergia con altri tipi di transizione come quella green. Tra le numerose avanzate, \u00e8 stata proposta una riforma fiscale che consenta, da un lato, la detraibilit\u00e0 delle spese culturali e, dall\u2019altro, l\u2019abbassamento dell\u2019IVA sulla vendita delle opere d\u2019arte contemporanea e in generale sui prodotti di cultura, al pari dell\u2019IVA agevolata per la vendita dei libri. Incentivare la cultura significa poi sostenere il coinvolgimento di privati e imprese private nelle iniziative di valorizzazione del patrimonio culturale: fare impresa d\u2019altronde \u00e8 anche fare cultura.<\/p>\n<h2>Andrea Mascetti a Montecitorio: l\u2019importanza dell\u2019arte e della cultura per l\u2019Italia nel programma di Valore Italia<\/h2>\n<p>Insieme ad <a title=\"Andrea Mascetti, profilo slideshare\" href=\"https:\/\/www.slideshare.net\/andreamascetti\"><strong>Andrea Mascetti<\/strong><\/a> sono intervenuti nel corso del convegno presso la Sala Stampa di Palazzo Montecitorio anche il Direttore Scientifico di Valore Italia Angelo Crespi, l\u2019On. Federico Mollicone (Coordinatore dell\u2019Intergruppo parlamentare \u201cCultura, Arte, Sport\u201d) e Patrizia Asproni, Presidente della Fondazione Industria e Cultura. L\u2019ente, nato nel 2019 sotto forma di impresa sociale per rilanciare la Scuola di Restauro di Botticino, propone inoltre l\u2019estensione dell\u2019Art Bonus a istituti e fondazioni private, la costituzione di un fondo cultura per l\u2019innovazione tecnologica delle imprese e un sostegno permanente al libro e alla lettura sul modello proposto da Fondazione Cariplo al cui interno <strong>Andrea Mascetti<\/strong> opera da anni proprio in qualit\u00e0 di Coordinatore della commissione Arte e cultura. Tra le diverse soluzioni proposte da Valore Italia figurano inoltre la riattivazione della cosiddetta legge \u201cDuepercento\u201d (estesa per esempio alle opere infrastrutturali), l\u2019istituzione di una rete di residenze di artista nei borghi da ripopolare oppure nei luoghi dismessi all\u2019interno di grandi citt\u00e0 e l\u2019apertura di una serie di spazi espositivi (sul modello kunsthalle) per dare la possibilit\u00e0 ai giovani di esporre con pi\u00f9 facilit\u00e0.<\/p>\n","protected":false},"excerpt":{"rendered":"<p>Dallo scorso febbraio nell\u2019Advisory Board di Valore Italia, Andrea Mascetti ha preso parte all\u2019evento organizzato a Montecitorio per presentare il programma di proposte lanciato dall\u2019ente per il futuro del Paese. Andrea Mascetti: Valore Italia lancia una grande sfida per il futuro del Paese Andrea Mascetti \u00e8 entrato nell\u2019Advisory Board di Valore Italia lo scorso febbraio: [&hellip;]<\/p>\n","protected":false},"author":40,"featured_media":0,"comment_status":"open","ping_status":"open","sticky":false,"template":"","format":"standard","meta":{"footnotes":""},"categories":[3],"tags":[22151],"class_list":["post-71922","post","type-post","status-publish","format-standard","hentry","category-arte-e-cultura","tag-andrea-mascetti"],"_links":{"self":[{"href":"https:\/\/www.area-press.eu\/comunicatistampa\/wp-json\/wp\/v2\/posts\/71922","targetHints":{"allow":["GET"]}}],"collection":[{"href":"https:\/\/www.area-press.eu\/comunicatistampa\/wp-json\/wp\/v2\/posts"}],"about":[{"href":"https:\/\/www.area-press.eu\/comunicatistampa\/wp-json\/wp\/v2\/types\/post"}],"author":[{"embeddable":true,"href":"https:\/\/www.area-press.eu\/comunicatistampa\/wp-json\/wp\/v2\/users\/40"}],"replies":[{"embeddable":true,"href":"https:\/\/www.area-press.eu\/comunicatistampa\/wp-json\/wp\/v2\/comments?post=71922"}],"version-history":[{"count":1,"href":"https:\/\/www.area-press.eu\/comunicatistampa\/wp-json\/wp\/v2\/posts\/71922\/revisions"}],"predecessor-version":[{"id":71923,"href":"https:\/\/www.area-press.eu\/comunicatistampa\/wp-json\/wp\/v2\/posts\/71922\/revisions\/71923"}],"wp:attachment":[{"href":"https:\/\/www.area-press.eu\/comunicatistampa\/wp-json\/wp\/v2\/media?parent=71922"}],"wp:term":[{"taxonomy":"category","embeddable":true,"href":"https:\/\/www.area-press.eu\/comunicatistampa\/wp-json\/wp\/v2\/categories?post=71922"},{"taxonomy":"post_tag","embeddable":true,"href":"https:\/\/www.area-press.eu\/comunicatistampa\/wp-json\/wp\/v2\/tags?post=71922"}],"curies":[{"name":"wp","href":"https:\/\/api.w.org\/{rel}","templated":true}]}}