{"id":71806,"date":"2022-11-15T15:47:24","date_gmt":"2022-11-15T14:47:24","guid":{"rendered":"https:\/\/www.area-press.eu\/comunicatistampa\/?p=71806"},"modified":"2022-11-15T15:47:24","modified_gmt":"2022-11-15T14:47:24","slug":"gennaro-volpe-rieletto-presidente-nazionale-card-il-mio-impegno-per-gli-iscritti-e-gli-operatori","status":"publish","type":"post","link":"https:\/\/www.area-press.eu\/comunicatistampa\/2022\/11\/15\/gennaro-volpe-rieletto-presidente-nazionale-card-il-mio-impegno-per-gli-iscritti-e-gli-operatori\/","title":{"rendered":"Gennaro Volpe rieletto presidente nazionale Card: &#8220;Il mio impegno per gli iscritti e gli operatori&#8221;"},"content":{"rendered":"<p>Gennaro Volpe \u00e8 stato rieletto presidente nazionale di Card, <a href=\"http:\/\/www.carditalia.com\/\">Confederazione Associazioni Regionali di Distretto<\/a> &#8211; Societ\u00e0 scientifica delle attivit\u00e0 sociosanitarie territoriali. <strong>La riconferma del presidente<\/strong> anche per il triennio 2023-2025 \u00e8 avvenuta a poche ore dall\u2019inizio del Congresso nazionale. L&#8217;evento si \u00e8 poi aperto presso il Grand Hotel di Trento il 13 ottobre 2022.<\/p>\n<h2>Gennaro Volpe rieletto presidente nazionale Card<\/h2>\n<p>&#8220;Card \u00e8 in ottima salute. &#8211; ha dichiarato il presidente Volpe &#8211; La rielezione rappresenta per me <strong>una grande soddisfazione<\/strong>: continuer\u00f2 e porter\u00f2 avanti il mio impegno per gli iscritti e per tutti gli operatori distrettuali.<\/p>\n<p>Nell\u2019ambito delle riforme in atto, credo che la figura del Direttore del Distretto deve fungere da coordinatore e da regia in tutto ci\u00f2 che sta avvenendo. Senza questo fattore <strong>parleremmo di una riforma monca<\/strong>. Si tratta di una figura nuova che non deve avere funzioni \u2018prefettizie\u2019, bens\u00ec dovrebbe essere una sorta di direttore d\u2019orchestra che coordini tutti \u2018solisti\u2019 del territorio affinch\u00e9 possano collaborare nei processi importanti in corso.<\/p>\n<h2>&#8220;Il mio impegno per gli iscritti e gli operatori&#8221;<\/h2>\n<p><a href=\"https:\/\/www.ilgazzettinovesuviano.com\/2022\/10\/12\/distretto-via-xx-congresso-nazionale-card\/\">Il XX Congresso Nazionale<\/a> della Confederazione Associazioni Regionali di Distretto &#8211; Societ\u00e0 scientifica delle attivit\u00e0 sociosanitarie territoriali (Card) <strong>si \u00e8 tenuto a Trento<\/strong> il 13, 14 e 15 ottobre 2022 presso il Grand Hotel. Tra i temi principali al centro dell\u2019appuntamento congressuale il Distretto e le sue attivit\u00e0 complessive. Naturale l\u2019attenzione alla Casa di Comunit\u00e0 (Cdc).<\/p>\n","protected":false},"excerpt":{"rendered":"<p>Gennaro Volpe \u00e8 stato rieletto presidente nazionale di Card, Confederazione Associazioni Regionali di Distretto &#8211; Societ\u00e0 scientifica delle attivit\u00e0 sociosanitarie territoriali. La riconferma del presidente anche per il triennio 2023-2025 \u00e8 avvenuta a poche ore dall\u2019inizio del Congresso nazionale. L&#8217;evento si \u00e8 poi aperto presso il Grand Hotel di Trento il 13 ottobre 2022. Gennaro [&hellip;]<\/p>\n","protected":false},"author":5980,"featured_media":0,"comment_status":"open","ping_status":"open","sticky":false,"template":"","format":"standard","meta":{"footnotes":""},"categories":[14],"tags":[7804],"class_list":["post-71806","post","type-post","status-publish","format-standard","hentry","category-salute-e-medicina","tag-card"],"_links":{"self":[{"href":"https:\/\/www.area-press.eu\/comunicatistampa\/wp-json\/wp\/v2\/posts\/71806","targetHints":{"allow":["GET"]}}],"collection":[{"href":"https:\/\/www.area-press.eu\/comunicatistampa\/wp-json\/wp\/v2\/posts"}],"about":[{"href":"https:\/\/www.area-press.eu\/comunicatistampa\/wp-json\/wp\/v2\/types\/post"}],"author":[{"embeddable":true,"href":"https:\/\/www.area-press.eu\/comunicatistampa\/wp-json\/wp\/v2\/users\/5980"}],"replies":[{"embeddable":true,"href":"https:\/\/www.area-press.eu\/comunicatistampa\/wp-json\/wp\/v2\/comments?post=71806"}],"version-history":[{"count":1,"href":"https:\/\/www.area-press.eu\/comunicatistampa\/wp-json\/wp\/v2\/posts\/71806\/revisions"}],"predecessor-version":[{"id":71807,"href":"https:\/\/www.area-press.eu\/comunicatistampa\/wp-json\/wp\/v2\/posts\/71806\/revisions\/71807"}],"wp:attachment":[{"href":"https:\/\/www.area-press.eu\/comunicatistampa\/wp-json\/wp\/v2\/media?parent=71806"}],"wp:term":[{"taxonomy":"category","embeddable":true,"href":"https:\/\/www.area-press.eu\/comunicatistampa\/wp-json\/wp\/v2\/categories?post=71806"},{"taxonomy":"post_tag","embeddable":true,"href":"https:\/\/www.area-press.eu\/comunicatistampa\/wp-json\/wp\/v2\/tags?post=71806"}],"curies":[{"name":"wp","href":"https:\/\/api.w.org\/{rel}","templated":true}]}}