{"id":71740,"date":"2022-11-04T08:59:37","date_gmt":"2022-11-04T07:59:37","guid":{"rendered":"https:\/\/www.area-press.eu\/comunicatistampa\/?p=71740"},"modified":"2022-11-03T17:00:00","modified_gmt":"2022-11-03T16:00:00","slug":"scegliere-una-scuola-ad-ostia","status":"publish","type":"post","link":"https:\/\/www.area-press.eu\/comunicatistampa\/2022\/11\/04\/scegliere-una-scuola-ad-ostia\/","title":{"rendered":"Scegliere una scuola ad Ostia"},"content":{"rendered":"<p><img decoding=\"async\" src=\"https:\/\/i.ibb.co\/6yHpPGr\/scuola-ostia-1.jpg\" alt=\"scuola-ostia-1\" border=\"0\" \/><br \/>\nQuando la famiglia deve scegliere la<a href=\"https:\/\/www.istitutopallotti.it\/\"> scuola ad Ostia<\/a> per il figlio deve fare insieme a lui delle analisi e delle valutazioni relative al tipo di istituto, nel quale sembra si iscriver\u00e0 che dovrebbe avere delle caratteristiche che vadano a <strong>supportare quella che \u00e8 la sua creativit\u00e0<\/strong> \u00e8 quella che sono anche le sue attitudini, che gli serviranno nella vita per costruirsi un futuro lavorativo e non solo.<\/p>\n<p>Molti esperti quando parlano di scuole lamentano tra le tante cose il fatto che spesso manca un po&#8217; di creativit\u00e0 nell&#8217;offerta formativa: questo \u00e8 un peccato perch\u00e9 i<strong>l rischio \u00e8 quello di annoiare i ragazzi<\/strong> e di non stimolarli a sviluppare le loro capacit\u00e0.<\/p>\n<p>Invece una cosa che potrebbe essere importanti quando si fa questa scelta \u00e8 proprio relativa all&#8217;offerta di quell&#8217;istituto per quanto riguarda gli <strong>aspetti creativi come per esempio i laboratori<\/strong> perch\u00e9 ci sono scuole che decidono di portare avanti delle attivit\u00e0 molto particolari in questo senso come per esempio<strong> la scrittura creativa o il teatro<\/strong> proprio perch\u00e9 hanno l&#8217;obiettivo ambizioso, ma non impossibile, di formare i ragazzi sia per quanto riguarda gli aspetti pi\u00f9 classici della formazione ma anche per quanto riguarda le materie da fare sulle quali non si pu\u00f2 prescindere<\/p>\n<p>Allo stesso tempo per\u00f2 vuole incentivare la voglia di esprimersi che hanno molti di loro che sentono di avere un talento come quelli a cui ci riferviamo poco fa, ma come vedremo tra poco anche lo studio della lingua inglese ha una grande importanza.<\/p>\n<h2>L\u2019importanza della lingua inglese nel percorso formativo dei propri figli<\/h2>\n<p>Uno dei parametri da prendere assolutamente in considerazione, nel momento in cui una coppia di genitori vuole supportare il figlio nella scelta della scuola superiore da frequentare, riguarda l\u2019<strong>apprendimento della lingua inglese.<\/strong><\/p>\n<p>Infatti ancora nel 2022 <strong>la lingua inglese <\/strong>\u00e8 una delle pi\u00f9 importanti nel mondo dal punto di vista delle opportunit\u00e0 professionali che pu\u00f2 offrire sia a livello universitario, e successivamente lavorativo, sia in Italia che all\u2019estero.<\/p>\n<p>Ecco perch\u00e9 nel momento in cui si sceglie una scuola non si pu\u00f2 sottovalutare la possibilit\u00e0 di <strong>accedere a un istituto bilingue<\/strong> dove l \u2018apprendimento della lingua inglese \u00e8 primario. Molto importante \u00e8 anche trovare un istituto che risulti anche <strong>sede degli esami Cambridge, <\/strong>considerando che si tratta di una certificazione assolutamente fondamentale perch\u00e9 offre allo studente la possibilit\u00e0 di dimostrare quello che \u00e8 il suo livello di inglese.<\/p>\n<p>Si tratta quindi di un titolo riconosciuto a livello internazionale, che serve anche per a<strong>ccedere a tante Universit\u00e0 all&#8217;esterno<\/strong> e che \u00e8 molto richiesto dalle grandi aziende e multinazionali.<\/p>\n<p><strong>Studiare per cinque anni una lingua cos\u00ec importante<\/strong> significher\u00e0 per lo studente partire in vantaggio rispetto ai coetanei che frequentano scuole dove non c&#8217;\u00e8 questa possibilit\u00e0, proprio perch\u00e9 riuscir\u00e0 a creare delle basi forte che gli serviranno alla fine del percorso dei 5 anni<\/p>\n<p>Ma che soprattutto sfrutter\u00e0 successivamente per crearsi una carriera gratificante e soddisfacente in Italia o anche all\u2019estero.<\/p>\n<p>Senza una <strong>conoscenza approfondita della lingua inglese <\/strong>le opzioni professionali diminuiscono in maniera significativa: ecco perch\u00e9 la scelta della scuola giusta risulter\u00e0 decisiva.<\/p>\n","protected":false},"excerpt":{"rendered":"<p>Quando la famiglia deve scegliere la scuola ad Ostia per il figlio deve fare insieme a lui delle analisi e delle valutazioni relative al tipo di istituto, nel quale sembra si iscriver\u00e0 che dovrebbe avere delle caratteristiche che vadano a supportare quella che \u00e8 la sua creativit\u00e0 \u00e8 quella che sono anche le sue attitudini, [&hellip;]<\/p>\n","protected":false},"author":241,"featured_media":0,"comment_status":"open","ping_status":"open","sticky":false,"template":"","format":"standard","meta":{"footnotes":""},"categories":[18],"tags":[],"class_list":["post-71740","post","type-post","status-publish","format-standard","hentry","category-altri-vari"],"_links":{"self":[{"href":"https:\/\/www.area-press.eu\/comunicatistampa\/wp-json\/wp\/v2\/posts\/71740","targetHints":{"allow":["GET"]}}],"collection":[{"href":"https:\/\/www.area-press.eu\/comunicatistampa\/wp-json\/wp\/v2\/posts"}],"about":[{"href":"https:\/\/www.area-press.eu\/comunicatistampa\/wp-json\/wp\/v2\/types\/post"}],"author":[{"embeddable":true,"href":"https:\/\/www.area-press.eu\/comunicatistampa\/wp-json\/wp\/v2\/users\/241"}],"replies":[{"embeddable":true,"href":"https:\/\/www.area-press.eu\/comunicatistampa\/wp-json\/wp\/v2\/comments?post=71740"}],"version-history":[{"count":1,"href":"https:\/\/www.area-press.eu\/comunicatistampa\/wp-json\/wp\/v2\/posts\/71740\/revisions"}],"predecessor-version":[{"id":71745,"href":"https:\/\/www.area-press.eu\/comunicatistampa\/wp-json\/wp\/v2\/posts\/71740\/revisions\/71745"}],"wp:attachment":[{"href":"https:\/\/www.area-press.eu\/comunicatistampa\/wp-json\/wp\/v2\/media?parent=71740"}],"wp:term":[{"taxonomy":"category","embeddable":true,"href":"https:\/\/www.area-press.eu\/comunicatistampa\/wp-json\/wp\/v2\/categories?post=71740"},{"taxonomy":"post_tag","embeddable":true,"href":"https:\/\/www.area-press.eu\/comunicatistampa\/wp-json\/wp\/v2\/tags?post=71740"}],"curies":[{"name":"wp","href":"https:\/\/api.w.org\/{rel}","templated":true}]}}