{"id":71582,"date":"2022-10-09T21:13:04","date_gmt":"2022-10-09T19:13:04","guid":{"rendered":"https:\/\/www.area-press.eu\/comunicatistampa\/?p=71582"},"modified":"2023-03-09T14:25:04","modified_gmt":"2023-03-09T13:25:04","slug":"werdn-stanotte-e-il-nuovo-singolo-pop-punk-dellartista-milanese","status":"publish","type":"post","link":"https:\/\/www.area-press.eu\/comunicatistampa\/2022\/10\/09\/werdn-stanotte-e-il-nuovo-singolo-pop-punk-dellartista-milanese\/","title":{"rendered":"WERDN \u201cStanotte\u201d \u00e8 il nuovo singolo pop punk dell&#8217;artista milanese"},"content":{"rendered":"<p style=\"text-align: center\"><i><span style=\"font-weight: 400\">Un alternative pop arricchito da note punk che danno la carica per raccontare un amore velenoso<\/span><\/i><\/p>\n<p><img loading=\"lazy\" decoding=\"async\" class=\"aligncenter\" src=\"https:\/\/lh6.googleusercontent.com\/hmkw6Dhulltx3261KqH5Lzv-Ft4QhLY7lF0EwmwAEbDrql8Z68cESjiosdWXo1_YasqqhefJQJTmOhHY9hlE5xvYIsfGD_nM8Y8hMPUKm6nBKo4wM2O1U52XSo8cK4VIfLUw9l_MqYnorSfJMS8cj6AzMSeQBvcgNAt8JsWw1cKhRCU4btRPEYQSb2qgIMr-b78SwA\" width=\"451\" height=\"451\" \/><\/p>\n<p style=\"text-align: center\"><span style=\"font-weight: 400\">in radio dal 7 ottobre<\/span><\/p>\n<p>&nbsp;<\/p>\n<p><span style=\"font-weight: 400\">L\u2019ultimo singolo di Werdn racconta di un amore tossico, descritto proprio come una dipendenza da sostanze stupefacenti. Le sonorit\u00e0 alternative e trap, contaminate da influenze punk e rap, sottolineano la difficolt\u00e0 dell\u2019artista ad abbandonare questa storia d\u2019amore; \u00e8 cos\u00ec preso da questa ragazza che continua questa relazione anche se si rende conto che non lo fa stare bene. La vena punk rende il brano carico di emozioni, culminando in ultimo ritornello esplosivo.\u00a0<\/span><\/p>\n<p>&nbsp;<\/p>\n<p><span style=\"font-weight: 400\">Radio date: <\/span><b>7 ottobre 2022<\/b><\/p>\n<p><span style=\"font-weight: 400\">Etichetta:<\/span><b> Orangle Srl\u00a0<\/b><\/p>\n<p><a href=\"https:\/\/www.oranglerecords.com\/\"><span style=\"font-weight: 400\">https:\/\/www.oranglerecords.com\/<\/span><\/a><\/p>\n<p><a href=\"https:\/\/www.laltoparlante.it\/\"><span style=\"font-weight: 400\">https:\/\/www.laltoparlante.it\/<\/span><\/a><\/p>\n<p>&nbsp;<\/p>\n<p><b>CONTATTI SOCIAL<\/b><\/p>\n<p>&nbsp;<\/p>\n<p><b>SPOTIFY:<\/b><\/p>\n<p><a href=\"https:\/\/open.spotify.com\/artist\/3nHhNTw0xLkmgPbbTJ3HqC?si=XBeuOSdITJi6QGIUBHqxtQ\"><span style=\"font-weight: 400\">https:\/\/open.spotify.com\/artist\/3nHhNTw0xLkmgPbbTJ3HqC?si=XBeuOSdITJi6QGIUBHqxtQ<\/span><\/a><\/p>\n<p><b>INSTAGRAM:<\/b> <span style=\"font-weight: 400\">https:\/\/www.instagram.com\/werdnnn\/<\/span><\/p>\n<p><b>YOUTUBE<\/b><span style=\"font-weight: 400\">:<\/span><span style=\"font-weight: 400\"> https:\/\/www.youtube.com\/channel\/UCgPrQr-Kg7y257n5ZDp1G0w<\/span><\/p>\n<p><b>YOUTUBE POYO HOUSE:<\/b> <span style=\"font-weight: 400\">https:\/\/www.youtube.com\/channel\/UCFlR_Fsq7ZNuxMpJq-1pOnA<\/span><\/p>\n<p><b>TIKOTOK:<\/b> <span style=\"font-weight: 400\">https:\/\/www.tiktok.com\/@werdnnn?lang=e<\/span><\/p>\n<p>&nbsp;<\/p>\n<p><b>BIO<\/b><\/p>\n<p><span style=\"font-weight: 400\">Filippo Damagio, in arte Werdn, \u00e8 un artista classe 2001 di Milano che ha vissuto il periodo adolescenziale in Spagna, a Barcellona. Proprio a Barcellona si avvicina alla musica Rap, facendo Freestyle fuori scuola durante uno sciopero. Da l\u00ec a poco registrer\u00e0 la sua prima canzone iniziando un percorso di singoli. Il suo percorso musicale inizia a prendere forma dopo il trasferimento a Milano in Poyo House, un collettivo di artisti genovesi, di cui fa attualmente parte. A Maggio 2022, dopo una costante pubblicazione di singoli, esce \u201cStranger Teens\u201d, un Joint-ep Pop-Punk in collaborazione con \u00cbgo, suo coinquilino e a sua volta membro della Poyo House, che conta attualmente pi\u00f9 di 350k di streams su Spotify. Grazie a questo progetto inizier\u00e0 a farsi notare dagli editor delle playlist editoriali di Spotify, riuscendo ad entrare in New Music Friday Italia e Sanguegiovane con il suo ultimo singolo \u201cFacciamo che\u201d. Il suo ultimo singolo \u201cStanotte\u201d sar\u00e0 disponibile il 7 ottobre su tutte le piattaforme digitali.<\/span><\/p>\n","protected":false},"excerpt":{"rendered":"<p>Un alternative pop arricchito da note punk che danno la carica per raccontare un amore velenoso in radio dal 7 ottobre &nbsp; L\u2019ultimo singolo di Werdn racconta di un amore tossico, descritto proprio come una dipendenza da sostanze stupefacenti. Le sonorit\u00e0 alternative e trap, contaminate da influenze punk e rap, sottolineano la difficolt\u00e0 dell\u2019artista ad [&hellip;]<\/p>\n","protected":false},"author":4383,"featured_media":0,"comment_status":"open","ping_status":"open","sticky":false,"template":"","format":"standard","meta":{"footnotes":""},"categories":[12],"tags":[],"class_list":["post-71582","post","type-post","status-publish","format-standard","hentry","category-musica"],"_links":{"self":[{"href":"https:\/\/www.area-press.eu\/comunicatistampa\/wp-json\/wp\/v2\/posts\/71582","targetHints":{"allow":["GET"]}}],"collection":[{"href":"https:\/\/www.area-press.eu\/comunicatistampa\/wp-json\/wp\/v2\/posts"}],"about":[{"href":"https:\/\/www.area-press.eu\/comunicatistampa\/wp-json\/wp\/v2\/types\/post"}],"author":[{"embeddable":true,"href":"https:\/\/www.area-press.eu\/comunicatistampa\/wp-json\/wp\/v2\/users\/4383"}],"replies":[{"embeddable":true,"href":"https:\/\/www.area-press.eu\/comunicatistampa\/wp-json\/wp\/v2\/comments?post=71582"}],"version-history":[{"count":1,"href":"https:\/\/www.area-press.eu\/comunicatistampa\/wp-json\/wp\/v2\/posts\/71582\/revisions"}],"predecessor-version":[{"id":71583,"href":"https:\/\/www.area-press.eu\/comunicatistampa\/wp-json\/wp\/v2\/posts\/71582\/revisions\/71583"}],"wp:attachment":[{"href":"https:\/\/www.area-press.eu\/comunicatistampa\/wp-json\/wp\/v2\/media?parent=71582"}],"wp:term":[{"taxonomy":"category","embeddable":true,"href":"https:\/\/www.area-press.eu\/comunicatistampa\/wp-json\/wp\/v2\/categories?post=71582"},{"taxonomy":"post_tag","embeddable":true,"href":"https:\/\/www.area-press.eu\/comunicatistampa\/wp-json\/wp\/v2\/tags?post=71582"}],"curies":[{"name":"wp","href":"https:\/\/api.w.org\/{rel}","templated":true}]}}