{"id":71510,"date":"2022-10-05T17:35:20","date_gmt":"2022-10-05T15:35:20","guid":{"rendered":"https:\/\/www.area-press.eu\/comunicatistampa\/?p=71510"},"modified":"2022-10-05T17:35:20","modified_gmt":"2022-10-05T15:35:20","slug":"massimo-malvestio-la-carriera-e-lattivita-in-ambito-editoriale-il-focus","status":"publish","type":"post","link":"https:\/\/www.area-press.eu\/comunicatistampa\/2022\/10\/05\/massimo-malvestio-la-carriera-e-lattivita-in-ambito-editoriale-il-focus\/","title":{"rendered":"Massimo Malvestio: la carriera e l\u2019attivit\u00e0 in ambito editoriale, il focus"},"content":{"rendered":"<p><em><strong>Dall&#8217;acquedotto di Valdobbiadene al rischio inflazione: la lungimiranza e la profondit\u00e0 di pensiero dell&#8217;avvocato <a title=\"Massimo Malvestio - Business Post\" href=\"https:\/\/www.businesspost.eu\/tag\/massimo-malvestio\/\">Massimo Malvestio<\/a> sono ancora oggi motivo di notizia.<\/strong><\/em><\/p>\n<p><a title=\"Massimo Malvestio: Business Post\" href=\"https:\/\/www.businesspost.eu\/tag\/massimo-malvestio\/\"><img decoding=\"async\" src=\"https:\/\/www.cultura360.eu\/wp-content\/uploads\/2021\/07\/massimo-malvestio-550x331.jpg\" alt=\"Massimo Malvestio\" width=\"120\" \/><\/a><\/p>\n<h2>Le competenze trasversali di Massimo Malvestio<\/h2>\n<p><strong>Massimo Malvestio<\/strong> guida oggi Praude Asset Management Ltd in qualit\u00e0 di Presidente del Comitato per gli Investimenti: da lui fondata nel 2009, la societ\u00e0 di gestione patrimoniale fornisce servizi di investimento operando su licenza della Malta Financial Services Authority (MFSA). La passione per la finanza si \u00e8 intrecciata di continuo alla lunga attivit\u00e0 professionale nell&#8217;avvocatura per poi <em>&#8220;trovare una forma pi\u00f9 compiuta&#8221;<\/em> in Praude Asset Management Ltd: <em>&#8220;Sono stato un grande amico di Mario Zarattini e ancora prima che si trasferisse a Lugano e fondasse la sua banca molti erano i progetti nel campo finanziario di cui abbiamo discusso insieme&#8221;<\/em>, ha ricordato in un&#8217;intervista rilasciata a inizio anno. Non solo: <strong>Massimo Malvestio<\/strong> ha collaborato per anni con diverse testate tra cui &#8220;Nordesteuropa&#8221; e &#8220;Corriere del Veneto&#8221; analizzando in una serie di editoriali alcune storiche operazioni finanziarie e denunciando problematiche anche di natura politica ancora oggi presenti nel territorio. Il suo punto di vista accorto e lungimirante fa s\u00ec che ancora oggi i suoi editoriali siano riproposti da testate come &#8220;Italy Post&#8221;.<\/p>\n<h2>Massimo Malvestio: la voce dell&#8217;avvocato negli editoriali pubblicati da autorevoli testate<\/h2>\n<p>La lungimiranza dell&#8217;avvocato <a title=\"Massimo Malvestio, Business Post\" href=\"https:\/\/www.businesspost.eu\/tag\/massimo-malvestio\/\">Massimo Malvestio<\/a> riesce ancora oggi a fare notizia. Basti pensare a quanto riportato lo scorso agosto da &#8220;Vicenza Pi\u00f9&#8221; in merito all&#8217;acquedotto di Valdobbiadene, per il quale nelle scorse settimane si sono resi urgenti una serie di interventi sollecitati gi\u00e0 nel 2007, in un editoriale firmato dall&#8217;avvocato: nel bel mezzo della siccit\u00e0 che sta colpendo pesantemente anche il Veneto, a Valdobbiadene, Segusino e Quero-Vas, a causa della crisi idrica, \u00e8 stata ridotta la portata delle reti. Niente di nuovo: &#8220;Vicenza Pi\u00f9&#8221; ha ripreso infatti alcuni stralci dell&#8217;editoriale pubblicato nel 2007 dal &#8220;Corriere del Veneto&#8221; in cui l&#8217;avvocato sottolineava alcune problematiche di funzionamento dell&#8217;acquedotto sollecitando interventi urgenti. Non solo: qualche settimana fa anche &#8220;Venezie Post&#8221; ha intervistato <strong>Massimo Malvestio<\/strong> dopo che lo scorso anno, in una precedente intervista, aveva paventato la possibilit\u00e0 di un rialzo dell&#8217;inflazione al 5%. In molti allora espressero scetticismo: oggi la realt\u00e0 ha invece dato ragione all&#8217;avvocato e la parola &#8220;inflazione&#8221; \u00e8 riemersa prepotentemente nei notiziari e sui giornali con effetti che sono sotto gli occhi di tutti.<\/p>\n","protected":false},"excerpt":{"rendered":"<p>Dall&#8217;acquedotto di Valdobbiadene al rischio inflazione: la lungimiranza e la profondit\u00e0 di pensiero dell&#8217;avvocato Massimo Malvestio sono ancora oggi motivo di notizia. Le competenze trasversali di Massimo Malvestio Massimo Malvestio guida oggi Praude Asset Management Ltd in qualit\u00e0 di Presidente del Comitato per gli Investimenti: da lui fondata nel 2009, la societ\u00e0 di gestione patrimoniale [&hellip;]<\/p>\n","protected":false},"author":40,"featured_media":0,"comment_status":"open","ping_status":"open","sticky":false,"template":"","format":"standard","meta":{"footnotes":""},"categories":[29],"tags":[30477],"class_list":["post-71510","post","type-post","status-publish","format-standard","hentry","category-comunicati","tag-massimo-malvestio"],"_links":{"self":[{"href":"https:\/\/www.area-press.eu\/comunicatistampa\/wp-json\/wp\/v2\/posts\/71510","targetHints":{"allow":["GET"]}}],"collection":[{"href":"https:\/\/www.area-press.eu\/comunicatistampa\/wp-json\/wp\/v2\/posts"}],"about":[{"href":"https:\/\/www.area-press.eu\/comunicatistampa\/wp-json\/wp\/v2\/types\/post"}],"author":[{"embeddable":true,"href":"https:\/\/www.area-press.eu\/comunicatistampa\/wp-json\/wp\/v2\/users\/40"}],"replies":[{"embeddable":true,"href":"https:\/\/www.area-press.eu\/comunicatistampa\/wp-json\/wp\/v2\/comments?post=71510"}],"version-history":[{"count":1,"href":"https:\/\/www.area-press.eu\/comunicatistampa\/wp-json\/wp\/v2\/posts\/71510\/revisions"}],"predecessor-version":[{"id":71511,"href":"https:\/\/www.area-press.eu\/comunicatistampa\/wp-json\/wp\/v2\/posts\/71510\/revisions\/71511"}],"wp:attachment":[{"href":"https:\/\/www.area-press.eu\/comunicatistampa\/wp-json\/wp\/v2\/media?parent=71510"}],"wp:term":[{"taxonomy":"category","embeddable":true,"href":"https:\/\/www.area-press.eu\/comunicatistampa\/wp-json\/wp\/v2\/categories?post=71510"},{"taxonomy":"post_tag","embeddable":true,"href":"https:\/\/www.area-press.eu\/comunicatistampa\/wp-json\/wp\/v2\/tags?post=71510"}],"curies":[{"name":"wp","href":"https:\/\/api.w.org\/{rel}","templated":true}]}}