{"id":71435,"date":"2022-10-05T17:34:52","date_gmt":"2022-10-05T15:34:52","guid":{"rendered":"https:\/\/www.area-press.eu\/comunicatistampa\/?p=71435"},"modified":"2022-10-05T17:34:52","modified_gmt":"2022-10-05T15:34:52","slug":"marco-domizio-lo-smaltimento-dei-rifiuti-in-ares-ambiente","status":"publish","type":"post","link":"https:\/\/www.area-press.eu\/comunicatistampa\/2022\/10\/05\/marco-domizio-lo-smaltimento-dei-rifiuti-in-ares-ambiente\/","title":{"rendered":"Marco Domizio: lo smaltimento dei rifiuti in Ares Ambiente"},"content":{"rendered":"<p><em><strong>Ares Ambiente, societ\u00e0 fondata da <a title=\"Marco Domizio: economia circolare in Ares Ambiente\" href=\"https:\/\/comunicatistampagratis.it\/economia-circolare-in-ares-ambiente-realta-fondata-da-marco-nicola-domizio\/\">Marco Nicola Domizio<\/a>, approfondisce il tema della classificazione dei rifiuti, regolamentata dal Codice Europeo dei Rifiuti e dal D.Lgs. 117\/2020.<\/strong><\/em><\/p>\n<h2>Marco Nicola Domizio: il recupero dei rifiuti in Ares Ambiente<\/h2>\n<p><strong>Ares Ambiente<\/strong>, specializzata nello smaltimento, recupero e trasporto di rifiuti speciali (pericolosi e non pericolosi), \u00e8 stata fondata da <strong>Marco Domizio<\/strong> ed \u00e8 attiva su tutto il territorio nazionale. I rifiuti gestiti dall&#8217;azienda provengono da un&#8217;ampia variet\u00e0 di attivit\u00e0 produttive, di vendita all&#8217;ingrosso e di distribuzione di prodotti appartenenti a diverse categorie merceologiche. Tra queste troviamo: attivit\u00e0 agricole e agro-industriali; attivit\u00e0 di costruzione e demolizione; lavorazioni industriali; lavorazioni artigianali; attivit\u00e0 commerciali; attivit\u00e0 di recupero e smaltimento di rifiuti e fanghi; attivit\u00e0 sanitarie; veicoli fuori uso.<\/p>\n<h2>Marco Domizio: come si classificano i rifiuti<\/h2>\n<p>All&#8217;interno di una societ\u00e0 attenta alla tutela ambientale e promotrice di un&#8217;economia di tipo circolare assume importanza primaria la classificazione dei rifiuti, uno strumento utile per identificare in modo univoco i rifiuti generati da diverse tipologie di attivit\u00e0. L&#8217;azienda guidata da <a title=\"Marco Domizio: le attivit\u00e0 di Ares Ambiente\" href=\"https:\/\/comunicatistampagratis.it\/economia-circolare-in-ares-ambiente-realta-fondata-da-marco-nicola-domizio\/\">Marco Nicola Domizio<\/a> spiega in un approfondimento la normativa vigente in Italia in materia di classificazione dei rifiuti. Quest&#8217;ultima \u00e8 regolamentata dal D.Lgs. 117\/2020 che distingue i rifiuti sulla base della loro origine e della loro pericolosit\u00e0. Una prima distinzione viene fatta tra i rifiuti identificati come urbani e quelli considerati speciali. I primi sono quelli che derivano dalle abitazioni ed il cui smaltimento viene gestito dalle Pubbliche Amministrazioni. I secondi sono quelli che provengono invece dalle attivit\u00e0 produttive. Sia i rifiuti urbani che i rifiuti speciali vengono poi classificati in pericolosi e non pericolosi. A livello europeo, la classificazione avviene sulla base di un codice noto come Codice Europeo dei Rifiuti (CER).<\/p>\n","protected":false},"excerpt":{"rendered":"<p>Ares Ambiente, societ\u00e0 fondata da Marco Nicola Domizio, approfondisce il tema della classificazione dei rifiuti, regolamentata dal Codice Europeo dei Rifiuti e dal D.Lgs. 117\/2020. Marco Nicola Domizio: il recupero dei rifiuti in Ares Ambiente Ares Ambiente, specializzata nello smaltimento, recupero e trasporto di rifiuti speciali (pericolosi e non pericolosi), \u00e8 stata fondata da Marco [&hellip;]<\/p>\n","protected":false},"author":40,"featured_media":0,"comment_status":"open","ping_status":"open","sticky":false,"template":"","format":"standard","meta":{"footnotes":""},"categories":[29],"tags":[32259],"class_list":["post-71435","post","type-post","status-publish","format-standard","hentry","category-comunicati","tag-marco-domizio"],"_links":{"self":[{"href":"https:\/\/www.area-press.eu\/comunicatistampa\/wp-json\/wp\/v2\/posts\/71435","targetHints":{"allow":["GET"]}}],"collection":[{"href":"https:\/\/www.area-press.eu\/comunicatistampa\/wp-json\/wp\/v2\/posts"}],"about":[{"href":"https:\/\/www.area-press.eu\/comunicatistampa\/wp-json\/wp\/v2\/types\/post"}],"author":[{"embeddable":true,"href":"https:\/\/www.area-press.eu\/comunicatistampa\/wp-json\/wp\/v2\/users\/40"}],"replies":[{"embeddable":true,"href":"https:\/\/www.area-press.eu\/comunicatistampa\/wp-json\/wp\/v2\/comments?post=71435"}],"version-history":[{"count":1,"href":"https:\/\/www.area-press.eu\/comunicatistampa\/wp-json\/wp\/v2\/posts\/71435\/revisions"}],"predecessor-version":[{"id":71438,"href":"https:\/\/www.area-press.eu\/comunicatistampa\/wp-json\/wp\/v2\/posts\/71435\/revisions\/71438"}],"wp:attachment":[{"href":"https:\/\/www.area-press.eu\/comunicatistampa\/wp-json\/wp\/v2\/media?parent=71435"}],"wp:term":[{"taxonomy":"category","embeddable":true,"href":"https:\/\/www.area-press.eu\/comunicatistampa\/wp-json\/wp\/v2\/categories?post=71435"},{"taxonomy":"post_tag","embeddable":true,"href":"https:\/\/www.area-press.eu\/comunicatistampa\/wp-json\/wp\/v2\/tags?post=71435"}],"curies":[{"name":"wp","href":"https:\/\/api.w.org\/{rel}","templated":true}]}}