{"id":71313,"date":"2022-10-13T08:01:40","date_gmt":"2022-10-13T06:01:40","guid":{"rendered":"https:\/\/www.area-press.eu\/comunicatistampa\/?p=71313"},"modified":"2022-10-09T22:44:02","modified_gmt":"2022-10-09T20:44:02","slug":"travel-expert-potenzia-lorganico-e-anticipa-il-lancio-di-un-nuovo-brand-a-rimini","status":"publish","type":"post","link":"https:\/\/www.area-press.eu\/comunicatistampa\/2022\/10\/13\/travel-expert-potenzia-lorganico-e-anticipa-il-lancio-di-un-nuovo-brand-a-rimini\/","title":{"rendered":"Travel Expert potenzia l&#8217;organico e anticipa il lancio di un nuovo brand a Rimini"},"content":{"rendered":"<p>La squadra di Travel Expert, societ\u00e0 leader nel settore dei consulenti di viaggio, si arricchisce con l\u2019ingresso di <strong>Valentina Villa in qualit\u00e0 di Responsabile Ufficio Rete e Prenotazioni<\/strong>.<\/p>\n<h2>Nuovo ingresso in Travel Expert<\/h2>\n<p>La Manager avr\u00e0 il compito di coordinare le relazioni tra i Personal Travel Expert e la sede centrale di Milano per <strong>migliorare l\u2019efficienza dei processi di prenotazione e supportare la direzione commerciale<\/strong>, anche in relazione allo sviluppo della rete.<\/p>\n<p>Valentina entra in Travel Expert dopo una lunga carriera nel turismo, cominciata sui banconi di note agenzie di viaggio milanesi e proseguita all\u2019interno di Welcome Travel Group: nel suo curriculum anche impieghi in ambito commerciale e amministrativo e 3 anni di collaborazione con il Gruppo Uvet, come consulente di viaggio.<\/p>\n<h2>Le parole di Davide Volpe, Co-Founder Travel Expert<\/h2>\n<p><strong>Davide Volpe, Co-Founder Travel Expert<\/strong>, dichiara: \u201cL\u2019esperienza acquisita \u201csul campo\u201d come consulente di viaggio garantisce a Valentina non solo la professionalit\u00e0, ma anche la giusta dose di empatia con i Personal Travel Expert, elemento imprescindibile per un lavoro di squadra di successo. La stagione estiva ci ha insegnato che il ruolo dell\u2019intermediazione, pur richiedendo maggiore impegno rispetto al passato, \u00e8 destinato a rimanere a lungo strategico. Il nodo cruciale \u00e8 garantire un customer journey appagante al cliente: questo passa sicuramente da una tecnologia evoluta che abbatte i tempi e le distanze, ma non pu\u00f2 prescindere dalla qualit\u00e0 e dalla preparazione delle risorse umane\u201d.<\/p>\n<h2>Le altre novit\u00e0<\/h2>\n<p>L\u2019inserimento di Valentina Villa non \u00e8 l\u2019unica novit\u00e0 per l\u2019azienda: a un anno dal lancio della collaborazione con blogger e influencer legati al mondo dei viaggi, <strong>Travel Expert annuncia un progetto destinato ad ampliare ulteriormente le potenzialit\u00e0 di vendita per i consulenti del gruppo<\/strong>. L\u2019iniziativa sar\u00e0 presentata in anteprima a Milano nel corso di un incontro riservato ai Personal Travel Expert per poi essere lanciata ufficialmente a TTG Travel Experience.<\/p>\n<p>Il commento di Luigi Porro, Co-Founder Travel Expert<\/p>\n<p><strong>Luigi Porro, Co-Founder Travel Expert<\/strong>, dichiara: \u201cSiamo stati tra i primi sul mercato a intercettare i blogger per costruire viaggi su misura dedicati ai loro follower: il progetto che presenteremo a TTG Travel Experience rappresenta la naturale evoluzione di questa collaborazione. Andremo oltre la realizzazione del viaggio, creando una nuova linea di prodotto che avr\u00e0 un\u2019identit\u00e0 social e intercetter\u00e0 il segmento pi\u00f9 giovane del mercato, costruendo uno storytelling intorno alla vacanza. Abbiamo gi\u00e0 condotto una sperimentazione che ha dato buoni risultati, dimostrando come il progetto sia in linea con il know-how dei Personal Travel Expert e la vocazione digital della nostra azienda\u201d.<\/p>\n<p style=\"text-align: center;\"><strong><br \/>\nTTG TRAVEL EXPERIENCE<\/strong><\/p>\n<p style=\"text-align: center;\"><strong>RIMINI 12\/14 OTTOBRE<\/strong><\/p>\n<p style=\"text-align: center;\"><strong>PAD. C3 \u2013 STAND 133\/134<\/strong><\/p>\n","protected":false},"excerpt":{"rendered":"<p>La squadra di Travel Expert, societ\u00e0 leader nel settore dei consulenti di viaggio, si arricchisce con l\u2019ingresso di Valentina Villa in qualit\u00e0 di Responsabile Ufficio Rete e Prenotazioni. Nuovo ingresso in Travel Expert La Manager avr\u00e0 il compito di coordinare le relazioni tra i Personal Travel Expert e la sede centrale di Milano per migliorare [&hellip;]<\/p>\n","protected":false},"author":49,"featured_media":0,"comment_status":"open","ping_status":"open","sticky":false,"template":"","format":"standard","meta":{"footnotes":""},"categories":[17],"tags":[28356,27735,27732],"class_list":["post-71313","post","type-post","status-publish","format-standard","hentry","category-turismo","tag-davide-volpe","tag-luigi-porro","tag-travel-expert"],"_links":{"self":[{"href":"https:\/\/www.area-press.eu\/comunicatistampa\/wp-json\/wp\/v2\/posts\/71313","targetHints":{"allow":["GET"]}}],"collection":[{"href":"https:\/\/www.area-press.eu\/comunicatistampa\/wp-json\/wp\/v2\/posts"}],"about":[{"href":"https:\/\/www.area-press.eu\/comunicatistampa\/wp-json\/wp\/v2\/types\/post"}],"author":[{"embeddable":true,"href":"https:\/\/www.area-press.eu\/comunicatistampa\/wp-json\/wp\/v2\/users\/49"}],"replies":[{"embeddable":true,"href":"https:\/\/www.area-press.eu\/comunicatistampa\/wp-json\/wp\/v2\/comments?post=71313"}],"version-history":[{"count":2,"href":"https:\/\/www.area-press.eu\/comunicatistampa\/wp-json\/wp\/v2\/posts\/71313\/revisions"}],"predecessor-version":[{"id":71646,"href":"https:\/\/www.area-press.eu\/comunicatistampa\/wp-json\/wp\/v2\/posts\/71313\/revisions\/71646"}],"wp:attachment":[{"href":"https:\/\/www.area-press.eu\/comunicatistampa\/wp-json\/wp\/v2\/media?parent=71313"}],"wp:term":[{"taxonomy":"category","embeddable":true,"href":"https:\/\/www.area-press.eu\/comunicatistampa\/wp-json\/wp\/v2\/categories?post=71313"},{"taxonomy":"post_tag","embeddable":true,"href":"https:\/\/www.area-press.eu\/comunicatistampa\/wp-json\/wp\/v2\/tags?post=71313"}],"curies":[{"name":"wp","href":"https:\/\/api.w.org\/{rel}","templated":true}]}}