{"id":71255,"date":"2022-10-13T08:03:10","date_gmt":"2022-10-13T06:03:10","guid":{"rendered":"https:\/\/www.area-press.eu\/comunicatistampa\/?p=71255"},"modified":"2022-10-09T22:44:14","modified_gmt":"2022-10-09T20:44:14","slug":"logistica-green-bracchi-inaugura-il-nuovo-hub-nel-bresciano","status":"publish","type":"post","link":"https:\/\/www.area-press.eu\/comunicatistampa\/2022\/10\/13\/logistica-green-bracchi-inaugura-il-nuovo-hub-nel-bresciano\/","title":{"rendered":"LOGISTICA GREEN, BRACCHI INAUGURA IL NUOVO HUB NEL BRESCIANO"},"content":{"rendered":"<p><i><span style=\"font-weight: 400;\">Ventimila metri quadri che ospiteranno prodotti industriali e del design in uno spazio certificato Leed Gold. Il colosso della logistica di Bergamo amplia il proprio perimetro d\u2019azione. L\u2019amministratore delegato, Umberto Ferretti: \u201cLa crescita di Bracchi prosegue in chiave sostenibile\u201d<\/span><\/i><\/p>\n<p>&nbsp;<\/p>\n<p><span style=\"font-weight: 400;\">Bracchi aumenta il proprio perimetro di azione con l\u2019inaugurazione di un nuovo hub logistico a Castrezzato, nel Bresciano. Il nuovo spazio si svilupper\u00e0 su 20.000 metri quadri di superficie coperta (in Via Valenca, Polo EST. 35, a meno di un chilometro dallo svincolo di Castrezzato dell&#8217;A35), ed \u00e8 stato progettato secondo elevati standard tecnologici e ambientali.\u00a0<\/span><\/p>\n<p><span style=\"font-weight: 400;\">L\u2019allestimento del magazzino ha comportato un investimento superiore al milione di euro per Bracchi, per uno spazio che in questa prima fase dar\u00e0 lavoro a circa trenta persone. Il polo offre spazi uffici, ampie aree verdi, numerosi parcheggi e baie di carico e sar\u00e0 dedicato ad incontrare la crescente domanda dei settori industriale, del design e del lifestyle. Lo spazio logistico \u00e8 circondato da un\u2019area verde di quasi sessantamila metri quadrati.\u00a0<\/span><\/p>\n<p><span style=\"font-weight: 400;\">\u00c8 interessante in particolare la vocazione green ed ecosostenibile del progetto. La struttura, che Bracchi occuper\u00e0 circa per met\u00e0 degli spazi, ha infatti ottenuto la certificazione \u201cLeed Gold\u201d, un programma di certificazione volontario che premia un approccio orientato alla sostenibilit\u00e0, riconoscendo le prestazioni degli edifici in settori quali il risparmio energetico ed idrico, la riduzione delle emissioni di CO2, il miglioramento della qualit\u00e0 ecologica degli interni, i materiali e le risorse impiegati, il progetto e la scelta del sito. Il sistema di certificazione \u201cLeed Gold\u201d \u00e8 stato sviluppato dalla U.S. Green Building Council (USGBC), di fatto \u00e8 il nuovo standard mondiale per le costruzioni eco-compatibili (viene oggi applicato in 40 paesi diversi) e consente di esaltare le caratteristiche green degli immobili.<\/span><\/p>\n<p><span style=\"font-weight: 400;\">L\u2019amministratore delegato di Bracchi, Umberto Ferretti, commenta cos\u00ec l\u2019inaugurazione. &#8220;Questo nuovo polo logistico di avanguardia ha l&#8217;obiettivo di consolidare la nostra posizione di partner strategici al fianco di aziende nostre clienti che sono leader dei propri settori di riferimento\u201d, dichiara. \u201cUna grande area logistica, immersa nel verde, con accesso velocissimo all\u2019autostrada. Un magazzino innovativo anche per le soluzioni tecnologiche e di risparmio energetico che testimonia il grande impegno di Bracchi sui temi dello sviluppo sostenibile. Quest\u2019area sar\u00e0 strategica per lo sviluppo di Bracchi\u201d.<\/span><\/p>\n<p><span style=\"font-weight: 400;\">All\u2019evento inaugurale hanno presenziato le autorit\u00e0 istituzionali, i top client di Bracchi, il presidente del fondo IGI Private Equity Matteo Cirla, tutto il Cda e il management di Bracchi guidato dall\u2019ad Umberto Ferretti.<\/span><\/p>\n<p><span style=\"font-weight: 400;\">L\u2019operazione segna un nuovo traguardo nel percorso di crescita di Bracchi, che nel 2021 ha registrato un fatturato di 158 milioni di euro (nel 2020 il fatturato \u00e8 stato di 142 milioni). Un nuovo importante snodo logistico nella mappa di Bracchi, che conta sedi in Italia, Germania, Polonia e Slovacchia. Un hub strategicamente locato lungo l\u2019autostrada A35 BreBeMi, una delle principali arterie stradali del Nord Italia e in particolare dell\u2019area \u201cGreater Milan\u201d.\u00a0<\/span><\/p>\n<p>&nbsp;<\/p>\n<p><b>SCHEDA AZIENDALE &#8211; BRACCHI<\/b><\/p>\n<p><span style=\"font-weight: 400;\">Bracchi viene fondata nel 1928 come azienda di trasporto locale. Negli anni ha ampliato la sua presenza affermandosi come realt\u00e0 di rilievo prima a livello nazionale e poi, con l\u2019ampliamento del proprio network logistico e i primi investimenti nel trasporto marittimo e aereo, in Europa e nel mondo. L\u2019espansione della propria flotta mezzi ed i progetti di logistica integrata e in outsourcing hanno permesso all\u2019azienda di imporsi in settori di nicchia altamente strategici, in cui \u00e8 leader europeo da oltre 40 anni. All\u2019headquarter di Fara Gera d\u2019Adda (in provincia di Bergamo), dove vengono coordinate tutte le operazioni a livello nazionale ed europeo, si sono presto aggiunte le filiali estere di Bracchi con sede a Lublin in Polonia, Levice e Kostoln\u00e9 Kra\u010dany in Slovacchia, dedicati alla logistica e alla distribuzione di ascensori e consumer goods nell&#8217;Est Europa, e di Ettenheim in Germania: un polo logistico di 44.000 metri quadri di superficie coperta, dotato delle tecnologie pi\u00f9 avanzate e in una posizione strategica per la gestione del traffico europeo. Il 2018 segna un nuovo importante traguardo: l\u2019acquisizione di Bas Group, realt\u00e0 storica di Bassano del Grappa, nel Vicentino, formata da quattro aziende di trasporti e logistica specializzate nei pi\u00f9 vari settori, dal food al beverage, dal fashion all&#8217;e-commerce. Nel 2020 \u00e8 la volta di Peterlini, azienda con sede in provincia di Parma specializzata nel trasporto tecnico eccezionale fino a 100 tonnellate. Grazie a queste acquisizioni Bracchi consolida la sua leadership ampliando la propria offerta a nuovi business strategici e aree geografiche, operando nei settori industriale, agricolo, ascensoristico, chimico e della cosmesi, fashion, food &amp; beverage, e-commerce, retail &amp; Gdo. Oggi Bracchi lavora su undici poli logistici e sette filiali regionali per un totale di 300.000 metri quadri di magazzini complessivi, gli occupati sono circa 650 presenti nei diversi stabilimenti. Nel 2021 il gruppo ha chiuso con vendite sopra i 158 milioni di euro, in crescita sui 142 milioni del 2020. Per ulteriori informazioni: www.bracchi.it.<\/span><\/p>\n","protected":false},"excerpt":{"rendered":"<p>Ventimila metri quadri che ospiteranno prodotti industriali e del design in uno spazio certificato Leed Gold. Il colosso della logistica di Bergamo amplia il proprio perimetro d\u2019azione. L\u2019amministratore delegato, Umberto Ferretti: \u201cLa crescita di Bracchi prosegue in chiave sostenibile\u201d &nbsp; Bracchi aumenta il proprio perimetro di azione con l\u2019inaugurazione di un nuovo hub logistico a [&hellip;]<\/p>\n","protected":false},"author":7369,"featured_media":0,"comment_status":"open","ping_status":"open","sticky":false,"template":"","format":"standard","meta":{"footnotes":""},"categories":[8],"tags":[],"class_list":["post-71255","post","type-post","status-publish","format-standard","hentry","category-eventi"],"_links":{"self":[{"href":"https:\/\/www.area-press.eu\/comunicatistampa\/wp-json\/wp\/v2\/posts\/71255","targetHints":{"allow":["GET"]}}],"collection":[{"href":"https:\/\/www.area-press.eu\/comunicatistampa\/wp-json\/wp\/v2\/posts"}],"about":[{"href":"https:\/\/www.area-press.eu\/comunicatistampa\/wp-json\/wp\/v2\/types\/post"}],"author":[{"embeddable":true,"href":"https:\/\/www.area-press.eu\/comunicatistampa\/wp-json\/wp\/v2\/users\/7369"}],"replies":[{"embeddable":true,"href":"https:\/\/www.area-press.eu\/comunicatistampa\/wp-json\/wp\/v2\/comments?post=71255"}],"version-history":[{"count":2,"href":"https:\/\/www.area-press.eu\/comunicatistampa\/wp-json\/wp\/v2\/posts\/71255\/revisions"}],"predecessor-version":[{"id":71647,"href":"https:\/\/www.area-press.eu\/comunicatistampa\/wp-json\/wp\/v2\/posts\/71255\/revisions\/71647"}],"wp:attachment":[{"href":"https:\/\/www.area-press.eu\/comunicatistampa\/wp-json\/wp\/v2\/media?parent=71255"}],"wp:term":[{"taxonomy":"category","embeddable":true,"href":"https:\/\/www.area-press.eu\/comunicatistampa\/wp-json\/wp\/v2\/categories?post=71255"},{"taxonomy":"post_tag","embeddable":true,"href":"https:\/\/www.area-press.eu\/comunicatistampa\/wp-json\/wp\/v2\/tags?post=71255"}],"curies":[{"name":"wp","href":"https:\/\/api.w.org\/{rel}","templated":true}]}}