{"id":70891,"date":"2022-09-13T08:08:39","date_gmt":"2022-09-13T06:08:39","guid":{"rendered":"https:\/\/www.area-press.eu\/comunicatistampa\/?p=70891"},"modified":"2022-09-13T08:08:39","modified_gmt":"2022-09-13T06:08:39","slug":"andrea-mascetti-nelladvisory-board-di-valore-italia-le-considerazioni","status":"publish","type":"post","link":"https:\/\/www.area-press.eu\/comunicatistampa\/2022\/09\/13\/andrea-mascetti-nelladvisory-board-di-valore-italia-le-considerazioni\/","title":{"rendered":"Andrea Mascetti nell\u2019Advisory Board di Valore Italia: le considerazioni"},"content":{"rendered":"<p><em><strong>Le competenze di <a title=\"Andrea Mascetti: il profilo professionale\" href=\"https:\/\/www.executivemanager.it\/Andrea-Mascetti\/\">Andrea Mascetti<\/a> al servizio di Valore Italia: &#8220;Per me \u00e8 quindi un onore far parte dell&#8217;Advisory Board insieme a un gruppo di persone con competenze elevate&#8221;.<\/strong><\/em><\/p>\n<p><a title=\"Andrea Mascetti: la biografia - Executive Manager\" href=\"https:\/\/www.executivemanager.it\/Andrea-Mascetti\/\"><img decoding=\"async\" src=\"https:\/\/www.executivemanager.it\/images\/comprofiler\/0_5e4fb5cda8ee1.png\" alt=\"Andrea Mascetti\" width=\"120\" \/><\/a><\/p>\n<h2>Andrea Mascetti: Valore Italia, i dettagli dell&#8217;iniziativa<\/h2>\n<p>Ne ha sottolineato il carattere innovativo <strong>Andrea Mascetti<\/strong>, entrato a far parte di Valore Italia lo scorso febbraio. Centro di ricerca e Alta formazione dedicato al restauro e alla conservazione e valorizzazione del Patrimonio culturale e artistico, nasce nel 2019 sotto forma di impresa sociale per rilanciare la Scuola di Restauro di Botticino: promosso da Fondazione Enaip e Umana Forma, punta a favorire l&#8217;immissione sul mercato del lavoro di professionisti ed operatori altamente qualificati a cui d\u00e0 la possibilit\u00e0 di studiare le pi\u00f9 innovative metodologie da applicare al restauro, la conservazione e la valorizzazione del Patrimonio Culturale. <em>&#8220;Per me \u00e8 quindi un onore far parte dell&#8217;Advisory Board insieme a un gruppo di persone con competenze elevate&#8221;<\/em>, ha sottolineato in occasione della nomina <strong>Andrea Mascetti<\/strong>.<\/p>\n<h2>Andrea Mascetti: onorato di far parte dell&#8217;Advisory Board insieme a un gruppo di persone con competenze elevate<\/h2>\n<p>Valore Italia <em>&#8220;diventer\u00e0 un soggetto importantissimo in questo ambito&#8221;<\/em>: <a title=\"Andrea Mascetti: gli incarichi professionali\" href=\"https:\/\/www.executivemanager.it\/Andrea-Mascetti\/\">Andrea Mascetti<\/a> lo afferma nel video in cui evidenzia il valore dell&#8217;iniziativa nonch\u00e9 la soddisfazione nel farne parte. Quello assunto da Valore Italia infatti non \u00e8 solamente un impegno ma anche una responsabilit\u00e0: formare i futuri restauratori e gli esperti che si dovranno assumere il compito di questa tutela implica infatti la capacit\u00e0 di acquisire una vision a 360\u00b0 focalizzata non solo sullo specifico ambito di attivit\u00e0 ma anche in materia di cultura e di lavoro, come rileva <strong>Andrea Mascetti<\/strong> parlandone non a caso come di un luogo dinamico e interdisciplinare, innovativo e sperimentale. Dallo scorso febbraio dunque Valore Italia pu\u00f2 contare anche sulle competenze e sulla sua esperienza, maturata anche in Fondazione Cariplo in qualit\u00e0 di Coordinatore dell&#8217;Area arte e cultura e membro della commissione centrale di beneficenza.<\/p>\n","protected":false},"excerpt":{"rendered":"<p>Le competenze di Andrea Mascetti al servizio di Valore Italia: &#8220;Per me \u00e8 quindi un onore far parte dell&#8217;Advisory Board insieme a un gruppo di persone con competenze elevate&#8221;. Andrea Mascetti: Valore Italia, i dettagli dell&#8217;iniziativa Ne ha sottolineato il carattere innovativo Andrea Mascetti, entrato a far parte di Valore Italia lo scorso febbraio. Centro [&hellip;]<\/p>\n","protected":false},"author":40,"featured_media":0,"comment_status":"open","ping_status":"open","sticky":false,"template":"","format":"standard","meta":{"footnotes":""},"categories":[29],"tags":[22151],"class_list":["post-70891","post","type-post","status-publish","format-standard","hentry","category-comunicati","tag-andrea-mascetti"],"_links":{"self":[{"href":"https:\/\/www.area-press.eu\/comunicatistampa\/wp-json\/wp\/v2\/posts\/70891","targetHints":{"allow":["GET"]}}],"collection":[{"href":"https:\/\/www.area-press.eu\/comunicatistampa\/wp-json\/wp\/v2\/posts"}],"about":[{"href":"https:\/\/www.area-press.eu\/comunicatistampa\/wp-json\/wp\/v2\/types\/post"}],"author":[{"embeddable":true,"href":"https:\/\/www.area-press.eu\/comunicatistampa\/wp-json\/wp\/v2\/users\/40"}],"replies":[{"embeddable":true,"href":"https:\/\/www.area-press.eu\/comunicatistampa\/wp-json\/wp\/v2\/comments?post=70891"}],"version-history":[{"count":1,"href":"https:\/\/www.area-press.eu\/comunicatistampa\/wp-json\/wp\/v2\/posts\/70891\/revisions"}],"predecessor-version":[{"id":70892,"href":"https:\/\/www.area-press.eu\/comunicatistampa\/wp-json\/wp\/v2\/posts\/70891\/revisions\/70892"}],"wp:attachment":[{"href":"https:\/\/www.area-press.eu\/comunicatistampa\/wp-json\/wp\/v2\/media?parent=70891"}],"wp:term":[{"taxonomy":"category","embeddable":true,"href":"https:\/\/www.area-press.eu\/comunicatistampa\/wp-json\/wp\/v2\/categories?post=70891"},{"taxonomy":"post_tag","embeddable":true,"href":"https:\/\/www.area-press.eu\/comunicatistampa\/wp-json\/wp\/v2\/tags?post=70891"}],"curies":[{"name":"wp","href":"https:\/\/api.w.org\/{rel}","templated":true}]}}