{"id":70779,"date":"2022-09-08T13:04:18","date_gmt":"2022-09-08T11:04:18","guid":{"rendered":"https:\/\/www.area-press.eu\/comunicatistampa\/?p=70779"},"modified":"2022-09-08T13:04:18","modified_gmt":"2022-09-08T11:04:18","slug":"mercato-immobili-in-autunno-cosa-dicono-gli-agenti-immobiliari","status":"publish","type":"post","link":"https:\/\/www.area-press.eu\/comunicatistampa\/2022\/09\/08\/mercato-immobili-in-autunno-cosa-dicono-gli-agenti-immobiliari\/","title":{"rendered":"Mercato immobili in autunno: cosa dicono gli agenti immobiliari"},"content":{"rendered":"<p>Con il primo semestre chiuso in positivo, forte di una crescita del 4,6% tendenziale dei prezzi delle case nei primi tre mesi e una possibile riconferma anche per il trimestre aprile-giugno (fonte Banca d\u2019Italia), \u00e8 tempo di previsioni per il comparto immobiliare italiano.<\/p>\n<p>A farle \u00e8 sempre la Banca d\u2019Italia, sentito il parere degli esperti del settore come l\u2019<a href=\"http:\/\/www.cambiocasasrl.biz\/agenzia-immobiliare\"><strong><u>agenzia immobiliare a Taranto<\/u><\/strong><\/a> Cambio Casa, ovvero ben 1465 agenti professionisti per i quali fattori come inflazione, caro-bollette e conflitto in Ucraina incideranno e non poco su domanda e prezzi delle abitazioni, quest\u2019ultime date purtroppo al ribasso.<\/p>\n<p>Elementi decisivi che tuttavia sembrano non intaccare una categoria di immobili, e cio\u00e8 quella delle case di nuova costruzione o con un buon livello di manutenzione, in sostanza un modello di abitazione in grado di garantire un alto grado di efficienza energetica e quindi risparmi consistenti sui consumi.<\/p>\n<p>Altrettanto importante sono la comodit\u00e0 e gli spazi verdi: cresce la ricerca di case lontane dal caos del centro citt\u00e0. Non \u00e8 un caso, infatti, che quelle che un tempo venivano considerate seconde case in campagna o in montagna siano oggi diventate le prime, soprattutto grazie all\u2019avvento dello smart working innescato dalla pandemia.<\/p>\n","protected":false},"excerpt":{"rendered":"<p>Con il primo semestre chiuso in positivo, forte di una crescita del 4,6% tendenziale dei prezzi delle case nei primi tre mesi e una possibile riconferma anche per il trimestre aprile-giugno (fonte Banca d\u2019Italia), \u00e8 tempo di previsioni per il comparto immobiliare italiano. A farle \u00e8 sempre la Banca d\u2019Italia, sentito il parere degli esperti [&hellip;]<\/p>\n","protected":false},"author":5108,"featured_media":0,"comment_status":"open","ping_status":"open","sticky":false,"template":"","format":"standard","meta":{"footnotes":""},"categories":[7],"tags":[20888,27443,20544],"class_list":["post-70779","post","type-post","status-publish","format-standard","hentry","category-economia-e-finanza","tag-agenzia-immobiliare-taranto","tag-case-in-affitto-taranto","tag-case-in-vendita-taranto"],"_links":{"self":[{"href":"https:\/\/www.area-press.eu\/comunicatistampa\/wp-json\/wp\/v2\/posts\/70779","targetHints":{"allow":["GET"]}}],"collection":[{"href":"https:\/\/www.area-press.eu\/comunicatistampa\/wp-json\/wp\/v2\/posts"}],"about":[{"href":"https:\/\/www.area-press.eu\/comunicatistampa\/wp-json\/wp\/v2\/types\/post"}],"author":[{"embeddable":true,"href":"https:\/\/www.area-press.eu\/comunicatistampa\/wp-json\/wp\/v2\/users\/5108"}],"replies":[{"embeddable":true,"href":"https:\/\/www.area-press.eu\/comunicatistampa\/wp-json\/wp\/v2\/comments?post=70779"}],"version-history":[{"count":1,"href":"https:\/\/www.area-press.eu\/comunicatistampa\/wp-json\/wp\/v2\/posts\/70779\/revisions"}],"predecessor-version":[{"id":70780,"href":"https:\/\/www.area-press.eu\/comunicatistampa\/wp-json\/wp\/v2\/posts\/70779\/revisions\/70780"}],"wp:attachment":[{"href":"https:\/\/www.area-press.eu\/comunicatistampa\/wp-json\/wp\/v2\/media?parent=70779"}],"wp:term":[{"taxonomy":"category","embeddable":true,"href":"https:\/\/www.area-press.eu\/comunicatistampa\/wp-json\/wp\/v2\/categories?post=70779"},{"taxonomy":"post_tag","embeddable":true,"href":"https:\/\/www.area-press.eu\/comunicatistampa\/wp-json\/wp\/v2\/tags?post=70779"}],"curies":[{"name":"wp","href":"https:\/\/api.w.org\/{rel}","templated":true}]}}